{"id":32,"name":"Lucien Zumhoffen","url":"","description":"Est \u00e9tudiant en fran\u00e7ais et histoire contemporaine \u00e0 l\u2019Universit\u00e9 de Fribourg. En parall\u00e8le de ses \u00e9tudes, il est danseur et participe \u00e0 de multiples projets artistiques.","link":"https:\/\/www.unifr.ch\/alma-georges\/articles\/author\/lucien-zumhoffen","slug":"lucien-zumhoffen","avatar_urls":{"24":"https:\/\/secure.gravatar.com\/avatar\/555801c40636a27706eabcbc03f07c9b?s=24&d=mm&r=g","48":"https:\/\/secure.gravatar.com\/avatar\/555801c40636a27706eabcbc03f07c9b?s=48&d=mm&r=g","96":"https:\/\/secure.gravatar.com\/avatar\/555801c40636a27706eabcbc03f07c9b?s=96&d=mm&r=g"},"meta":[],"_links":{"self":[{"href":"https:\/\/www.unifr.ch\/alma-georges\/wp-json\/wp\/v2\/users\/32"}],"collection":[{"href":"https:\/\/www.unifr.ch\/alma-georges\/wp-json\/wp\/v2\/users"}]}}