{"id":14,"name":"Philippe Morel","url":"","description":"A \u00e9tudi\u00e9 les Sciences de la Terre \u00e0 l'Universit\u00e9 de Neuch\u00e2tel, puis travaill\u00e9 en tant que r\u00e9dacteur au Service de communication du Fonds national suisse. Parall\u00e8lement \u00e0 son activit\u00e9 de r\u00e9dacteur ind\u00e9pendant, il collabore actuellement avec la revue TRAC\u00c9S.","link":"https:\/\/www.unifr.ch\/alma-georges\/articles\/author\/science_comoutlook-com","slug":"science_comoutlook-com","avatar_urls":{"24":"https:\/\/secure.gravatar.com\/avatar\/1d7ca0032205d45ad9bda5755e3cc17a?s=24&d=mm&r=g","48":"https:\/\/secure.gravatar.com\/avatar\/1d7ca0032205d45ad9bda5755e3cc17a?s=48&d=mm&r=g","96":"https:\/\/secure.gravatar.com\/avatar\/1d7ca0032205d45ad9bda5755e3cc17a?s=96&d=mm&r=g"},"meta":[],"_links":{"self":[{"href":"https:\/\/www.unifr.ch\/alma-georges\/wp-json\/wp\/v2\/users\/14"}],"collection":[{"href":"https:\/\/www.unifr.ch\/alma-georges\/wp-json\/wp\/v2\/users"}]}}