{"id":9962,"date":"2020-02-03T10:13:41","date_gmt":"2020-02-03T09:13:41","guid":{"rendered":"https:\/\/www3.unifr.ch\/alma-georges?p=9962"},"modified":"2020-03-04T13:00:32","modified_gmt":"2020-03-04T12:00:32","slug":"ces-etudiant%c2%b7e%c2%b7s-qui-font-luni-kaziwa","status":"publish","type":"post","link":"https:\/\/www.unifr.ch\/alma-georges\/articles\/2020\/ces-etudiant%c2%b7e%c2%b7s-qui-font-luni-kaziwa","title":{"rendered":"Ces \u00e9tudiant\u00b7e\u00b7s qui font l\u2019uni: Kaziwa (3\/13)"},"content":{"rendered":"<h4><strong>Ses convictions, elle les slame \u00e0 l\u2019oral et les clame \u00e0 l\u2019\u00e9crit. Kaziwa Raim, r\u00e9dactrice en chef de Spectrum, milite pour une presse engag\u00e9e. <div class=\"clear\" style=\"height:20px\"><\/div><\/strong><\/h4>\n<p><strong> D&rsquo;o\u00f9 t&rsquo;es venue l&rsquo;id\u00e9e d\u2019\u00e9crire pour Spectrum?<\/strong><br \/>\nJ\u2019ai toujours aim\u00e9 \u00e9crire et m\u2019exprimer sur certains sujets qui me tiennent \u00e0 c\u0153ur. J\u2019ai d\u00e9but\u00e9 \u00e0 la Fribune, le journal en ligne des \u00e9tudiants, avant de rejoindre Spectrum. Je souhaitais me frotter \u00e0 un autre m\u00e9dia, \u00e0 un autre format. J\u2019\u00e9tais de surcro\u00eet dans une phase de ma vie o\u00f9 je voulais tester d\u2019autres choses.<\/p>\n<p><strong>Avais-tu d\u00e9j\u00e0 le poste de r\u00e9dactrice en cheffe en ligne de mire?<br \/>\n<\/strong>Non, mais quand la place s\u2019est lib\u00e9r\u00e9e, je me suis mise sur les rangs. J\u2019avais des id\u00e9es et l\u2019envie de les partager.<\/p>\n<p><strong>Suis-tu un plan de carri\u00e8re?<br \/>\n<\/strong>Absolument pas! Moi, mon r\u00eave, c\u2019\u00e9tait de devenir \u00e9crivaine et mon ambition, plus pragmatiquement, de devenir enseignante. Je n\u2019avais jamais pr\u00e9vu de devenir journaliste. Je r\u00e9alise que \u00e7a me pla\u00eet vraiment, m\u00eame si je ne suis pas certaine d\u2019en faire mon m\u00e9tier. A voir!<\/p>\n<p><strong>En somme, que fait une r\u00e9dactrice en cheffe?<br \/>\n<\/strong>Avec Selina Grossrieder, ma coll\u00e8gue germanophone, nous veillons \u00e0 la qualit\u00e9 du magazine. On doit venir avec des id\u00e9es, de l\u2019actu. On d\u00e9finit ensuite en s\u00e9ance de comit\u00e9 la th\u00e9matique des prochains num\u00e9ros. Chaque membre de la r\u00e9daction peut venir avec ses propres suggestions. Nous devons ensuite les coacher, leur expliquer ce qu\u2019est le style journalistique, comment mener une interview ou encore comment distinguer les faits de l\u2019opinion.<\/p>\n<p><strong>Faut-il \u00eatre de gauche pour \u00eatre \u00e0 la t\u00eate de Spectrum?<br \/>\n<\/strong>Pas du tout! De toute mani\u00e8re, nous ne pouvons rien d\u00e9cider toutes seules puisque nous devons prendre en compte l\u2019avis du comit\u00e9. Il y aussi une rotation rapide des membres de Spectrum qui, chacun \u00e0 sa fa\u00e7on, am\u00e8ne ses propres id\u00e9es et valeurs. Nous marquons toutefois le journal de notre patte. Avant que Selina et moi prenions la direction de Spectrum, le ton de \u00e9tait plus neutre, plus consensuel.<\/p>\n<div id=\"attachment_9970\" style=\"width: 690px\" class=\"wp-caption alignright\"><a href=\"https:\/\/www.unifr.ch\/alma-georges\/wp-content\/uploads\/2019\/12\/DSC03582.jpg\"><img aria-describedby=\"caption-attachment-9970\" decoding=\"async\" loading=\"lazy\" class=\"wp-image-9970 size-large\" src=\"https:\/\/www.unifr.ch\/alma-georges\/wp-content\/uploads\/2019\/12\/DSC03582-1024x683.jpg\" alt=\"\" width=\"680\" height=\"454\" srcset=\"https:\/\/www.unifr.ch\/alma-georges\/wp-content\/uploads\/2019\/12\/DSC03582-1024x683.jpg 1024w, https:\/\/www.unifr.ch\/alma-georges\/wp-content\/uploads\/2019\/12\/DSC03582-300x200.jpg 300w, https:\/\/www.unifr.ch\/alma-georges\/wp-content\/uploads\/2019\/12\/DSC03582-768x512.jpg 768w\" sizes=\"(max-width: 680px) 100vw, 680px\" \/><\/a><p id=\"caption-attachment-9970\" class=\"wp-caption-text\">Kaziwa Raim, \u00e9tudiante en Master de philosophie et de fran\u00e7ais<\/p><\/div>\n<p><strong>En prenant position, tu t&rsquo;exposes \u00e0 la critique?<br \/>\n<\/strong>Il y a des gens qui adorent notre travail, d\u2019autres qui le d\u00e9testent. Personne ne semble indiff\u00e9rent et, \u00e7a, c&rsquo;est tr\u00e8s bon signe pour un m\u00e9dia. Il ne faut toutefois pas prendre les remarques personnellement et, de mani\u00e8re g\u00e9n\u00e9rale, les retours sont tr\u00e8s positifs!<\/p>\n<p><strong>Mais les \u00e9tudiants lisent-ils encore?<br \/>\n<\/strong>Bien s\u00fbr! La preuve? Les journaux s\u2019arrachent comme des petits pains! Nous avons aussi d\u00e9velopp\u00e9 notre site web avec des vid\u00e9os, des codes QR et \u00e7a marche plut\u00f4t bien.<\/p>\n<p><iframe loading=\"lazy\" src=\"https:\/\/www.youtube.com\/embed\/4kTaVJ41hqw\" width=\"560\" height=\"315\" frameborder=\"0\" allowfullscreen=\"allowfullscreen\"><\/iframe><br \/>\n<strong>Est-ce que ton engagement empi\u00e8te sur tes \u00e9tudes?<br \/>\n<\/strong>A fond! Et comme on n\u2019est pas r\u00e9mun\u00e9r\u00e9 \u00e0 la hauteur du travail fourni \u2013 ce dont je ne me plains pas \u2013 , on doit \u00abtaffer\u00bb \u00e0 c\u00f4t\u00e9. Je m\u2019occupe notamment de la page jeune de la Libert\u00e9. Mais c\u2019est uniquement la passion qui nous motive, les rencontres surtout, comme celles r\u00e9centes avec Chimananda Ngozie Adichie et le slammeur Narcisse.<\/p>\n<div class=\"clear\" style=\"height:20px\"><\/div>\n<div style=\"background-color: orange; font-size: 100%; padding: 1em;\">\n<h3><strong>Questionnaire existentiel express<br \/>\n<\/strong><\/h3>\n<p><strong>La vie d\u2019\u00e9tudiant-e, c\u2019est une vie de\u2026.<br \/>\n<\/strong>&#8230;de cam\u00e9l\u00e9on. On doit tout le temps s\u2019adapter.<\/p>\n<p><strong>Dipl\u00f4me en poche, que feras-tu de ta vie?<br \/>\n<\/strong>Faire des projets nouveaux, encore et encore.<\/p>\n<p><strong>Dans 20 ans, comment vois-tu ta vie?<br \/>\n<\/strong>Je vois ma vie&#8230; floue.<\/p>\n<p><strong>Le r\u00eave de ta vie?<br \/>\n<\/strong>Ecrire un livre et changer les choses.<\/p>\n<p><strong>Le regret de ta vie?<br \/>\n<\/strong>Je n\u2019en ai pas d\u2019assez forts pour m\u2019en rappeler.<\/p>\n<p><strong>Le sens de la vie?<br \/>\n<\/strong>\u00c7a va para\u00eetre na\u00eff, mais je dirais aimer.<\/p>\n<p><strong>Une devise pour la vie?<br \/>\n<\/strong>Il faut oser!<\/p>\n<p><strong>Sur ton lit de mort, en jetant un \u0153il dans le r\u00e9troviseur, tu te diras que ta vie\u2026<br \/>\n<\/strong>C\u2019\u00e9tait tendre, euh non! (Elle h\u00e9site) Que c\u2019\u00e9tait plein!<\/p>\n<\/div>\n<div class=\"clear\" style=\"height:20px\"><\/div>\n<span style=\"color: #ff6600;\">_________<\/span><\/p>\n<div class=\"clear\" style=\"height:20px\"><\/div>\n<ul>\n<li><a href=\"https:\/\/student.unifr.ch\/spectrum\/\">Spectrum<\/a><\/li>\n<\/ul>\n<p>&nbsp;<\/p>\n<p>&nbsp;<\/p>\n<p>&nbsp;<\/p>\n<p>&nbsp;<\/p>\n<p>&nbsp;<\/p>\n<p>&nbsp;<\/p>\n","protected":false},"excerpt":{"rendered":"<p>Ses convictions, elle les slame \u00e0 l\u2019oral et les clame \u00e0 l\u2019\u00e9crit. Kaziwa Raim, r\u00e9dactrice en chef de Spectrum, milite pour une presse engag\u00e9e. D&rsquo;o\u00f9 t&rsquo;es venue l&rsquo;id\u00e9e d\u2019\u00e9crire pour Spectrum? J\u2019ai toujours aim\u00e9 \u00e9crire et m\u2019exprimer sur certains sujets qui me tiennent \u00e0 c\u0153ur. J\u2019ai d\u00e9but\u00e9 \u00e0 la Fribune, le journal en ligne des \u00e9tudiants, avant de rejoindre Spectrum. Je souhaitais me frotter \u00e0 un autre m\u00e9dia, \u00e0 un autre format. J\u2019\u00e9tais de surcro\u00eet dans une phase de ma vie o\u00f9 je voulais tester d\u2019autres choses. Avais-tu d\u00e9j\u00e0 le poste de r\u00e9dactrice en cheffe en ligne de mire? Non,<\/p>\n","protected":false},"author":13,"featured_media":9967,"comment_status":"open","ping_status":"closed","sticky":true,"template":"","format":"standard","meta":{"footnotes":""},"categories":[86,75],"tags":[980,128,945],"_links":{"self":[{"href":"https:\/\/www.unifr.ch\/alma-georges\/wp-json\/wp\/v2\/posts\/9962"}],"collection":[{"href":"https:\/\/www.unifr.ch\/alma-georges\/wp-json\/wp\/v2\/posts"}],"about":[{"href":"https:\/\/www.unifr.ch\/alma-georges\/wp-json\/wp\/v2\/types\/post"}],"author":[{"embeddable":true,"href":"https:\/\/www.unifr.ch\/alma-georges\/wp-json\/wp\/v2\/users\/13"}],"replies":[{"embeddable":true,"href":"https:\/\/www.unifr.ch\/alma-georges\/wp-json\/wp\/v2\/comments?post=9962"}],"version-history":[{"count":7,"href":"https:\/\/www.unifr.ch\/alma-georges\/wp-json\/wp\/v2\/posts\/9962\/revisions"}],"predecessor-version":[{"id":10359,"href":"https:\/\/www.unifr.ch\/alma-georges\/wp-json\/wp\/v2\/posts\/9962\/revisions\/10359"}],"wp:featuredmedia":[{"embeddable":true,"href":"https:\/\/www.unifr.ch\/alma-georges\/wp-json\/wp\/v2\/media\/9967"}],"wp:attachment":[{"href":"https:\/\/www.unifr.ch\/alma-georges\/wp-json\/wp\/v2\/media?parent=9962"}],"wp:term":[{"taxonomy":"category","embeddable":true,"href":"https:\/\/www.unifr.ch\/alma-georges\/wp-json\/wp\/v2\/categories?post=9962"},{"taxonomy":"post_tag","embeddable":true,"href":"https:\/\/www.unifr.ch\/alma-georges\/wp-json\/wp\/v2\/tags?post=9962"}],"curies":[{"name":"wp","href":"https:\/\/api.w.org\/{rel}","templated":true}]}}