{"id":9944,"date":"2019-12-11T14:40:48","date_gmt":"2019-12-11T13:40:48","guid":{"rendered":"https:\/\/www3.unifr.ch\/alma-georges?p=9944"},"modified":"2020-01-28T13:16:00","modified_gmt":"2020-01-28T12:16:00","slug":"nos-bibliotheques-entre-les-lignes-2","status":"publish","type":"post","link":"https:\/\/www.unifr.ch\/alma-georges\/articles\/2019\/nos-bibliotheques-entre-les-lignes-2?lang=de","title":{"rendered":"Nos biblioth\u00e8ques entre les lignes"},"content":{"rendered":"<h4><strong>Pas d\u2019\u00e9tudes, ni de recherches, sans biblioth\u00e8ques. R\u00e9guli\u00e8rement, les biblioth\u00e9caires de l\u2019Universit\u00e9 de Fribourg partageront, tout au long de l\u2019ann\u00e9e, le regard qu\u2019ils posent sur leur biblioth\u00e8que. La s\u00e9rie se poursuit avec une visite de la Biblioth\u00e8que de langues et litt\u00e9ratures dans laquelle nous entra\u00eene Christa Mauron.<br \/>\n<\/strong><\/h4>\n<div class=\"clear\" style=\"height:20px\"><\/div>\n<p><a href=\"https:\/\/www.unifr.ch\/alma-georges\/wp-content\/uploads\/2019\/12\/Christa_Mauron.jpg\"><img decoding=\"async\" loading=\"lazy\" class=\" wp-image-9928 alignleft\" src=\"https:\/\/www.unifr.ch\/alma-georges\/wp-content\/uploads\/2019\/12\/Christa_Mauron.jpg\" alt=\"\" width=\"182\" height=\"182\" srcset=\"https:\/\/www.unifr.ch\/alma-georges\/wp-content\/uploads\/2019\/12\/Christa_Mauron.jpg 600w, https:\/\/www.unifr.ch\/alma-georges\/wp-content\/uploads\/2019\/12\/Christa_Mauron-150x150.jpg 150w, https:\/\/www.unifr.ch\/alma-georges\/wp-content\/uploads\/2019\/12\/Christa_Mauron-300x300.jpg 300w\" sizes=\"(max-width: 182px) 100vw, 182px\" \/><\/a>Je m\u2019appelle Christa Mauron et je suis biblioth\u00e9caire au service de la Biblioth\u00e8que de langues et litt\u00e9ratures (BLL) depuis bient\u00f4t 13 ans. La BLL est une BeLLe dame d\u2019un certain \u00e2ge, puisqu\u2019elle f\u00eatera ses 80 bougies l\u2019ann\u00e9e prochaine.<\/p>\n<p><strong>Ma biblioth\u00e8que<\/strong><br \/>\nUne des particularit\u00e9s de ma biblioth\u00e8que est qu\u2019elle est pr\u00e9sente sur deux sites universitaires, Mis\u00e9ricorde et Beauregard. Install\u00e9e \u00e0 ses d\u00e9buts dans le b\u00e2timent central \u00e0 Mis\u00e9ricorde, elle a, en effet, tellement \u00abgrossi\u00bb au fil des ans qu&rsquo;il a fallu trouver de nouveaux espaces pour accueillir une partie de ses fonds. A l\u2019\u00e9t\u00e9 1999, la moiti\u00e9 des collections \u2013 les sections de fran\u00e7ais, d&rsquo;italien, d&rsquo;espagnol, de rh\u00e9to-roman et de philologie romane \u2013 a \u00e9t\u00e9 transf\u00e9r\u00e9e au 3<sup>e<\/sup> \u00e9tage d\u2019un b\u00e2timent moderne dans le quartier de Beauregard. A Mis\u00e9ricorde sont rest\u00e9es les sections de germanistique et d&rsquo;anglais, rejointes en 2004 par la litt\u00e9rature g\u00e9n\u00e9rale et compar\u00e9e.<\/p>\n<p>De cette scission sont n\u00e9s deux beaux b\u00e9b\u00e9s: BLL-MIS, parfois renomm\u00e9e involontairement \u00abBLL-MISS\u00bb par certains, lapsus qui nous amuse, puisqu\u2019il place notre biblioth\u00e8que sur le podium des \u00abMISS Universit\u00e9\u00bb, et BLL-BQC, souvent confondue avec les magasins de la BCU-Beauregard situ\u00e9s \u00e0 la rue de la Carri\u00e8re, ce qui engendre quelques d\u00e9tours infructueux pour les lecteurs.<\/p>\n<div id=\"new-royalslider-99\" class=\"royalSlider new-royalslider-99 rsUni rs-default-template\" style=\"width:100%;height:400px;;\" data-rs-options='{&quot;template&quot;:&quot;default&quot;,&quot;image_generation&quot;:{&quot;imageWidth&quot;:&quot;&quot;,&quot;imageHeight&quot;:&quot;&quot;,&quot;thumbImageWidth&quot;:&quot;&quot;,&quot;thumbImageHeight&quot;:&quot;&quot;},&quot;thumbs&quot;:{&quot;thumbWidth&quot;:96,&quot;thumbHeight&quot;:72},&quot;autoPlay&quot;:{&quot;enabled&quot;:&quot;true&quot;},&quot;video&quot;:[],&quot;width&quot;:&quot;100%&quot;,&quot;height&quot;:&quot;400px&quot;,&quot;globalCaption&quot;:&quot;true&quot;,&quot;globalCaptionInside&quot;:&quot;true&quot;}'>\n<div class=\"rsContent\">\n  <img class=\"rsImg\" src=\"https:\/\/www.unifr.ch\/alma-georges\/wp-content\/uploads\/2019\/12\/AG_Vue_exte\u0301rieure_MIS-1024x660.jpg\" alt=\"Joli lever de soleil pour mes coll\u00e8gues de BLL-MIS!\"\/>\n  \n  \n  \n<\/div>\n<div class=\"rsContent\">\n  <img class=\"rsImg\" src=\"https:\/\/www.unifr.ch\/alma-georges\/wp-content\/uploads\/2019\/12\/AG_Salle_de_lecture_MIS.jpg\" alt=\"BLL-MIS vide d\u2019\u00e9tudiant\u00b7e\u00b7s mais pleine comme un \u0153uf !\"\/>\n  \n  \n  \n<\/div>\n\n<\/div>\n\n<p>En 2009 la biblioth\u00e8que a pu investir une salle adjacente et augmenter fortement ses m\u00e8tres lin\u00e9aires, ce qui lui a bien heureusement donn\u00e9 de l\u2019air. Mais celui-ci s\u2019est rar\u00e9fi\u00e9 depuis\u2026<\/p>\n<p>Entre BLL-MIS et BLL-BQC les \u00e9tudiants peuvent choisir, parmi une centaine de places de travail, celle qui leur conviendra le mieux. Ils y trouveront \u00e9galement 6 postes de travail informatis\u00e9s ainsi que deux photocopieuses. Surtout, les lecteurs y sont fort bien accueillis par nos aide-biblioth\u00e9caires, comp\u00e9tents et toujours pr\u00eats \u00e0 assister ceux et celles qui en ont besoin, \u00e0 r\u00e9pondre aux questions et \u00e0 nous donner un coup de main. D\u2019ailleurs, sans eux, adieu les horaires continus de 8h00 \u00e0 19h00\u00a0du lundi au vendredi!<\/p>\n<p><strong>Quatre ouvrages particuliers de ma biblioth\u00e8que<br \/>\n<\/strong>J\u2019aime bien le contraste entre le petit <em>Poeti del dolce stil novo<\/em> (11&#215;7 cm) et le grand <em>Atlante linguistico italiano<\/em> (50&#215;72 cm)<\/p>\n<div id=\"new-royalslider-100\" class=\"royalSlider new-royalslider-100 rsUni rs-default-template\" style=\"width:100%;height:400px;;\" data-rs-options='{&quot;template&quot;:&quot;default&quot;,&quot;image_generation&quot;:{&quot;imageWidth&quot;:&quot;&quot;,&quot;imageHeight&quot;:&quot;&quot;,&quot;thumbImageWidth&quot;:&quot;&quot;,&quot;thumbImageHeight&quot;:&quot;&quot;},&quot;thumbs&quot;:{&quot;thumbWidth&quot;:96,&quot;thumbHeight&quot;:72},&quot;autoPlay&quot;:{&quot;enabled&quot;:&quot;true&quot;},&quot;video&quot;:[],&quot;width&quot;:&quot;100%&quot;,&quot;height&quot;:&quot;400px&quot;,&quot;globalCaption&quot;:&quot;true&quot;,&quot;globalCaptionInside&quot;:&quot;true&quot;}'>\n<div class=\"rsContent\">\n  <img class=\"rsImg\" src=\"https:\/\/www.unifr.ch\/alma-georges\/wp-content\/uploads\/2019\/12\/AG_BLL2_Livres-660x1024.jpg\" alt=\"J\u2019aime bien le contraste entre le petit \u00ab Poeti del dolce stil novo \u00bb (11x7 cm) et le grand Atlante linguistico italiano (50x72 cm)\"\/>\n  \n  \n  \n<\/div>\n<div class=\"rsContent\">\n  <img class=\"rsImg\" src=\"https:\/\/www.unifr.ch\/alma-georges\/wp-content\/uploads\/2019\/12\/AG_Livres_SRU-1024x660.jpg\" alt=\"La BLL acquiert des ouvrages pour enfant en Romanche, cela nous change un peu de certains ouvrages un peu plus aust\u00e8res\u2026\"\/>\n  \n  \n  \n<\/div>\n\n<\/div>\n\n<p><strong>Mon travail au jour le jour<br \/>\n<\/strong>Pour ma part j\u2019\u0153uvre pour BLL-BQC et j\u2019appr\u00e9cie beaucoup les locaux de Beauregard et notre spacieux bureau vitr\u00e9 au c\u0153ur de la biblioth\u00e8que, d\u2019o\u00f9 nous avons un \u0153il sur tout. Je m\u2019occupe, entre autres, de commander les ouvrages demand\u00e9s par les professeurs et collaborateurs de nos d\u00e9partements, je fais et d\u00e9fais les appareils de s\u00e9minaire, pr\u00e9pare des lots de reliure (tous nos p\u00e9riodiques sont reli\u00e9s)&#8230; Moi et mes coll\u00e8gues sommes un peu biblioth\u00e9caires nomades, car nous avons \u00e9galement toutes une place de travail \u00e0 la BCU o\u00f9 arrivent les nouvelles acquisitions, que nous cataloguons et indexons avant de les faire parvenir \u00e0 la BLL.<\/p>\n<h5><a href=\"https:\/\/www.unifr.ch\/alma-georges\/wp-content\/uploads\/2019\/12\/AG_BLL_CHrista_Mauron_Vue_Bureau.jpg\"><img decoding=\"async\" loading=\"lazy\" class=\"alignnone size-large wp-image-9929\" src=\"https:\/\/www.unifr.ch\/alma-georges\/wp-content\/uploads\/2019\/12\/AG_BLL_CHrista_Mauron_Vue_Bureau-1024x660.jpg\" alt=\"\" width=\"680\" height=\"438\" srcset=\"https:\/\/www.unifr.ch\/alma-georges\/wp-content\/uploads\/2019\/12\/AG_BLL_CHrista_Mauron_Vue_Bureau-1024x660.jpg 1024w, https:\/\/www.unifr.ch\/alma-georges\/wp-content\/uploads\/2019\/12\/AG_BLL_CHrista_Mauron_Vue_Bureau-300x193.jpg 300w, https:\/\/www.unifr.ch\/alma-georges\/wp-content\/uploads\/2019\/12\/AG_BLL_CHrista_Mauron_Vue_Bureau-768x495.jpg 768w\" sizes=\"(max-width: 680px) 100vw, 680px\" \/><\/a><br \/>\n<em>La vue depuis mon bureau<\/em><\/h5>\n<p><strong>Mon anecdote<br \/>\n<\/strong>Lorsque les locaux de Beauregard se sont agrandis, notre bureau devait \u00eatre d\u00e9plac\u00e9 \u00e9galement et ainsi b\u00e9n\u00e9ficier d\u2019une magnifique vue sur les montagnes, dont je me r\u00e9jouissais. Sauf qu\u2019entretemps un immeuble avait pouss\u00e9 de l\u2019autre c\u00f4t\u00e9 de la rue. Mais nous n\u2019avons pas tout perdu, il nous reste un petit coin o\u00f9 nous apercevons les montagnes.<\/p>\n<p><span style=\"color: #ff6600;\">__________<\/span><\/p>\n<div class=\"clear\" style=\"height:20px\"><\/div>\n<ul>\n<li><a href=\"https:\/\/www3.unifr.ch\/bll\/\" target=\"_blank\" rel=\"noopener noreferrer\">Site<\/a> de la Biblioth\u00e8que de langues et litt\u00e9ratures<\/li>\n<li><a href=\"https:\/\/www3.unifr.ch\/biblio\/fr\/\" target=\"_blank\" rel=\"noopener noreferrer\">Portail<\/a> des biblioth\u00e8ques de l\u2019Universit\u00e9 de Fribourg<\/li>\n<\/ul>\n<div class=\"clear\" style=\"height:20px\"><\/div>\n<div class=\"clear\" style=\"height:20px\"><\/div>\n","protected":false},"excerpt":{"rendered":"<p>Pas d\u2019\u00e9tudes, ni de recherches, sans biblioth\u00e8ques. R\u00e9guli\u00e8rement, les biblioth\u00e9caires de l\u2019Universit\u00e9 de Fribourg partageront, tout au long de l\u2019ann\u00e9e, le regard qu\u2019ils posent sur leur biblioth\u00e8que. La s\u00e9rie se poursuit avec une visite de la Biblioth\u00e8que de langues et litt\u00e9ratures dans laquelle nous entra\u00eene Christa Mauron. Je m\u2019appelle Christa Mauron et je suis biblioth\u00e9caire au service de la Biblioth\u00e8que de langues et litt\u00e9ratures (BLL) depuis bient\u00f4t 13 ans. La BLL est une BeLLe dame d\u2019un certain \u00e2ge, puisqu\u2019elle f\u00eatera ses 80 bougies l\u2019ann\u00e9e prochaine. Ma biblioth\u00e8que Une des particularit\u00e9s de ma biblioth\u00e8que est qu\u2019elle est pr\u00e9sente sur deux sites<\/p>\n","protected":false},"author":59,"featured_media":9774,"comment_status":"open","ping_status":"closed","sticky":true,"template":"","format":"standard","meta":{"footnotes":""},"categories":[105,113],"tags":[1223,291,129],"_links":{"self":[{"href":"https:\/\/www.unifr.ch\/alma-georges\/wp-json\/wp\/v2\/posts\/9944"}],"collection":[{"href":"https:\/\/www.unifr.ch\/alma-georges\/wp-json\/wp\/v2\/posts"}],"about":[{"href":"https:\/\/www.unifr.ch\/alma-georges\/wp-json\/wp\/v2\/types\/post"}],"author":[{"embeddable":true,"href":"https:\/\/www.unifr.ch\/alma-georges\/wp-json\/wp\/v2\/users\/59"}],"replies":[{"embeddable":true,"href":"https:\/\/www.unifr.ch\/alma-georges\/wp-json\/wp\/v2\/comments?post=9944"}],"version-history":[{"count":2,"href":"https:\/\/www.unifr.ch\/alma-georges\/wp-json\/wp\/v2\/posts\/9944\/revisions"}],"predecessor-version":[{"id":10285,"href":"https:\/\/www.unifr.ch\/alma-georges\/wp-json\/wp\/v2\/posts\/9944\/revisions\/10285"}],"wp:featuredmedia":[{"embeddable":true,"href":"https:\/\/www.unifr.ch\/alma-georges\/wp-json\/wp\/v2\/media\/9774"}],"wp:attachment":[{"href":"https:\/\/www.unifr.ch\/alma-georges\/wp-json\/wp\/v2\/media?parent=9944"}],"wp:term":[{"taxonomy":"category","embeddable":true,"href":"https:\/\/www.unifr.ch\/alma-georges\/wp-json\/wp\/v2\/categories?post=9944"},{"taxonomy":"post_tag","embeddable":true,"href":"https:\/\/www.unifr.ch\/alma-georges\/wp-json\/wp\/v2\/tags?post=9944"}],"curies":[{"name":"wp","href":"https:\/\/api.w.org\/{rel}","templated":true}]}}