{"id":9835,"date":"2019-11-27T13:10:14","date_gmt":"2019-11-27T12:10:14","guid":{"rendered":"https:\/\/www3.unifr.ch\/alma-georges?p=9835"},"modified":"2019-12-02T13:11:17","modified_gmt":"2019-12-02T12:11:17","slug":"dies-academicus-premiere-femme-honoree-par-la-faculte-des-ses","status":"publish","type":"post","link":"https:\/\/www.unifr.ch\/alma-georges\/articles\/2019\/dies-academicus-premiere-femme-honoree-par-la-faculte-des-ses?lang=de","title":{"rendered":"Dies academicus: Premi\u00e8re femme honor\u00e9e par la Facult\u00e9 des SES"},"content":{"rendered":"<h4><strong>Elle a commenc\u00e9 \u00e0 \u00e9tudier le grec et le latin avant de se d\u00e9couvrir la bosse des math\u00e9matiques. Maria Grazia Speranza, professeure \u00e0 l&rsquo;Universit\u00e9 de Brescia, est aujourd&rsquo;hui la premi\u00e8re femme \u00e0 recevoir le titre de docteure honoris causa de la Facult\u00e9 des SES de l&rsquo;Unifr.<\/strong><\/h4>\n<div class=\"clear\" style=\"height:20px\"><\/div>\n<iframe loading=\"lazy\" src=\"https:\/\/www.youtube.com\/embed\/pNBB95uuuOY\" width=\"560\" height=\"315\" frameborder=\"0\" allowfullscreen=\"allowfullscreen\"><\/iframe><\/p>\n<div class=\"clear\" style=\"height:20px\"><\/div>\n","protected":false},"excerpt":{"rendered":"<p>Elle a commenc\u00e9 \u00e0 \u00e9tudier le grec et le latin avant de se d\u00e9couvrir la bosse des math\u00e9matiques. Maria Grazia Speranza, professeure \u00e0 l&rsquo;Universit\u00e9 de Brescia, est aujourd&rsquo;hui la premi\u00e8re femme \u00e0 recevoir le titre de docteure honoris causa de la Facult\u00e9 des SES de l&rsquo;Unifr.<\/p>\n","protected":false},"author":13,"featured_media":9812,"comment_status":"open","ping_status":"closed","sticky":true,"template":"","format":"standard","meta":{"footnotes":""},"categories":[197,113],"tags":[199,644,159],"_links":{"self":[{"href":"https:\/\/www.unifr.ch\/alma-georges\/wp-json\/wp\/v2\/posts\/9835"}],"collection":[{"href":"https:\/\/www.unifr.ch\/alma-georges\/wp-json\/wp\/v2\/posts"}],"about":[{"href":"https:\/\/www.unifr.ch\/alma-georges\/wp-json\/wp\/v2\/types\/post"}],"author":[{"embeddable":true,"href":"https:\/\/www.unifr.ch\/alma-georges\/wp-json\/wp\/v2\/users\/13"}],"replies":[{"embeddable":true,"href":"https:\/\/www.unifr.ch\/alma-georges\/wp-json\/wp\/v2\/comments?post=9835"}],"version-history":[{"count":1,"href":"https:\/\/www.unifr.ch\/alma-georges\/wp-json\/wp\/v2\/posts\/9835\/revisions"}],"predecessor-version":[{"id":9836,"href":"https:\/\/www.unifr.ch\/alma-georges\/wp-json\/wp\/v2\/posts\/9835\/revisions\/9836"}],"wp:featuredmedia":[{"embeddable":true,"href":"https:\/\/www.unifr.ch\/alma-georges\/wp-json\/wp\/v2\/media\/9812"}],"wp:attachment":[{"href":"https:\/\/www.unifr.ch\/alma-georges\/wp-json\/wp\/v2\/media?parent=9835"}],"wp:term":[{"taxonomy":"category","embeddable":true,"href":"https:\/\/www.unifr.ch\/alma-georges\/wp-json\/wp\/v2\/categories?post=9835"},{"taxonomy":"post_tag","embeddable":true,"href":"https:\/\/www.unifr.ch\/alma-georges\/wp-json\/wp\/v2\/tags?post=9835"}],"curies":[{"name":"wp","href":"https:\/\/api.w.org\/{rel}","templated":true}]}}