{"id":8688,"date":"2019-06-10T20:12:14","date_gmt":"2019-06-10T19:12:14","guid":{"rendered":"https:\/\/www3.unifr.ch\/alma-georges?p=8688"},"modified":"2019-06-11T07:19:19","modified_gmt":"2019-06-11T06:19:19","slug":"aperitif-de-la-rectrice","status":"publish","type":"post","link":"https:\/\/www.unifr.ch\/alma-georges\/articles\/2019\/aperitif-de-la-rectrice","title":{"rendered":"Ap\u00e9ritif de la Rectrice"},"content":{"rendered":"<h4><strong>Le traditionnel ap\u00e9ritif de la Rectrice s&rsquo;est tenu le 28 mai dernier au Jardin botanique. Sous un soleil timide, c&rsquo;\u00e9tait l&rsquo;occasion de se retrouver et de trinquer aux projets accomplis au cours de l&rsquo;ann\u00e9e.<\/strong><\/h4>\n<div class=\"clear\" style=\"height:20px\"><\/div>\n<div id=\"new-royalslider-86\" class=\"royalSlider new-royalslider-86 rsUni rs-default-template\" style=\"width:100%;height:400px;;\" data-rs-options='{&quot;template&quot;:&quot;default&quot;,&quot;image_generation&quot;:{&quot;imageWidth&quot;:&quot;&quot;,&quot;imageHeight&quot;:&quot;&quot;,&quot;thumbImageWidth&quot;:&quot;&quot;,&quot;thumbImageHeight&quot;:&quot;&quot;},&quot;thumbs&quot;:{&quot;thumbWidth&quot;:96,&quot;thumbHeight&quot;:72},&quot;autoPlay&quot;:{&quot;enabled&quot;:&quot;true&quot;},&quot;fullscreen&quot;:{&quot;enabled&quot;:&quot;true&quot;},&quot;video&quot;:[],&quot;width&quot;:&quot;100%&quot;,&quot;height&quot;:&quot;400px&quot;}'>\n<div class=\"rsContent\">\n  <img class=\"rsImg\" src=\"https:\/\/www.unifr.ch\/alma-georges\/wp-content\/uploads\/2019\/06\/DSC_0243-1024x683.jpeg\" data-rsBigImg=\"https:\/\/www.unifr.ch\/alma-georges\/wp-content\/uploads\/2019\/06\/DSC_0243.jpeg\" alt=\"DSC_0243\"\/>\n  \n  \n  \n<\/div>\n<div class=\"rsContent\">\n  <img class=\"rsImg\" src=\"https:\/\/www.unifr.ch\/alma-georges\/wp-content\/uploads\/2019\/06\/DSC_0162-1024x683.jpeg\" data-rsBigImg=\"https:\/\/www.unifr.ch\/alma-georges\/wp-content\/uploads\/2019\/06\/DSC_0162.jpeg\" alt=\"DSC_0162\"\/>\n  \n  \n  \n<\/div>\n<div class=\"rsContent\">\n  <img class=\"rsImg\" src=\"https:\/\/www.unifr.ch\/alma-georges\/wp-content\/uploads\/2019\/06\/DSC_0173-1024x683.jpeg\" data-rsBigImg=\"https:\/\/www.unifr.ch\/alma-georges\/wp-content\/uploads\/2019\/06\/DSC_0173.jpeg\" alt=\"DSC_0173\"\/>\n  \n  \n  \n<\/div>\n<div class=\"rsContent\">\n  <img class=\"rsImg\" src=\"https:\/\/www.unifr.ch\/alma-georges\/wp-content\/uploads\/2019\/06\/DSC_0175-1024x683.jpeg\" data-rsBigImg=\"https:\/\/www.unifr.ch\/alma-georges\/wp-content\/uploads\/2019\/06\/DSC_0175.jpeg\" alt=\"DSC_0175\"\/>\n  \n  \n  \n<\/div>\n<div class=\"rsContent\">\n  <img class=\"rsImg\" src=\"https:\/\/www.unifr.ch\/alma-georges\/wp-content\/uploads\/2019\/06\/DSC_0176-1024x672.jpeg\" data-rsBigImg=\"https:\/\/www.unifr.ch\/alma-georges\/wp-content\/uploads\/2019\/06\/DSC_0176.jpeg\" alt=\"DSC_0176\"\/>\n  \n  \n  \n<\/div>\n<div class=\"rsContent\">\n  <img class=\"rsImg\" src=\"https:\/\/www.unifr.ch\/alma-georges\/wp-content\/uploads\/2019\/06\/DSC_0178-1024x683.jpeg\" data-rsBigImg=\"https:\/\/www.unifr.ch\/alma-georges\/wp-content\/uploads\/2019\/06\/DSC_0178.jpeg\" alt=\"DSC_0178\"\/>\n  \n  \n  \n<\/div>\n<div class=\"rsContent\">\n  <img class=\"rsImg\" src=\"https:\/\/www.unifr.ch\/alma-georges\/wp-content\/uploads\/2019\/06\/DSC_0179-1024x837.jpeg\" data-rsBigImg=\"https:\/\/www.unifr.ch\/alma-georges\/wp-content\/uploads\/2019\/06\/DSC_0179.jpeg\" alt=\"DSC_0179\"\/>\n  \n  \n  \n<\/div>\n<div class=\"rsContent\">\n  <img class=\"rsImg\" src=\"https:\/\/www.unifr.ch\/alma-georges\/wp-content\/uploads\/2019\/06\/DSC_0180-1024x683.jpeg\" data-rsBigImg=\"https:\/\/www.unifr.ch\/alma-georges\/wp-content\/uploads\/2019\/06\/DSC_0180.jpeg\" alt=\"DSC_0180\"\/>\n  \n  \n  \n<\/div>\n<div class=\"rsContent\">\n  <img class=\"rsImg\" src=\"https:\/\/www.unifr.ch\/alma-georges\/wp-content\/uploads\/2019\/06\/DSC_0191-1024x683.jpeg\" data-rsBigImg=\"https:\/\/www.unifr.ch\/alma-georges\/wp-content\/uploads\/2019\/06\/DSC_0191.jpeg\" alt=\"DSC_0191\"\/>\n  \n  \n  \n<\/div>\n<div class=\"rsContent\">\n  <img class=\"rsImg\" src=\"https:\/\/www.unifr.ch\/alma-georges\/wp-content\/uploads\/2019\/06\/DSC_0192-1024x706.jpeg\" data-rsBigImg=\"https:\/\/www.unifr.ch\/alma-georges\/wp-content\/uploads\/2019\/06\/DSC_0192.jpeg\" alt=\"DSC_0192\"\/>\n  \n  \n  \n<\/div>\n<div class=\"rsContent\">\n  <img class=\"rsImg\" src=\"https:\/\/www.unifr.ch\/alma-georges\/wp-content\/uploads\/2019\/06\/DSC_0195-1024x683.jpeg\" data-rsBigImg=\"https:\/\/www.unifr.ch\/alma-georges\/wp-content\/uploads\/2019\/06\/DSC_0195.jpeg\" alt=\"DSC_0195\"\/>\n  \n  \n  \n<\/div>\n<div class=\"rsContent\">\n  <img class=\"rsImg\" src=\"https:\/\/www.unifr.ch\/alma-georges\/wp-content\/uploads\/2019\/06\/DSC_0200-1024x683.jpeg\" data-rsBigImg=\"https:\/\/www.unifr.ch\/alma-georges\/wp-content\/uploads\/2019\/06\/DSC_0200.jpeg\" alt=\"DSC_0200\"\/>\n  \n  \n  \n<\/div>\n<div class=\"rsContent\">\n  <img class=\"rsImg\" src=\"https:\/\/www.unifr.ch\/alma-georges\/wp-content\/uploads\/2019\/06\/DSC_0201-1024x692.jpeg\" data-rsBigImg=\"https:\/\/www.unifr.ch\/alma-georges\/wp-content\/uploads\/2019\/06\/DSC_0201.jpeg\" alt=\"DSC_0201\"\/>\n  \n  \n  \n<\/div>\n<div class=\"rsContent\">\n  <img class=\"rsImg\" src=\"https:\/\/www.unifr.ch\/alma-georges\/wp-content\/uploads\/2019\/06\/DSC_0202-1024x683.jpeg\" data-rsBigImg=\"https:\/\/www.unifr.ch\/alma-georges\/wp-content\/uploads\/2019\/06\/DSC_0202.jpeg\" alt=\"DSC_0202\"\/>\n  \n  \n  \n<\/div>\n<div class=\"rsContent\">\n  <img class=\"rsImg\" src=\"https:\/\/www.unifr.ch\/alma-georges\/wp-content\/uploads\/2019\/06\/DSC_0204-1024x683.jpeg\" data-rsBigImg=\"https:\/\/www.unifr.ch\/alma-georges\/wp-content\/uploads\/2019\/06\/DSC_0204.jpeg\" alt=\"DSC_0204\"\/>\n  \n  \n  \n<\/div>\n<div class=\"rsContent\">\n  <img class=\"rsImg\" src=\"https:\/\/www.unifr.ch\/alma-georges\/wp-content\/uploads\/2019\/06\/DSC_0205-1024x669.jpeg\" data-rsBigImg=\"https:\/\/www.unifr.ch\/alma-georges\/wp-content\/uploads\/2019\/06\/DSC_0205.jpeg\" alt=\"DSC_0205\"\/>\n  \n  \n  \n<\/div>\n<div class=\"rsContent\">\n  <img class=\"rsImg\" src=\"https:\/\/www.unifr.ch\/alma-georges\/wp-content\/uploads\/2019\/06\/DSC_0209-1024x683.jpeg\" data-rsBigImg=\"https:\/\/www.unifr.ch\/alma-georges\/wp-content\/uploads\/2019\/06\/DSC_0209.jpeg\" alt=\"DSC_0209\"\/>\n  \n  \n  \n<\/div>\n<div class=\"rsContent\">\n  <img class=\"rsImg\" src=\"https:\/\/www.unifr.ch\/alma-georges\/wp-content\/uploads\/2019\/06\/DSC_0213-1024x683.jpeg\" data-rsBigImg=\"https:\/\/www.unifr.ch\/alma-georges\/wp-content\/uploads\/2019\/06\/DSC_0213.jpeg\" alt=\"DSC_0213\"\/>\n  \n  \n  \n<\/div>\n<div class=\"rsContent\">\n  <img class=\"rsImg\" src=\"https:\/\/www.unifr.ch\/alma-georges\/wp-content\/uploads\/2019\/06\/DSC_0216-1024x683.jpeg\" data-rsBigImg=\"https:\/\/www.unifr.ch\/alma-georges\/wp-content\/uploads\/2019\/06\/DSC_0216.jpeg\" alt=\"DSC_0216\"\/>\n  \n  \n  \n<\/div>\n<div class=\"rsContent\">\n  <img class=\"rsImg\" src=\"https:\/\/www.unifr.ch\/alma-georges\/wp-content\/uploads\/2019\/06\/DSC_0217-1024x683.jpeg\" data-rsBigImg=\"https:\/\/www.unifr.ch\/alma-georges\/wp-content\/uploads\/2019\/06\/DSC_0217.jpeg\" alt=\"DSC_0217\"\/>\n  \n  \n  \n<\/div>\n<div class=\"rsContent\">\n  <img class=\"rsImg\" src=\"https:\/\/www.unifr.ch\/alma-georges\/wp-content\/uploads\/2019\/06\/DSC_0222-1024x704.jpeg\" data-rsBigImg=\"https:\/\/www.unifr.ch\/alma-georges\/wp-content\/uploads\/2019\/06\/DSC_0222.jpeg\" alt=\"DSC_0222\"\/>\n  \n  \n  \n<\/div>\n<div class=\"rsContent\">\n  <img class=\"rsImg\" src=\"https:\/\/www.unifr.ch\/alma-georges\/wp-content\/uploads\/2019\/06\/DSC_0225-1024x683.jpeg\" data-rsBigImg=\"https:\/\/www.unifr.ch\/alma-georges\/wp-content\/uploads\/2019\/06\/DSC_0225.jpeg\" alt=\"DSC_0225\"\/>\n  \n  \n  \n<\/div>\n<div class=\"rsContent\">\n  <img class=\"rsImg\" src=\"https:\/\/www.unifr.ch\/alma-georges\/wp-content\/uploads\/2019\/06\/DSC_0228-1024x683.jpeg\" data-rsBigImg=\"https:\/\/www.unifr.ch\/alma-georges\/wp-content\/uploads\/2019\/06\/DSC_0228.jpeg\" alt=\"DSC_0228\"\/>\n  \n  \n  \n<\/div>\n<div class=\"rsContent\">\n  <img class=\"rsImg\" src=\"https:\/\/www.unifr.ch\/alma-georges\/wp-content\/uploads\/2019\/06\/DSC_0231-1024x683.jpeg\" data-rsBigImg=\"https:\/\/www.unifr.ch\/alma-georges\/wp-content\/uploads\/2019\/06\/DSC_0231.jpeg\" alt=\"DSC_0231\"\/>\n  \n  \n  \n<\/div>\n<div class=\"rsContent\">\n  <img class=\"rsImg\" src=\"https:\/\/www.unifr.ch\/alma-georges\/wp-content\/uploads\/2019\/06\/DSC_0237-1024x683.jpeg\" data-rsBigImg=\"https:\/\/www.unifr.ch\/alma-georges\/wp-content\/uploads\/2019\/06\/DSC_0237.jpeg\" alt=\"DSC_0237\"\/>\n  \n  \n  \n<\/div>\n<div class=\"rsContent\">\n  <img class=\"rsImg\" src=\"https:\/\/www.unifr.ch\/alma-georges\/wp-content\/uploads\/2019\/06\/DSC_0242-1024x683.jpeg\" data-rsBigImg=\"https:\/\/www.unifr.ch\/alma-georges\/wp-content\/uploads\/2019\/06\/DSC_0242.jpeg\" alt=\"DSC_0242\"\/>\n  \n  \n  \n<\/div>\n<div class=\"rsContent\">\n  <img class=\"rsImg\" src=\"https:\/\/www.unifr.ch\/alma-georges\/wp-content\/uploads\/2019\/06\/DSC_0244-1024x683.jpeg\" data-rsBigImg=\"https:\/\/www.unifr.ch\/alma-georges\/wp-content\/uploads\/2019\/06\/DSC_0244.jpeg\" alt=\"DSC_0244\"\/>\n  \n  \n  \n<\/div>\n<div class=\"rsContent\">\n  <img class=\"rsImg\" src=\"https:\/\/www.unifr.ch\/alma-georges\/wp-content\/uploads\/2019\/06\/DSC_0258-1024x683.jpeg\" data-rsBigImg=\"https:\/\/www.unifr.ch\/alma-georges\/wp-content\/uploads\/2019\/06\/DSC_0258.jpeg\" alt=\"DSC_0258\"\/>\n  \n  \n  \n<\/div>\n<div class=\"rsContent\">\n  <img class=\"rsImg\" src=\"https:\/\/www.unifr.ch\/alma-georges\/wp-content\/uploads\/2019\/06\/DSC_0264-1024x683.jpeg\" data-rsBigImg=\"https:\/\/www.unifr.ch\/alma-georges\/wp-content\/uploads\/2019\/06\/DSC_0264.jpeg\" alt=\"DSC_0264\"\/>\n  \n  \n  \n<\/div>\n<div class=\"rsContent\">\n  <img class=\"rsImg\" src=\"https:\/\/www.unifr.ch\/alma-georges\/wp-content\/uploads\/2019\/06\/DSC_0265-1024x683.jpeg\" data-rsBigImg=\"https:\/\/www.unifr.ch\/alma-georges\/wp-content\/uploads\/2019\/06\/DSC_0265.jpeg\" alt=\"DSC_0265\"\/>\n  \n  \n  \n<\/div>\n<div class=\"rsContent\">\n  <img class=\"rsImg\" src=\"https:\/\/www.unifr.ch\/alma-georges\/wp-content\/uploads\/2019\/06\/DSC_0267-1024x658.jpeg\" data-rsBigImg=\"https:\/\/www.unifr.ch\/alma-georges\/wp-content\/uploads\/2019\/06\/DSC_0267.jpeg\" alt=\"DSC_0267\"\/>\n  \n  \n  \n<\/div>\n<div class=\"rsContent\">\n  <img class=\"rsImg\" src=\"https:\/\/www.unifr.ch\/alma-georges\/wp-content\/uploads\/2019\/06\/DSC_0268-1024x683.jpeg\" data-rsBigImg=\"https:\/\/www.unifr.ch\/alma-georges\/wp-content\/uploads\/2019\/06\/DSC_0268.jpeg\" alt=\"DSC_0268\"\/>\n  \n  \n  \n<\/div>\n<div class=\"rsContent\">\n  <img class=\"rsImg\" src=\"https:\/\/www.unifr.ch\/alma-georges\/wp-content\/uploads\/2019\/06\/DSC_0269-1024x718.jpeg\" data-rsBigImg=\"https:\/\/www.unifr.ch\/alma-georges\/wp-content\/uploads\/2019\/06\/DSC_0269.jpeg\" alt=\"DSC_0269\"\/>\n  \n  \n  \n<\/div>\n\n<\/div>\n\n<div class=\"clear\" style=\"height:20px\"><\/div>\n<span style=\"color: #ff6600;\">__________<\/span><br \/>\n<div class=\"clear\" style=\"height:20px\"><\/div>\n<ul>\n<li><a href=\"https:\/\/www3.unifr.ch\/uni\/fr\/organisation\/direction\/\" target=\"_blank\" rel=\"noopener\">Site <\/a>du Rectorat<\/li>\n<\/ul>\n<div class=\"clear\" style=\"height:20px\"><\/div>\n<div class=\"clear\" style=\"height:20px\"><\/div>\n","protected":false},"excerpt":{"rendered":"<p>Le traditionnel ap\u00e9ritif de la Rectrice s&rsquo;est tenu le 28 mai dernier au Jardin botanique. Sous un soleil timide, c&rsquo;\u00e9tait l&rsquo;occasion de se retrouver et de trinquer aux projets accomplis au cours de l&rsquo;ann\u00e9e. __________ Site du Rectorat<\/p>\n","protected":false},"author":6,"featured_media":8690,"comment_status":"open","ping_status":"closed","sticky":true,"template":"","format":"standard","meta":{"footnotes":""},"categories":[91,75],"tags":[124],"_links":{"self":[{"href":"https:\/\/www.unifr.ch\/alma-georges\/wp-json\/wp\/v2\/posts\/8688"}],"collection":[{"href":"https:\/\/www.unifr.ch\/alma-georges\/wp-json\/wp\/v2\/posts"}],"about":[{"href":"https:\/\/www.unifr.ch\/alma-georges\/wp-json\/wp\/v2\/types\/post"}],"author":[{"embeddable":true,"href":"https:\/\/www.unifr.ch\/alma-georges\/wp-json\/wp\/v2\/users\/6"}],"replies":[{"embeddable":true,"href":"https:\/\/www.unifr.ch\/alma-georges\/wp-json\/wp\/v2\/comments?post=8688"}],"version-history":[{"count":1,"href":"https:\/\/www.unifr.ch\/alma-georges\/wp-json\/wp\/v2\/posts\/8688\/revisions"}],"predecessor-version":[{"id":8749,"href":"https:\/\/www.unifr.ch\/alma-georges\/wp-json\/wp\/v2\/posts\/8688\/revisions\/8749"}],"wp:featuredmedia":[{"embeddable":true,"href":"https:\/\/www.unifr.ch\/alma-georges\/wp-json\/wp\/v2\/media\/8690"}],"wp:attachment":[{"href":"https:\/\/www.unifr.ch\/alma-georges\/wp-json\/wp\/v2\/media?parent=8688"}],"wp:term":[{"taxonomy":"category","embeddable":true,"href":"https:\/\/www.unifr.ch\/alma-georges\/wp-json\/wp\/v2\/categories?post=8688"},{"taxonomy":"post_tag","embeddable":true,"href":"https:\/\/www.unifr.ch\/alma-georges\/wp-json\/wp\/v2\/tags?post=8688"}],"curies":[{"name":"wp","href":"https:\/\/api.w.org\/{rel}","templated":true}]}}