{"id":8559,"date":"2019-05-27T15:05:39","date_gmt":"2019-05-27T14:05:39","guid":{"rendered":"https:\/\/www3.unifr.ch\/alma-georges?p=8559"},"modified":"2019-05-27T15:05:39","modified_gmt":"2019-05-27T14:05:39","slug":"irak-une-vie-apres-letat-islamique","status":"publish","type":"post","link":"https:\/\/www.unifr.ch\/alma-georges\/articles\/2019\/irak-une-vie-apres-letat-islamique","title":{"rendered":"Irak: une vie apr\u00e8s l&rsquo;Etat islamique?"},"content":{"rendered":"<h4><strong>D\u00e9fait il y a trois ans, l&rsquo;Etat islamique a laiss\u00e9 derri\u00e8re lui une terre exsangue. Villes sous les d\u00e9combres, id\u00e9ologie fanatique et infrastructures insuffisantes. Le retour des chr\u00e9tiens dans leurs r\u00e9gions d&rsquo;origines, en particulier, est difficile. Le vendredi 31 mai, le Docteur Ghazwan Youssif Baho, recteur du Babel College, est invit\u00e9 par la Facult\u00e9 de th\u00e9ologie pour exposer la complexit\u00e9 de la situation.<\/strong><\/h4>\n<div class=\"clear\" style=\"height:20px\"><\/div>\n<p><strong>Trois ans apr\u00e8s le fin de l\u2019Etat islamique, comment se porte l\u2019Irak?<\/strong><br \/>\nL&rsquo;Irak souffre encore. De nombreuses villes sont encore enti\u00e8rement d\u00e9truites. L&rsquo;\u00c9tat islamique a \u00e9t\u00e9 vaincu en tant que force militaire, mais son id\u00e9ologie est enracin\u00e9e dans la pens\u00e9e d&rsquo;un grand nombre de musulmans fanatiques. Il y a beaucoup de cellules dormantes. Des voitures pi\u00e9g\u00e9es sont quotidiennement utilis\u00e9es dans diff\u00e9rentes r\u00e9gions du pays. Nous vivons dans la crainte du retour imminent de l&rsquo;Etat islamique et de cette paix dangereuse&#8230; A part dans la r\u00e9gion du Kurdistan, qui, elle, est bien s\u00e9curis\u00e9e.<\/p>\n<p><strong>De mani\u00e8re g\u00e9n\u00e9rale, les infrastructures du pays sont-elles efficientes?<br \/>\n<\/strong>Les infrastructures du pays ne sont pas suffisantes. Cinquante pourcent de l&rsquo;ancienne ville de Mossoul se trouve encore sous les d\u00e9combres. Ses \u00e9glises sont presque toutes hors d&rsquo;usage.<\/p>\n<p><strong>Les chr\u00e9tiens qui ont d\u00fb fuir ont-ils pris le chemin du retour?<br \/>\n<\/strong>Sur plus de 100&rsquo;000 familles chr\u00e9tiennes qui habitaient Mossoul, moins de 100 y sont revenues&#8230; Sur les 10&rsquo;000 familles de la plaine de Ninive, seule la moiti\u00e9 est de retour. Certaines villes, comme Telesqof, sont revenues \u00e0 la vie avec un millier de familles. A Qaraqosh, et d&rsquo;autres petits villages, ce sont 3&rsquo;000 familles sur 5&rsquo;000 qui sont revenues. Tandis qu&rsquo;une autre ville chr\u00e9tienne, Batnaya, qui comptait environ mille familles, est encore \u00e0 quatre-vingts pourcents sous les d\u00e9combres.<\/p>\n<p><strong>L\u2019Etat en place soutient-il cette d\u00e9marche?<br \/>\n<\/strong>L\u2019\u00c9tat actuel ne soutient pas cette d\u00e9marche. C\u2019est gr\u00e2ce \u00e0 l\u2019Eglise et \u00e0 la collaboration de certaines organisations humanitaires internationales telles que le Programme des Nations unies pour le d\u00e9veloppement (PNUD) et l&rsquo;Agence des Etats-Unis pour le d\u00e9veloppement international (USAID), ainsi que des organisations de l\u2019Eglise catholique romaine, fran\u00e7aise, allemande et d&rsquo;autres Etats europ\u00e9ens que cette d\u00e9marche a \u00e9t\u00e9 initi\u00e9e.<\/p>\n<p><strong>Comment voyez-vous les trois prochaines ann\u00e9es?<br \/>\n<\/strong>Nous esp\u00e9rons qu&rsquo;elles seront meilleures, mais nous restons dans l&rsquo;expectative. Tout est noir. Pourtant, nous gardons espoir en notre Seigneur et nous restons enracin\u00e9s dans notre pays.<\/p>\n<div class=\"clear\" style=\"height:20px\"><\/div><strong><br \/>\n<span style=\"color: #ff6600;\">__________<\/span><br \/>\n<\/strong><div class=\"clear\" style=\"height:20px\"><\/div>\n<ul>\n<li>La conf\u00e9rence du \u00ab<a href=\"https:\/\/agenda.unifr.ch\/e\/fr\/5916\/\" target=\"_blank\" rel=\"noopener\">Situation des chr\u00e9tiens en Irak apr\u00e8s l\u2019Etat islamique<\/a>\u00bb se tiendra le vendredi 31 mai 2019 \u00e0 16h00, salle 3115, Mis\u00e9ricorde.<\/li>\n<\/ul>\n<div class=\"clear\" style=\"height:20px\"><\/div>\n<div class=\"clear\" style=\"height:20px\"><\/div>\n<p>&nbsp;<\/p>\n","protected":false},"excerpt":{"rendered":"<p>D\u00e9fait il y a trois ans, l&rsquo;Etat islamique a laiss\u00e9 derri\u00e8re lui une terre exsangue. Villes sous les d\u00e9combres, id\u00e9ologie fanatique et infrastructures insuffisantes. Le retour des chr\u00e9tiens dans leurs r\u00e9gions d&rsquo;origines, en particulier, est difficile. Le vendredi 31 mai, le Docteur Ghazwan Youssif Baho, recteur du Babel College, est invit\u00e9 par la Facult\u00e9 de th\u00e9ologie pour exposer la complexit\u00e9 de la situation. Trois ans apr\u00e8s le fin de l\u2019Etat islamique, comment se porte l\u2019Irak? L&rsquo;Irak souffre encore. De nombreuses villes sont encore enti\u00e8rement d\u00e9truites. L&rsquo;\u00c9tat islamique a \u00e9t\u00e9 vaincu en tant que force militaire, mais son id\u00e9ologie est enracin\u00e9e<\/p>\n","protected":false},"author":6,"featured_media":8563,"comment_status":"open","ping_status":"closed","sticky":true,"template":"","format":"standard","meta":{"footnotes":""},"categories":[196,75],"tags":[412,264],"_links":{"self":[{"href":"https:\/\/www.unifr.ch\/alma-georges\/wp-json\/wp\/v2\/posts\/8559"}],"collection":[{"href":"https:\/\/www.unifr.ch\/alma-georges\/wp-json\/wp\/v2\/posts"}],"about":[{"href":"https:\/\/www.unifr.ch\/alma-georges\/wp-json\/wp\/v2\/types\/post"}],"author":[{"embeddable":true,"href":"https:\/\/www.unifr.ch\/alma-georges\/wp-json\/wp\/v2\/users\/6"}],"replies":[{"embeddable":true,"href":"https:\/\/www.unifr.ch\/alma-georges\/wp-json\/wp\/v2\/comments?post=8559"}],"version-history":[{"count":1,"href":"https:\/\/www.unifr.ch\/alma-georges\/wp-json\/wp\/v2\/posts\/8559\/revisions"}],"predecessor-version":[{"id":8562,"href":"https:\/\/www.unifr.ch\/alma-georges\/wp-json\/wp\/v2\/posts\/8559\/revisions\/8562"}],"wp:featuredmedia":[{"embeddable":true,"href":"https:\/\/www.unifr.ch\/alma-georges\/wp-json\/wp\/v2\/media\/8563"}],"wp:attachment":[{"href":"https:\/\/www.unifr.ch\/alma-georges\/wp-json\/wp\/v2\/media?parent=8559"}],"wp:term":[{"taxonomy":"category","embeddable":true,"href":"https:\/\/www.unifr.ch\/alma-georges\/wp-json\/wp\/v2\/categories?post=8559"},{"taxonomy":"post_tag","embeddable":true,"href":"https:\/\/www.unifr.ch\/alma-georges\/wp-json\/wp\/v2\/tags?post=8559"}],"curies":[{"name":"wp","href":"https:\/\/api.w.org\/{rel}","templated":true}]}}