{"id":8472,"date":"2019-05-22T09:23:13","date_gmt":"2019-05-22T08:23:13","guid":{"rendered":"https:\/\/www3.unifr.ch\/alma-georges?p=8472"},"modified":"2026-04-08T15:25:22","modified_gmt":"2026-04-08T14:25:22","slug":"was-ich-erlebt-habe-darf-nie-mehr-passieren","status":"publish","type":"post","link":"https:\/\/www.unifr.ch\/alma-georges\/articles\/2019\/was-ich-erlebt-habe-darf-nie-mehr-passieren","title":{"rendered":"\u00abWas ich erlebt habe, darf nie mehr passieren\u00bb"},"content":{"rendered":"<h4><strong>W\u00fcsteste Beschimpfungen, Vergewaltigungs- und Morddrohungen \u2013 sie hat alles durchgemacht. Nach einem Artikel im Blick, in welchem sie als mutmassliches Opfer eines Sexualdelikts mit Bild und Namen identifiziert wurde, war f\u00fcr die ehemalige gr\u00fcne Zuger Kantonsr\u00e4tin Jolanda Spiess-Hegglin auf einmal nichts mehr wie vorher. Nun war sie zu Gast in einem Seminar von Regula Ludi in Freiburg.<\/strong><\/h4>\n<p>Auf Einladung des Interdisziplin\u00e4ren Instituts f\u00fcr Ethik und Menschenrecht besuchte Jolanda Spiess-Hegglin die Universit\u00e4t Freiburg und sprach zum Thema \u00abHass im Internet. Wie kann man sich dagegen wehren?\u00bb. Nach den medial thematisierten Vorkommnissen nach der Zuger Landammannfeier Ende 2014, welche juristisch nie aufgekl\u00e4rt wurden, wurde sie in den sozialen Medien Zielscheibe zahlreicher Verunglimpfungen. Mittlerweile ist sie Gesch\u00e4ftsf\u00fchrerin des Vereins #NetzCourage, der gegen Hassreden, Diskriminierung und Rassismus im Internet k\u00e4mpft.<\/p>\n<p><strong>Internet und soziale Medien sind das Schlachtfeld des 21. Jahrhunderts geworden: Wie bewaffnet man sich am besten?<br \/>\n<\/strong>Ein Aufr\u00fcsten mit Munition ist nie gut in keinem Konflikt. Ich bin da eher eine Verfechterin der kontrollierten Entwaffnung. Kommt es zu Konflikten, sollte die Deeskalation das Ziel sein. Einfach nie mit hohem Puls zur\u00fcckballern. Es stellt sich ohnehin die Frage, in welchen Situationen man \u00fcberhaupt reagieren soll. Ist das Ziel des Gegen\u00fcbers die pure Provokation, beendet man die Diskussion am besten. Werden hingegen Menschen verleumdet, muss man handeln und entgegnen, mit Fakten. Denn wenn das nicht geschieht, wenn nicht widersprochen wird, werden Unwahrheiten zu Tatsachen. Und das ist f\u00fcr die Betroffenen schwer zu ertragen.<br \/>\nIch versuche stets, die T\u00e4ter aus der Anonymit\u00e4t zu zerren und sie zu einem Kaffee zu treffen. Das wirkt Wunder.<\/p>\n<p><strong>Als Zuger Kantonsr\u00e4tin kannte man Sie kaum, heute sind Sie schweizweit bekannt: Versp\u00fcren Sie manchmal auch Druck, nun etwas Besonderes leisten zu m\u00fcssen, den Hoffnungen anderer Opfer zu gen\u00fcgen?<\/strong><br \/>\nIch glaube, der Drang zu helfen, war schon immer in mir drin. Ich mache es wirklich gern, aber einen Druck versp\u00fcre ich nicht. Ich mache im Leben nur noch Dinge, welche ich gerne mache. R\u00fcckblickend muss ich auch sagen, dass ich in Zug wohl keine dicken Stricke zerrissen h\u00e4tte. Im Zuger Kantonsrat ists eng, konservativ, man ist gerade als Frau sehr gefangen und kleingehalten. Das b\u00fcrgerliche Patriarchat l\u00e4sst es fast nicht zu, dass in Zug Frauen geh\u00f6rt werden. Durch die sozialen Medien hingegen habe ich eine M\u00f6glichkeit gefunden, nicht nur Dinge zu bewegen, sondern Berge zu versetzen. Auch in Sachen Reichweite habe ich die Zuger Politiker und auch die Lokalpresse weit hinter mir gelassen. Und das ist gut so.<\/p>\n<p><strong>Sie haben soeben gegen Ringier\/Blick gewonnen, Begr\u00fcndung: \u00abeine schwere, nicht gerechtfertigte Verletzung der Pers\u00f6nlichkeit\u00bb und ein \u00abkrasser Eingriff in die Intimsph\u00e4re\u00bb: Was bedeutet das f\u00fcr Sie nun?<\/strong><br \/>\nF\u00fcr mich und auch meine Familie bedeutet dieses Urteil ein Meilenstein in der Aufarbeitung dieser schlimmen Geschichte. Und es ist der Grundstein zur Disziplinierung des Gr\u00fcsel-Boulevard.<\/p>\n<p><strong>Werden Sie nun wie angek\u00fcndigt den Verlag auf Herausgabe des im Zusammenhang mit ihrer Geschichte (\u00fcber 200 Artikel) erzielten Gewinns verklagen?<\/strong><br \/>\nDas kann ich mir sehr gut vorstellen, denn diese M\u00f6glichkeit haben wir jetzt. Wir warten jetzt mal ab und schauen, was passiert. Wenn Ringier von sich aus disziplinierende Massnahmen trifft, k\u00f6nnen wir \u00fcber alles reden. Ich bin nicht daf\u00fcr bekannt, dass ich stur bin. Aber da Blick mich und meine Familie fast vernichtet hat, muss jetzt was passieren. In den allermeisten F\u00e4llen fehlt den Medienopfern die Kraft, um bis zum Schluss f\u00fcr ihr Recht einzustehen. Ich habe das grosse Gl\u00fcck, dass ich ein wahnsinnig unterst\u00fctzendes Umfeld habe. Und wir m\u00f6chten gemeinsam das System \u00e4ndern. Denn das, was ich erlebt habe, darf nie mehr passieren.<\/p>\n<p><strong>Sie sind ehemalige Journalistin: Wie ist heute Ihr Verh\u00e4ltnis zu Medienschaffenden?<br \/>\n<\/strong>Ich glaube an guten Journalismus, zudem brauchen wir ihn. In jeder Redaktion kenne ich wirklich gute Leute, sogar bei Blick. Das Problem liegt ja auch nicht in erster Linie bei den Medienschaffenden, sondern bei den Interessen der Verleger und Chefredaktionen. Dort wird entschieden, wer gejagt wird, und daraus will Profit geschlagen werden. Das sind v\u00f6llig falsche Anreize. Es ist falsch, Leben zu zerst\u00f6ren, um m\u00f6glichst viel Aufmerksamkeit und Geld zu generieren. In meinem Fall fehlten zudem die Kontrollmechanismen. Normalerweise erscheint bei einer Boulevardkampagne nach einigen Tagen ein sachlicher, deeskalierender Artikel einer seri\u00f6sen Zeitung. Gegen mich haben auch \u00abTages-Anzeiger\u00bb und \u00abNZZ\u00bb mitgehetzt. Jetzt braucht es eine gewisse \u00c4nderung im System. Derzeit herrscht ein Rennen um Gru\u0308sel-Schlagzeilen, und es gibt regelrechte Klick-Orgien unter den Onlinemedien. Der mediale Pranger, das Ausbeuten von Menschen, das muss aufh\u00f6ren.<\/p>\n<p><strong>Wie gehen Sie eigentlich mit dem t\u00e4glichen Hass um?<br \/>\n<\/strong>Dabei hilft mir meine Familie, sie w\u00fcrde mir sagen, wenn ich kalt werden w\u00fcrde. Davon bin ich weit entfernt. Ich habe zwar mittlerweile ein dickes Fell, doch solange ich mich auf Opfer und auf T\u00e4ter einlassen kann, bewahre ich mir Menschlichkeit.<\/p>\n<p><strong>Was hat Ihr Engagement aus Ihnen selber gemacht?<br \/>\n<\/strong>Ich habe zu lange zugeschaut, wie alles irgendwie passiert, wie auf meinem Buckel Interessen verfolgt werden. Seit ich mich entschieden habe, f\u00fcr meine vermeintlich verlorene Ehre zu k\u00e4mpfen, geht es mir besser als Mensch. Ich habe mehr Kontrolle, ich kann besser filtern, was ich brauche und was nicht. Mein Freundeskreis hat sich seither aber halbiert. Weil es darunter Leute gab, die fanden, ich solle doch mal ruhig sein. Es ist meine Entscheidung, wie ich mit einer solchen Krise umgehe.<\/p>\n<div class=\"clear\" style=\"height:20px\"><\/div>\n<p><span style=\"color: #ff6600;\">__________<\/span><br \/>\n<div class=\"clear\" style=\"height:20px\"><\/div>\n<ul>\n<li>Veranstaltung <a href=\"https:\/\/agenda.unifr.ch\/e\/de\/?eventid=5852\" target=\"_blank\" rel=\"noopener\">Hass im Internet<\/a> an der Unifr<\/li>\n<li>Website des gemeinn\u00fctzigen Vereins <a href=\"https:\/\/www.netzcourage.ch\/\" target=\"_blank\" rel=\"noopener\">#NetzCourage<\/a>, der sich gegen Hassrede, Diskriminierung und Rassismus im Internet stellt<\/li>\n<li><a href=\"https:\/\/www.srf.ch\/play\/tv\/sendung\/medienclub?id=c6d39e43-98a0-0001-ec1a-10601a00a130\" target=\"_blank\" rel=\"noopener\">Sendung Medienclub<\/a>, SRF 1: Urteil \u00abSpiess-Hegglin\u00bb: Medien-Maulkorb oder mehr Pers\u00f6nlichkeitsschutz?<\/li>\n<li>Medienmitteilung des <a href=\"https:\/\/www.zg.ch\/behoerden\/zivil-und-strafrechtspflege\/kantonsgericht\" target=\"_blank\" rel=\"noopener\">Zuger Kantonsgerichts<\/a><\/li>\n<li>Rede von Jolanda Spiess-Hegglin am <a href=\"https:\/\/winkelriedtoechter.ch\/blog\/lightning-talk-reporter-forum-volkshaus-zuerich-19102018\" target=\"_blank\" rel=\"noopener\">Reporter-Forum 2018<\/a><\/li>\n<\/ul>\n<div class=\"clear\" style=\"height:20px\"><\/div>\n<div class=\"clear\" style=\"height:20px\"><\/div>\n","protected":false},"excerpt":{"rendered":"<p>W\u00fcsteste Beschimpfungen, Vergewaltigungs- und Morddrohungen \u2013 sie hat alles durchgemacht. Nach einem Artikel im Blick, in welchem sie als mutmassliches Opfer eines Sexualdelikts mit Bild und Namen identifiziert wurde, war f\u00fcr die ehemalige gr\u00fcne Zuger Kantonsr\u00e4tin Jolanda Spiess-Hegglin auf einmal nichts mehr wie vorher. Nun war sie zu Gast in einem Seminar von Regula Ludi in Freiburg. Auf Einladung des Interdisziplin\u00e4ren Instituts f\u00fcr Ethik und Menschenrecht besuchte Jolanda Spiess-Hegglin die Universit\u00e4t Freiburg und sprach zum Thema \u00abHass im Internet. Wie kann man sich dagegen wehren?\u00bb. Nach den medial thematisierten Vorkommnissen nach der Zuger Landammannfeier Ende 2014, welche juristisch nie aufgekl\u00e4rt<\/p>\n","protected":false},"author":41,"featured_media":8451,"comment_status":"open","ping_status":"closed","sticky":true,"template":"","format":"standard","meta":{"footnotes":""},"categories":[196,75],"tags":[1118,256],"_links":{"self":[{"href":"https:\/\/www.unifr.ch\/alma-georges\/wp-json\/wp\/v2\/posts\/8472"}],"collection":[{"href":"https:\/\/www.unifr.ch\/alma-georges\/wp-json\/wp\/v2\/posts"}],"about":[{"href":"https:\/\/www.unifr.ch\/alma-georges\/wp-json\/wp\/v2\/types\/post"}],"author":[{"embeddable":true,"href":"https:\/\/www.unifr.ch\/alma-georges\/wp-json\/wp\/v2\/users\/41"}],"replies":[{"embeddable":true,"href":"https:\/\/www.unifr.ch\/alma-georges\/wp-json\/wp\/v2\/comments?post=8472"}],"version-history":[{"count":3,"href":"https:\/\/www.unifr.ch\/alma-georges\/wp-json\/wp\/v2\/posts\/8472\/revisions"}],"predecessor-version":[{"id":23262,"href":"https:\/\/www.unifr.ch\/alma-georges\/wp-json\/wp\/v2\/posts\/8472\/revisions\/23262"}],"wp:featuredmedia":[{"embeddable":true,"href":"https:\/\/www.unifr.ch\/alma-georges\/wp-json\/wp\/v2\/media\/8451"}],"wp:attachment":[{"href":"https:\/\/www.unifr.ch\/alma-georges\/wp-json\/wp\/v2\/media?parent=8472"}],"wp:term":[{"taxonomy":"category","embeddable":true,"href":"https:\/\/www.unifr.ch\/alma-georges\/wp-json\/wp\/v2\/categories?post=8472"},{"taxonomy":"post_tag","embeddable":true,"href":"https:\/\/www.unifr.ch\/alma-georges\/wp-json\/wp\/v2\/tags?post=8472"}],"curies":[{"name":"wp","href":"https:\/\/api.w.org\/{rel}","templated":true}]}}