{"id":8425,"date":"2019-05-16T12:23:26","date_gmt":"2019-05-16T11:23:26","guid":{"rendered":"https:\/\/www3.unifr.ch\/alma-georges?p=8425"},"modified":"2019-05-16T12:59:53","modified_gmt":"2019-05-16T11:59:53","slug":"cantonneau-revient","status":"publish","type":"post","link":"https:\/\/www.unifr.ch\/alma-georges\/articles\/2019\/cantonneau-revient?lang=de","title":{"rendered":"Cantonneau revient"},"content":{"rendered":"<h4><strong>Les amateurs fribourgeois de Tintin le connaissent, bien s\u00fbr. Pour les autres, voici l&rsquo;occasion de le rencontrer. Professeur \u00e0 l&rsquo;Universit\u00e9 de Fribourg et figure de trois albums des <em>Aventures de Tintin<\/em>, Paul Cantonneau est n\u00e9 de l&rsquo;imagination de Herg\u00e9 en 1941. La Ville de Fribourg et le Jardin botanique de l&rsquo;Unifr auront la joie d&rsquo;accueillir ce personnage p<\/strong><strong>lut\u00f4t myst\u00e9rieux et discret<\/strong><strong>, le 22 mai prochain, \u00e0 l&rsquo;occasion d&rsquo;un vernissage surprise et d&rsquo;une exposition \u00e9ph\u00e9m\u00e8re. Jean Rime, charg\u00e9 de cours \u00e0 l&rsquo;Unifr et tintinophile averti fera partie du comit\u00e9 d&rsquo;accueil.<br \/>\n<\/strong><\/h4>\n<p><strong>Jean Rime, le Professeur Cantonneau revient \u00e0 Fribourg\u2026. Mais o\u00f9 \u00e9tait-il donc pass\u00e9?<\/strong><br \/>\nSelon <em>L\u2019Etoile myst\u00e9rieuse<\/em>, il quitte temporairement Fribourg pour une mission du Fonds europ\u00e9en de recherches scientifiques en Arctique, ce qui indique une pr\u00e9alable renomm\u00e9e internationale. Fort de cette r\u00e9putation, il participe ensuite \u00e0 l\u2019exp\u00e9dition arch\u00e9ologique au P\u00e9rou relat\u00e9e dans <em>Les 7 Boules de cristal<\/em>. Or \u00e0 ce moment-l\u00e0, puisque Tintin habite non loin de chez lui, il semble avoir d\u00e9m\u00e9nag\u00e9 \u00e0 Bruxelles\u00a0: la ville n\u2019est pas nomm\u00e9e, mais les dessins rec\u00e8lent d\u2019indubitables d\u00e9tails architecturaux comme l\u2019embl\u00e9matique h\u00f4tel M\u00e9tropole. Dans sa carri\u00e8re, il suit donc peut-\u00eatre les traces de son compatriote vaudois Auguste Piccard, engag\u00e9 \u00e0 l&rsquo;Universit\u00e9 libre de Bruxelles en 1922; cet a\u00een\u00e9, en qui Herg\u00e9 reconna\u00eetra le mod\u00e8le du Professeur Tournesol, assiste d\u2019ailleurs discr\u00e8tement au d\u00e9part du bateau polaire <em>Aurore<\/em>.<\/p>\n<div class=\"clear\" style=\"height:20px\"><\/div>\n<h6><a href=\"https:\/\/www.unifr.ch\/alma-georges\/wp-content\/uploads\/2019\/05\/C09_17_C3_COLOR_copyright.jpg\"><img decoding=\"async\" loading=\"lazy\" class=\"wp-image-8381\" src=\"https:\/\/www.unifr.ch\/alma-georges\/wp-content\/uploads\/2019\/05\/C09_17_C3_COLOR_copyright-1024x791.jpg\" alt=\"\" width=\"508\" height=\"392\" srcset=\"https:\/\/www.unifr.ch\/alma-georges\/wp-content\/uploads\/2019\/05\/C09_17_C3_COLOR_copyright-1024x791.jpg 1024w, https:\/\/www.unifr.ch\/alma-georges\/wp-content\/uploads\/2019\/05\/C09_17_C3_COLOR_copyright-300x232.jpg 300w, https:\/\/www.unifr.ch\/alma-georges\/wp-content\/uploads\/2019\/05\/C09_17_C3_COLOR_copyright-768x594.jpg 768w, https:\/\/www.unifr.ch\/alma-georges\/wp-content\/uploads\/2019\/05\/C09_17_C3_COLOR_copyright.jpg 1242w\" sizes=\"(max-width: 508px) 100vw, 508px\" \/><\/a><br \/>\n<em> Tintin et le Capitaine Haddock rencontrent le Professeur Paul Cantonneau pour la premi\u00e8re fois \u00e0 bord de l&rsquo;Aurore, dans l&rsquo;<\/em>Etoile myst\u00e9rieuse<em>.<\/em><\/h6>\n<div class=\"clear\" style=\"height:20px\"><\/div><strong><br \/>\nVous-m\u00eame marchez sur ses pas puisqu\u2019il \u00e9tait professeur \u00e0 l\u2019Universit\u00e9 de Fribourg\u2026 Le connaissez-vous bien?<br \/>\n<\/strong>Les lettreux n\u2019ont gu\u00e8re l\u2019occasion de fr\u00e9quenter les laboratoires de P\u00e9rolles. Mais vu les incidents et maux divers qui \u00e9maillent son parcours, il vaut probablement mieux ne pas le c\u00f4toyer de trop pr\u00e8s\u2026 D\u2019un c\u00f4t\u00e9, il repr\u00e9sente une science aventureuse et exaltante, o\u00f9 partir \u00e0 la recherche d\u2019un a\u00e9rolithe ou d\u2019une momie inca importe davantage qu\u2019une liste d\u2019arides publications (en quoi il rejoint d\u2019ailleurs la vocation de reporter telle que la pratique Tintin). D\u2019un autre c\u00f4t\u00e9, Cantonneau et ses confr\u00e8res de l\u2019<em>Aurore <\/em>incarnent l\u2019inertie de la science institutionnelle, puisqu\u2019\u00e0 bord, ils ne servent litt\u00e9ralement \u00e0 rien. En fait, leur seule fonction est d\u2019<em>\u00eatre l\u00e0<\/em>, ce qui, dans le contexte g\u00e9opolitique de la Belgique occup\u00e9e, est d\u00e9j\u00e0 significatif. Ambassadeurs d\u2019une Europe choisie mais unie, ils font corps contre l\u2019imp\u00e9rialisme de la finance, diabolis\u00e9e \u00e0 l\u2019\u00e9poque dans la caricature du banquier jud\u00e9o-am\u00e9ricain. Ils offrent en m\u00eame temps un contrepoids placide et comique aux angoisses hallucin\u00e9es de fin du monde. A travers leur impassible rectitude s\u2019esquisse donc la satire subtilement pond\u00e9r\u00e9e d\u2019une science qui se prendrait trop au s\u00e9rieux mais n\u00e9anmoins n\u00e9cessaire: une alternative au type du savant fou endoss\u00e9 par le pseudo-proph\u00e8te Philippulus ou \u00e0 celui du savant distrait. Du point de vue de l\u2019imaginaire scientifique, <em>L\u2019Etoile myst\u00e9rieuse<\/em>, dessin\u00e9 au c\u0153ur de la guerre, est un album fascinant, un sismographe des fantasmes et des peurs de la soci\u00e9t\u00e9 contemporaine.<\/p>\n<p><strong>Mais il reste, un peu comme ce vieil oncle d\u2019Am\u00e9rique, plut\u00f4t myst\u00e9rieux\u2026<br \/>\n<\/strong>Je l\u2019ai m\u00eame surnomm\u00e9 \u00abl\u2019\u00e9toile myst\u00e9rieuse de Fribourg\u00bb. Puisqu\u2019il participe \u00e0 deux exp\u00e9ditions fort diff\u00e9rentes, on ignore jusqu\u2019\u00e0 sa sp\u00e9cialit\u00e9 scientifique! Mais cette incongruit\u00e9, souvent relev\u00e9e, ne forme que la partie \u00e9merg\u00e9e de l\u2019iceberg. Cantonneau arrive le premier sur l\u2019<em>Aurore<\/em> avec des informations apparemment br\u00fblantes\u2026 qu\u2019il ne d\u00e9livrera jamais, interrompu par le cours des \u00e9v\u00e9nements. Lors du d\u00eener \u00e0 bord, son regard se r\u00e9v\u00e8le fuyant. Durant toute la mission, il se distingue discr\u00e8tement de ses confr\u00e8res tout en affichant une plus grande proximit\u00e9 avec Tintin. M\u00eame son portrait officiel, o\u00f9 son binocle est mal ajust\u00e9, trahit l\u2019originalit\u00e9 du personnage. A Fribourg, plusieurs historiens, de Jean Steinauer et Hubertus von Gemmingen \u00e0 Alain Clavien, ont tent\u00e9 de combler les lacunes de sa biographie. Gageons que ce retour, orchestr\u00e9 \u00e0 l\u2019initiative d\u2019Alain-Jacques Tornare, permettra de lever encore un coin du voile. Mais il faut dire qu\u2019Herg\u00e9 affectionnait particuli\u00e8rement les scientifiques atypiques, \u00e0 l\u2019image de Bernard Heuvelmans, fondateur de la cryptozoologie et <em>designer<\/em> du y\u00e9ti de <em>Tintin au Tibet<\/em>, Alexandre Ananoff, pionnier de la vulgarisation a\u00e9ronautique consult\u00e9 pour <em>On a march\u00e9 sur la Lune <\/em>et reconverti sur le tard en historien de l\u2019art du XVIII<sup>e<\/sup> si\u00e8cle, ou encore Jacques Bergier, transpos\u00e9 dans <em>Vol 714 pour Sydney<\/em>.<\/p>\n<div class=\"clear\" style=\"height:20px\"><\/div>\n<h6><a href=\"https:\/\/www.unifr.ch\/alma-georges\/wp-content\/uploads\/2019\/05\/C09_24_B_strip_COLOR.jpg\"><img decoding=\"async\" loading=\"lazy\" class=\"wp-image-8379\" src=\"https:\/\/www.unifr.ch\/alma-georges\/wp-content\/uploads\/2019\/05\/C09_24_B_strip_COLOR-1024x168.jpg\" alt=\"\" width=\"1100\" height=\"180\" srcset=\"https:\/\/www.unifr.ch\/alma-georges\/wp-content\/uploads\/2019\/05\/C09_24_B_strip_COLOR-1024x168.jpg 1024w, https:\/\/www.unifr.ch\/alma-georges\/wp-content\/uploads\/2019\/05\/C09_24_B_strip_COLOR-300x49.jpg 300w, https:\/\/www.unifr.ch\/alma-georges\/wp-content\/uploads\/2019\/05\/C09_24_B_strip_COLOR-768x126.jpg 768w\" sizes=\"(max-width: 1100px) 100vw, 1100px\" \/><\/a><br \/>\n<em> Dans l&rsquo;<\/em>Etoile myst\u00e9rieuse, le Professeur Cantonneau<em> embarque sur l&rsquo;Aurore, le bateau du Capitaine Haddock, avec 5 autres savants qui, tous, souffrent du mal de mer. Copyright Herg\u00e9 \/ Moulinsart 2019<br \/>\n<\/em><\/h6>\n<div class=\"clear\" style=\"height:20px\"><\/div><strong><br \/>\nHerg\u00e9 aimait beaucoup la Suisse romande et nous le lui rendons bien, n\u2019est-ce pas?<br \/>\n<\/strong>Au moment o\u00f9 il cr\u00e9e Cantonneau, en novembre 1941, il ne conna\u00eet <em>de visu <\/em>que la Suisse orientale, d\u00e9couverte avec les scouts durant son adolescence. Mais ses r\u00e9cits paraissent depuis 1932 dans <em>L\u2019Echo illustr\u00e9<\/em>, hebdomadaire catholique \u00e9dit\u00e9 \u00e0 Gen\u00e8ve, et il croit beaucoup au potentiel du march\u00e9 romand. Le choix de cr\u00e9er un savant suisse est sans doute un clin d\u2019\u0153il, qui a de surcro\u00eet l\u2019avantage \u2013 pays neutre oblige \u2013 de m\u00e9nager la susceptibilit\u00e9 de la censure d\u2019occupation qui contr\u00f4le alors le quotidien belge <em>Le Soir<\/em> pour lequel il travaille. Il s\u2019appuie aussi sur la r\u00e9putation d\u2019excellence scientifique et de diplomatie internationale de la Suisse, qui motivera l\u2019argument de <em>L\u2019Affaire Tournesol<\/em> (1954-1956), con\u00e7u juste apr\u00e8s la fondation du CERN. Mais entre-temps, \u00e0 partir de 1947, Herg\u00e9 a multipli\u00e9 les s\u00e9jours sur les rives du L\u00e9man, qui mat\u00e9rialise et panse tout \u00e0 la fois une lancinante d\u00e9pression. Finalement, la gu\u00e9rison de Cantonneau \u00e0 la fin du <em>Temple du Soleil<\/em>, apr\u00e8s une longue l\u00e9thargie, accompagne en quelque sorte la renaissance de son cr\u00e9ateur. La trajectoire du personnage embrasse symboliquement une d\u00e9cennie centrale dans la vie et l\u2019\u0153uvre du dessinateur.<\/p>\n<p><a href=\"https:\/\/www.unifr.ch\/alma-georges\/wp-content\/uploads\/2019\/05\/Jean-Rime-Photo-Guillemette-Colomb.jpg\"><img decoding=\"async\" loading=\"lazy\" class=\"wp-image-8384\" src=\"https:\/\/www.unifr.ch\/alma-georges\/wp-content\/uploads\/2019\/05\/Jean-Rime-Photo-Guillemette-Colomb-1024x911.jpg\" alt=\"\" width=\"353\" height=\"313\" srcset=\"https:\/\/www.unifr.ch\/alma-georges\/wp-content\/uploads\/2019\/05\/Jean-Rime-Photo-Guillemette-Colomb-1024x911.jpg 1024w, https:\/\/www.unifr.ch\/alma-georges\/wp-content\/uploads\/2019\/05\/Jean-Rime-Photo-Guillemette-Colomb-300x267.jpg 300w, https:\/\/www.unifr.ch\/alma-georges\/wp-content\/uploads\/2019\/05\/Jean-Rime-Photo-Guillemette-Colomb-768x684.jpg 768w\" sizes=\"(max-width: 353px) 100vw, 353px\" \/><\/a><\/p>\n<h6><em>Jean Rime est charg\u00e9 de cours en litt\u00e9rature fran\u00e7aise \u00e0 l&rsquo;Unifr.<\/em><\/h6>\n<p><strong>A l\u2019occasion de cette visite exceptionnelle, vous pr\u00e9senterez une conf\u00e9rence grand public. Quelle surprise nous r\u00e9servez-vous ?<\/strong><br \/>\nJ\u2019\u00e9voquerai bien s\u00fbr la \u00abseconde vie\u00bb du Professeur Cantonneau, sa \u00abl\u00e9gende\u00bb fribourgeoise, conform\u00e9ment au th\u00e8me de la Nuit des mus\u00e9es. Mais j\u2019essaierai surtout de relire en d\u00e9tail les cases et s\u00e9quences o\u00f9 il appara\u00eet pour tenter, sinon d\u2019en percer tous les secrets, du moins de d\u00e9crypter, \u00e0 partir de cette figure somme toute secondaire des <em>Aventures de Tintin<\/em>, l\u2019art narratif d\u2019Herg\u00e9 et sa mani\u00e8re de r\u00e9investir l\u2019imaginaire social. Enfin, il y aura quelques <em>scoops<\/em>, issus notamment de recherches en Belgique, sur les raisons qui ont pu pousser l\u2019auteur \u00e0 choisir Fribourg, une ville <em>a priori <\/em>moins pr\u00e9destin\u00e9e \u00e0 cet emploi que Gen\u00e8ve, Lausanne, B\u00e2le ou Zurich. Que les b\u00e2timents de Mis\u00e9ricorde aient \u00e9t\u00e9 inaugur\u00e9s quelques mois avant l\u2019apparition du Professeur Cantonneau n\u2019y est peut-\u00eatre pas \u00e9tranger&#8230;<\/p>\n<div class=\"clear\" style=\"height:20px\"><\/div>\n<p><span style=\"color: #ff6600;\">__________<\/span><\/p>\n<div class=\"clear\" style=\"height:20px\"><\/div>\n<ul>\n<li><a href=\"https:\/\/www.unifr.ch\/news\/fr\/21343?utm_source=news&amp;utm_medium=&amp;utm_campaign=redirection_from_homehttp%3A%2F%2Fwww3.unifr.ch%2Fhome%2Ffr%2F\" target=\"_blank\" rel=\"noopener\">Communiqu\u00e9 de presse<\/a> sur le vernissage et l&rsquo;exposition \u00e9ph\u00e9m\u00e8re<\/li>\n<li><a href=\"https:\/\/www.jeanrime.com\/a-propos\" target=\"_blank\" rel=\"noopener\">Jean Rime <\/a>donnera une conf\u00e9rence intitul\u00e9e \u00abPaul Cantonneau, l\u2019\u00e9toile myst\u00e9rieuse de Fribourg \u2013 Conf\u00e9rence sur l\u2019imaginaire scientifique d\u2019Herg\u00e9\u00bb \u00e0 l&rsquo;occasion de la <a href=\"http:\/\/www.ndm-fribourg.ch\/site\/le-programme\/\" target=\"_blank\" rel=\"noopener\">Nuit des Mus\u00e9es<\/a>. Rendez-vous \u00e0 20h00 dans l&rsquo;Auditoire de biologie v\u00e9g\u00e9tale, Rue Albert Gockel 3, 1700 Fribourg.<\/li>\n<li>Images de une: copyright Herg\u00e9 \/ Moulinsart 2019<\/li>\n<\/ul>\n<div class=\"clear\" style=\"height:20px\"><\/div>\n<div class=\"clear\" style=\"height:20px\"><\/div>\n","protected":false},"excerpt":{"rendered":"<p>Les amateurs fribourgeois de Tintin le connaissent, bien s\u00fbr. Pour les autres, voici l&rsquo;occasion de le rencontrer. Professeur \u00e0 l&rsquo;Universit\u00e9 de Fribourg et figure de trois albums des Aventures de Tintin, Paul Cantonneau est n\u00e9 de l&rsquo;imagination de Herg\u00e9 en 1941. La Ville de Fribourg et le Jardin botanique de l&rsquo;Unifr auront la joie d&rsquo;accueillir ce personnage plut\u00f4t myst\u00e9rieux et discret, le 22 mai prochain, \u00e0 l&rsquo;occasion d&rsquo;un vernissage surprise et d&rsquo;une exposition \u00e9ph\u00e9m\u00e8re. Jean Rime, charg\u00e9 de cours \u00e0 l&rsquo;Unifr et tintinophile averti fera partie du comit\u00e9 d&rsquo;accueil. Jean Rime, le Professeur Cantonneau revient \u00e0 Fribourg\u2026. Mais o\u00f9 \u00e9tait-il<\/p>\n","protected":false},"author":6,"featured_media":8378,"comment_status":"open","ping_status":"closed","sticky":true,"template":"","format":"standard","meta":{"footnotes":""},"categories":[104,113],"tags":[298,293],"_links":{"self":[{"href":"https:\/\/www.unifr.ch\/alma-georges\/wp-json\/wp\/v2\/posts\/8425"}],"collection":[{"href":"https:\/\/www.unifr.ch\/alma-georges\/wp-json\/wp\/v2\/posts"}],"about":[{"href":"https:\/\/www.unifr.ch\/alma-georges\/wp-json\/wp\/v2\/types\/post"}],"author":[{"embeddable":true,"href":"https:\/\/www.unifr.ch\/alma-georges\/wp-json\/wp\/v2\/users\/6"}],"replies":[{"embeddable":true,"href":"https:\/\/www.unifr.ch\/alma-georges\/wp-json\/wp\/v2\/comments?post=8425"}],"version-history":[{"count":1,"href":"https:\/\/www.unifr.ch\/alma-georges\/wp-json\/wp\/v2\/posts\/8425\/revisions"}],"predecessor-version":[{"id":8430,"href":"https:\/\/www.unifr.ch\/alma-georges\/wp-json\/wp\/v2\/posts\/8425\/revisions\/8430"}],"wp:featuredmedia":[{"embeddable":true,"href":"https:\/\/www.unifr.ch\/alma-georges\/wp-json\/wp\/v2\/media\/8378"}],"wp:attachment":[{"href":"https:\/\/www.unifr.ch\/alma-georges\/wp-json\/wp\/v2\/media?parent=8425"}],"wp:term":[{"taxonomy":"category","embeddable":true,"href":"https:\/\/www.unifr.ch\/alma-georges\/wp-json\/wp\/v2\/categories?post=8425"},{"taxonomy":"post_tag","embeddable":true,"href":"https:\/\/www.unifr.ch\/alma-georges\/wp-json\/wp\/v2\/tags?post=8425"}],"curies":[{"name":"wp","href":"https:\/\/api.w.org\/{rel}","templated":true}]}}