{"id":7788,"date":"2019-02-18T14:19:37","date_gmt":"2019-02-18T13:19:37","guid":{"rendered":"https:\/\/www3.unifr.ch\/alma-georges?p=7788"},"modified":"2019-02-18T16:39:44","modified_gmt":"2019-02-18T15:39:44","slug":"die-uni-ist-nach-wie-vor-eine-migros","status":"publish","type":"post","link":"https:\/\/www.unifr.ch\/alma-georges\/articles\/2019\/die-uni-ist-nach-wie-vor-eine-migros","title":{"rendered":"\u00abDie Uni ist nach wie vor eine Migros\u00bb"},"content":{"rendered":"<h4><strong>Es ist nicht immer einfach, der Generation Z (oder kurz <em>Gen Z<\/em>) anzugeh\u00f6ren. Vor lauter Technologien wie WWW, Smartphones, Snapchat und Tablet-PCs, die den Zugang zu den Unendlichen M\u00f6glichkeiten von Studium und Job er\u00f6ffnen, kann man als junger Mensch schnell den \u00dcberblick \u00fcber sein eigenes Leben verlieren: Wo will ich hin? Was ist mir wichtig? Was kann ich mit meinem Studium sp\u00e4ter machen? Und werde ich jemals einen Job finden, bei dem ich um Punkt 17 Uhr Feierabend machen kann? Genau hier kn\u00fcpft die AGAB an.<\/strong><\/h4>\n<div class=\"clear\" style=\"height:20px\"><\/div>\n<p>Die AGAB bzw. ASOU ist die Schweizerische Vereinigung der Fachleute f\u00fcr Beratung und Information im Mittel- und Hochschulbereich \u2013 und sie feiert dieses Jahr Geburtstag! Seit 60 Jahren schon setzt sich die AGAB f\u00fcr Mittelsch\u00fcler_innen, Studierende und Hochschulabsolvierende ein. Damit niemand vor lauter B\u00e4umen den Wald \u00fcbersieht, werden an Fachtagungen und in Fortbildungen aktuelle Themen aufgegriffen. Auf der zweit\u00e4gigen Jubil\u00e4ums-Fachtagung, die Ende Januar an der Uni stattfand, wurden realit\u00e4tsnahe L\u00f6sungen f\u00fcr den Umgang mit Fragen zu beruflichen Zukunft gesucht und gefunden. Ein wichtiges Thema war die digitale Transformation: Was erwartet Hochschulabsolvierende zuk\u00fcnftig in der Personalrekrutierung und \u2013selektion? Welche sind erfolgreiche Social Media-Bewerbungsstrategien? Und was sind die neuesten Spezialit\u00e4ten und Studieng\u00e4nge der Universit\u00e4t Freiburg?<\/p>\n<div class=\"clear\" style=\"height:20px\"><\/div>\n<p><img decoding=\"async\" loading=\"lazy\" class=\"alignnone wp-image-7796 size-large\" src=\"https:\/\/www.unifr.ch\/alma-georges\/wp-content\/uploads\/2019\/02\/DSC00165-1024x683.jpg\" alt=\"\" width=\"680\" height=\"454\" srcset=\"https:\/\/www.unifr.ch\/alma-georges\/wp-content\/uploads\/2019\/02\/DSC00165-1024x683.jpg 1024w, https:\/\/www.unifr.ch\/alma-georges\/wp-content\/uploads\/2019\/02\/DSC00165-300x200.jpg 300w, https:\/\/www.unifr.ch\/alma-georges\/wp-content\/uploads\/2019\/02\/DSC00165-768x512.jpg 768w\" sizes=\"(max-width: 680px) 100vw, 680px\" \/><br \/>\n<div class=\"clear\" style=\"height:20px\"><\/div>\n<p><a href=\"https:\/\/www.unifr.ch\/alma-georges\/wp-content\/uploads\/2019\/02\/DSC00120.jpg\"><img decoding=\"async\" loading=\"lazy\" class=\"alignnone wp-image-7789 size-large\" src=\"https:\/\/www.unifr.ch\/alma-georges\/wp-content\/uploads\/2019\/02\/DSC00120-1024x660.jpg\" alt=\"\" width=\"680\" height=\"438\" srcset=\"https:\/\/www.unifr.ch\/alma-georges\/wp-content\/uploads\/2019\/02\/DSC00120-1024x660.jpg 1024w, https:\/\/www.unifr.ch\/alma-georges\/wp-content\/uploads\/2019\/02\/DSC00120-300x193.jpg 300w, https:\/\/www.unifr.ch\/alma-georges\/wp-content\/uploads\/2019\/02\/DSC00120-768x495.jpg 768w\" sizes=\"(max-width: 680px) 100vw, 680px\" \/><\/a><\/p>\n<div class=\"clear\" style=\"height:20px\"><\/div>\n<p>Wer im Bereich der Studienberatung arbeiten m\u00f6chte, muss den \u00dcberblick behalten k\u00f6nnen und manchmal eiserne Nerven besitzen. Wir haben mit Diana Abegglen und Markus Diem von der Studienberatung Basel \u00fcber ihr Engagement bei der AGAB und ihren besonderen Job gesprochen, den sie seit Jahren mit Leidenschaft ausf\u00fchren:<\/p>\n<div class=\"clear\" style=\"height:20px\"><\/div>\n<p><iframe loading=\"lazy\" src=\"https:\/\/www.youtube.com\/embed\/x9J5v8sko74\" width=\"560\" height=\"315\" frameborder=\"0\" allowfullscreen=\"allowfullscreen\"><\/iframe>\u200b<\/p>\n<div class=\"clear\" style=\"height:20px\"><\/div>\n<span style=\"color: #ff6600;\">__________<\/span><\/p>\n<div class=\"clear\" style=\"height:20px\"><\/div>\n<ul>\n<li><a href=\"https:\/\/www.agab.ch\/de-ch\/\">Webseite<\/a> der AGAB<\/li>\n<\/ul>\n<div class=\"clear\" style=\"height:20px\"><\/div>\n<div class=\"clear\" style=\"height:20px\"><\/div>\n<p>&nbsp;<\/p>\n<p>&nbsp;<\/p>\n","protected":false},"excerpt":{"rendered":"<p>Es ist nicht immer einfach, der Generation Z (oder kurz Gen Z) anzugeh\u00f6ren. Vor lauter Technologien wie WWW, Smartphones, Snapchat und Tablet-PCs, die den Zugang zu den Unendlichen M\u00f6glichkeiten von Studium und Job er\u00f6ffnen, kann man als junger Mensch schnell den \u00dcberblick \u00fcber sein eigenes Leben verlieren: Wo will ich hin? Was ist mir wichtig? Was kann ich mit meinem Studium sp\u00e4ter machen? Und werde ich jemals einen Job finden, bei dem ich um Punkt 17 Uhr Feierabend machen kann? Genau hier kn\u00fcpft die AGAB an. Die AGAB bzw. ASOU ist die Schweizerische Vereinigung der Fachleute f\u00fcr Beratung und Information<\/p>\n","protected":false},"author":48,"featured_media":7808,"comment_status":"open","ping_status":"closed","sticky":true,"template":"","format":"standard","meta":{"footnotes":""},"categories":[85,75],"tags":[],"_links":{"self":[{"href":"https:\/\/www.unifr.ch\/alma-georges\/wp-json\/wp\/v2\/posts\/7788"}],"collection":[{"href":"https:\/\/www.unifr.ch\/alma-georges\/wp-json\/wp\/v2\/posts"}],"about":[{"href":"https:\/\/www.unifr.ch\/alma-georges\/wp-json\/wp\/v2\/types\/post"}],"author":[{"embeddable":true,"href":"https:\/\/www.unifr.ch\/alma-georges\/wp-json\/wp\/v2\/users\/48"}],"replies":[{"embeddable":true,"href":"https:\/\/www.unifr.ch\/alma-georges\/wp-json\/wp\/v2\/comments?post=7788"}],"version-history":[{"count":1,"href":"https:\/\/www.unifr.ch\/alma-georges\/wp-json\/wp\/v2\/posts\/7788\/revisions"}],"predecessor-version":[{"id":7818,"href":"https:\/\/www.unifr.ch\/alma-georges\/wp-json\/wp\/v2\/posts\/7788\/revisions\/7818"}],"wp:featuredmedia":[{"embeddable":true,"href":"https:\/\/www.unifr.ch\/alma-georges\/wp-json\/wp\/v2\/media\/7808"}],"wp:attachment":[{"href":"https:\/\/www.unifr.ch\/alma-georges\/wp-json\/wp\/v2\/media?parent=7788"}],"wp:term":[{"taxonomy":"category","embeddable":true,"href":"https:\/\/www.unifr.ch\/alma-georges\/wp-json\/wp\/v2\/categories?post=7788"},{"taxonomy":"post_tag","embeddable":true,"href":"https:\/\/www.unifr.ch\/alma-georges\/wp-json\/wp\/v2\/tags?post=7788"}],"curies":[{"name":"wp","href":"https:\/\/api.w.org\/{rel}","templated":true}]}}