{"id":7775,"date":"2019-02-18T10:03:25","date_gmt":"2019-02-18T09:03:25","guid":{"rendered":"https:\/\/www3.unifr.ch\/alma-georges?p=7775"},"modified":"2019-02-18T10:21:09","modified_gmt":"2019-02-18T09:21:09","slug":"lidentite-au-coeur-du-nouveau-cycle-droit-dans-le-cinema","status":"publish","type":"post","link":"https:\/\/www.unifr.ch\/alma-georges\/articles\/2019\/lidentite-au-coeur-du-nouveau-cycle-droit-dans-le-cinema","title":{"rendered":"L\u2019identit\u00e9 au c\u0153ur du nouveau cycle \u00abDroit dans le cin\u00e9ma\u00bb"},"content":{"rendered":"<h4><strong>Ce printemps, le \u00abDroit dans le cin\u00e9ma\u00bb se penche sur la question de l&rsquo;identit\u00e9 sous toutes ses formes. Le cycle s&rsquo;ouvre ce mercredi, 20 f\u00e9vrier, au cin\u00e9ma Rex avec la projection de <em>Chris the Swiss, <\/em>d&rsquo;Anja Kofmel. Son organisateur, le Prof. Walter Stoffel, r\u00e9pond \u00e0 quelques questions.<\/strong><\/h4>\n<div class=\"clear\" style=\"height:20px\"><\/div>\n<p><strong>Identit\u00e9 personnelle, nationale, sociale, de genre\u2026 Le cycle aborde la question sous toutes ses formes. Quel est le point commun entre ces films?<\/strong><br \/>\nC&rsquo;est bien par la question\u00a0identitaire, que\u00a0nous nous d\u00e9finissons en tant qu&rsquo;individu, en tant que groupe ou en tant qu&rsquo;entit\u00e9 \u00e9tatique. L&rsquo;identit\u00e9 est\u00a0essentielle et fragile en m\u00eame temps. Autant dire que les r\u00e8gles juridiques sont essentielles, elles aussi. Mais nous ne le r\u00e9alisons pas toujours \u00e0 temps. Le cycle aimerait mettre le doigt sur les questions identitaires cach\u00e9es ou refoul\u00e9es.<\/p>\n<p><strong>L\u2019identit\u00e9 n\u2019est-elle pas une question toute personnelle? Que vient faire le droit l\u00e0-dedans?<\/strong> Pour l&rsquo;individu,\u00a0elle est en effet tr\u00e8s personnelle, c&rsquo;est bien\u00a0pour\u00a0cela qu&rsquo;elle jouit d&rsquo;une protection particuli\u00e8re. Mais un groupe, voire la ou les population(s) d&rsquo;un Etat, ont aussi une l&rsquo;identit\u00e9; l\u00e0 encore, un encadrement juridique est n\u00e9cessaire, si l&rsquo;on veut \u00e9viter des d\u00e9rapages.<\/p>\n<p><strong>On parle aujourd\u2019hui \u00e9galement du droit \u00e0 l\u2019identit\u00e9. Qu\u2019est-ce que cela signifie?<\/strong><br \/>\nOn entend g\u00e9n\u00e9ralement par cette tournure le droit \u00e0\u00a0l&rsquo;auto-d\u00e9termination en mati\u00e8re d&rsquo;identit\u00e9 (culturelle, linguistique, sexuelle), et au respect de ce choix par la soci\u00e9t\u00e9.<\/p>\n<p><strong>Justement, s&rsquo;il s\u2019agit d\u2019un droit \u00e0 la naissance, l\u2019identit\u00e9 peut-elle aussi relever d\u2019un choix?\u00a0<\/strong><br \/>\nOui, la perception d&rsquo;une personne ou d&rsquo;un groupe entier peut changer avec le temps. Si \u00e7a arrive, c&rsquo;est souvent douloureux pour la personne concern\u00e9e. Et c&rsquo;est m\u00eame\u00a0conflictuelle si le changement touche des \u00a0groupes, les gens r\u00e9agissent violemment s&rsquo;ils se sentent menac\u00e9s dans leur identit\u00e9.<\/p>\n<div class=\"clear\" style=\"height:20px\"><\/div>\n<span style=\"color: #ff6600;\">__________<\/span><\/p>\n<div class=\"clear\" style=\"height:20px\"><\/div>\n<ul>\n<li><a href=\"https:\/\/www3.unifr.ch\/ius\/stoffel\/fr\/droitcinema\/2019\/\" target=\"_blank\" rel=\"noopener\">Toutes les informations <\/a>sur le cycle \u00abDroit dans le cin\u00e9ma\u00bb. La premi\u00e8re s\u00e9ance aura lieu le mercredi 20 f\u00e9vrier 2019 au<a href=\"https:\/\/www.cinemotion.ch\/film-reader.html?id=7306\" target=\"_blank\" rel=\"noopener\"> Cin\u00e9ma Rex<\/a>.<\/li>\n<li><a href=\"https:\/\/www3.unifr.ch\/ius\/stoffel\/fr\/chaire\/team\/walter-stoffel.html\" target=\"_blank\" rel=\"noopener\">Page<\/a> de Walter Stoffel<\/li>\n<\/ul>\n<div class=\"clear\" style=\"height:20px\"><\/div>\n<div class=\"clear\" style=\"height:20px\"><\/div>\n","protected":false},"excerpt":{"rendered":"<p>Ce printemps, le \u00abDroit dans le cin\u00e9ma\u00bb se penche sur la question de l&rsquo;identit\u00e9 sous toutes ses formes. Le cycle s&rsquo;ouvre ce mercredi, 20 f\u00e9vrier, au cin\u00e9ma Rex avec la projection de Chris the Swiss, d&rsquo;Anja Kofmel. Son organisateur, le Prof. Walter Stoffel, r\u00e9pond \u00e0 quelques questions. Identit\u00e9 personnelle, nationale, sociale, de genre\u2026 Le cycle aborde la question sous toutes ses formes. Quel est le point commun entre ces films? C&rsquo;est bien par la question\u00a0identitaire, que\u00a0nous nous d\u00e9finissons en tant qu&rsquo;individu, en tant que groupe ou en tant qu&rsquo;entit\u00e9 \u00e9tatique. L&rsquo;identit\u00e9 est\u00a0essentielle et fragile en m\u00eame temps. Autant dire que<\/p>\n","protected":false},"author":6,"featured_media":7776,"comment_status":"open","ping_status":"closed","sticky":true,"template":"","format":"standard","meta":{"footnotes":""},"categories":[79,75],"tags":[164,273,915],"_links":{"self":[{"href":"https:\/\/www.unifr.ch\/alma-georges\/wp-json\/wp\/v2\/posts\/7775"}],"collection":[{"href":"https:\/\/www.unifr.ch\/alma-georges\/wp-json\/wp\/v2\/posts"}],"about":[{"href":"https:\/\/www.unifr.ch\/alma-georges\/wp-json\/wp\/v2\/types\/post"}],"author":[{"embeddable":true,"href":"https:\/\/www.unifr.ch\/alma-georges\/wp-json\/wp\/v2\/users\/6"}],"replies":[{"embeddable":true,"href":"https:\/\/www.unifr.ch\/alma-georges\/wp-json\/wp\/v2\/comments?post=7775"}],"version-history":[{"count":1,"href":"https:\/\/www.unifr.ch\/alma-georges\/wp-json\/wp\/v2\/posts\/7775\/revisions"}],"predecessor-version":[{"id":7785,"href":"https:\/\/www.unifr.ch\/alma-georges\/wp-json\/wp\/v2\/posts\/7775\/revisions\/7785"}],"wp:featuredmedia":[{"embeddable":true,"href":"https:\/\/www.unifr.ch\/alma-georges\/wp-json\/wp\/v2\/media\/7776"}],"wp:attachment":[{"href":"https:\/\/www.unifr.ch\/alma-georges\/wp-json\/wp\/v2\/media?parent=7775"}],"wp:term":[{"taxonomy":"category","embeddable":true,"href":"https:\/\/www.unifr.ch\/alma-georges\/wp-json\/wp\/v2\/categories?post=7775"},{"taxonomy":"post_tag","embeddable":true,"href":"https:\/\/www.unifr.ch\/alma-georges\/wp-json\/wp\/v2\/tags?post=7775"}],"curies":[{"name":"wp","href":"https:\/\/api.w.org\/{rel}","templated":true}]}}