{"id":7644,"date":"2018-12-13T13:28:03","date_gmt":"2018-12-13T12:28:03","guid":{"rendered":"https:\/\/www3.unifr.ch\/alma-georges?p=7644"},"modified":"2018-12-13T13:51:30","modified_gmt":"2018-12-13T12:51:30","slug":"50-jahre-physikgebaude","status":"publish","type":"post","link":"https:\/\/www.unifr.ch\/alma-georges\/articles\/2018\/50-jahre-physikgebaude","title":{"rendered":"50 Jahre Physikgeb\u00e4ude"},"content":{"rendered":"<h4><strong>1968 wurden die neuen Physik\/Physiologie-Geb\u00e4ude er\u00f6ffnet. Das wird am 13. Dezember gefeiert.<\/strong><\/h4>\n<div class=\"clear\" style=\"height:20px\"><\/div>\nWer sich der Akten zur Geschichte des Physikgeb\u00e4udes annimmt, braucht viel technisches Verst\u00e4ndnis. Oder Freude an Worten, die er nicht versteht. Trittschallisolationsindex, antistatischer Belag, s\u00e4urebest\u00e4ndige Einbrennfarbe, vorgeh\u00e4ngte Fassadeneckelemente, falzlose Einbauelementst\u00f6sse. Als das Geb\u00e4ude 1968 er\u00f6ffnet wurde, lobten es die Fachzeitschriften f\u00fcr Architektur in den h\u00f6chsten und r\u00e4tselhaftesten T\u00f6nen.<br \/>\n<div class=\"clear\" style=\"height:20px\"><\/div>\n<p><a href=\"https:\/\/www.unifr.ch\/alma-georges\/wp-content\/uploads\/2018\/12\/IMG_2609.jpg\"><img decoding=\"async\" loading=\"lazy\" class=\"alignnone wp-image-7650\" src=\"https:\/\/www.unifr.ch\/alma-georges\/wp-content\/uploads\/2018\/12\/IMG_2609-1024x732.jpg\" alt=\"\" width=\"526\" height=\"376\" srcset=\"https:\/\/www.unifr.ch\/alma-georges\/wp-content\/uploads\/2018\/12\/IMG_2609-1024x732.jpg 1024w, https:\/\/www.unifr.ch\/alma-georges\/wp-content\/uploads\/2018\/12\/IMG_2609-300x214.jpg 300w, https:\/\/www.unifr.ch\/alma-georges\/wp-content\/uploads\/2018\/12\/IMG_2609-768x549.jpg 768w\" sizes=\"(max-width: 526px) 100vw, 526px\" \/><\/a><br \/>\n<div class=\"clear\" style=\"height:20px\"><\/div>\n<p><strong>Quo vadis?<\/strong><br \/>\nDie Aufgabe war keine einfache: Es sollten m\u00f6glichst effiziente Geb\u00e4ude gebaut werden. Solche mit viel Inhalt, wenig Oberfl\u00e4che und kurzen Wegen. Nicht umsonst hatte man im Vorfeld genau studiert, wer in Uni-Geb\u00e4uden welche Strecken zur\u00fccklegte und sich wie oft, wie lange wo aufhielt. Also baute man Quadrate und reduzierte den Platz f\u00fcr G\u00e4nge und \u00e4hnliche \u00abtote R\u00e4ume\u00bb auf ein Minimum. Die B\u00fcros verlegte man nach aussen, H\u00f6rs\u00e4le ins Zentrum, mit dem Vermerk, diese br\u00e4uchten ja kein Tageslicht. Noch w\u00e4hrend man baute, wurde manches noch dichter gemacht. Kurz nach der Er\u00f6ffnung verschwanden die Innenh\u00f6fe, womit auch einige Arbeitspl\u00e4tze kein Tageslicht mehr erhielten.<br \/>\n<div class=\"clear\" style=\"height:20px\"><\/div>\n<p><a href=\"https:\/\/www.unifr.ch\/alma-georges\/wp-content\/uploads\/2018\/12\/IMG_2614.jpg\"><img decoding=\"async\" loading=\"lazy\" class=\"alignnone wp-image-7652\" src=\"https:\/\/www.unifr.ch\/alma-georges\/wp-content\/uploads\/2018\/12\/IMG_2614-1024x729.jpg\" alt=\"\" width=\"527\" height=\"375\" srcset=\"https:\/\/www.unifr.ch\/alma-georges\/wp-content\/uploads\/2018\/12\/IMG_2614-1024x729.jpg 1024w, https:\/\/www.unifr.ch\/alma-georges\/wp-content\/uploads\/2018\/12\/IMG_2614-300x214.jpg 300w, https:\/\/www.unifr.ch\/alma-georges\/wp-content\/uploads\/2018\/12\/IMG_2614-768x547.jpg 768w\" sizes=\"(max-width: 527px) 100vw, 527px\" \/><br \/>\n<\/a><div class=\"clear\" style=\"height:20px\"><\/div>\n<p><strong>Skulpturhafte Wendeltreppen<br \/>\n<\/strong>Die Architekten haben an besondere Abwasseranlagen f\u00fcr die Labore gedacht, an die Erreichbarkeit der Ecken f\u00fcr den Staubsauger, an Sandwichplatten, an antistatischen Belag. Und sie bauten Entr\u00e9es mit Betonwendeltreppen, die wir grosse Skulpturen wirken. Nun findet zum 50-j\u00e4hrigen Bestehen der beiden Geb\u00e4ude ein Jubil\u00e4umsanlass statt. Mit Reden von Denkmalsch\u00fctzern, Kunsthistorikern und Architekten. Mit einem Ap\u00e9ro, der m\u00f6glicherweise ebenfalls Sandwichplatten enth\u00e4lt. Und es werden dabei Worte fallen, die so eine poetisch-architektonische Kraft haben, dass man sie bloss fl\u00fcstern sollte: Trittschallisolationsindex.<br \/>\n<div class=\"clear\" style=\"height:20px\"><\/div>\n<p><a href=\"https:\/\/www.unifr.ch\/alma-georges\/wp-content\/uploads\/2018\/12\/IMG_2606.jpg\"><img decoding=\"async\" loading=\"lazy\" class=\"alignnone wp-image-7651\" src=\"https:\/\/www.unifr.ch\/alma-georges\/wp-content\/uploads\/2018\/12\/IMG_2606-716x1024.jpg\" alt=\"\" width=\"527\" height=\"754\" srcset=\"https:\/\/www.unifr.ch\/alma-georges\/wp-content\/uploads\/2018\/12\/IMG_2606-716x1024.jpg 716w, https:\/\/www.unifr.ch\/alma-georges\/wp-content\/uploads\/2018\/12\/IMG_2606-210x300.jpg 210w, https:\/\/www.unifr.ch\/alma-georges\/wp-content\/uploads\/2018\/12\/IMG_2606-768x1099.jpg 768w\" sizes=\"(max-width: 527px) 100vw, 527px\" \/><\/a><\/p>\n<div class=\"clear\" style=\"height:20px\"><\/div>\n<div class=\"clear\" style=\"height:20px\"><\/div>\n<span style=\"color: #ff6600;\">__________<\/span><\/p>\n<ul>\n<li>Weitere Informationen zum Jubil\u00e4um in der <a href=\"https:\/\/agenda.unifr.ch\/e\/de\/4484\/\">Agenda<\/a><\/li>\n<\/ul>\n<div class=\"clear\" style=\"height:20px\"><\/div>\n<div class=\"clear\" style=\"height:20px\"><\/div>\n","protected":false},"excerpt":{"rendered":"<p>1968 wurden die neuen Physik\/Physiologie-Geb\u00e4ude er\u00f6ffnet. Das wird am 13. Dezember gefeiert. Wer sich der Akten zur Geschichte des Physikgeb\u00e4udes annimmt, braucht viel technisches Verst\u00e4ndnis. Oder Freude an Worten, die er nicht versteht. Trittschallisolationsindex, antistatischer Belag, s\u00e4urebest\u00e4ndige Einbrennfarbe, vorgeh\u00e4ngte Fassadeneckelemente, falzlose Einbauelementst\u00f6sse. Als das Geb\u00e4ude 1968 er\u00f6ffnet wurde, lobten es die Fachzeitschriften f\u00fcr Architektur in den h\u00f6chsten und r\u00e4tselhaftesten T\u00f6nen. Quo vadis? Die Aufgabe war keine einfache: Es sollten m\u00f6glichst effiziente Geb\u00e4ude gebaut werden. Solche mit viel Inhalt, wenig Oberfl\u00e4che und kurzen Wegen. Nicht umsonst hatte man im Vorfeld genau studiert, wer in Uni-Geb\u00e4uden welche Strecken zur\u00fccklegte und sich wie<\/p>\n","protected":false},"author":48,"featured_media":7649,"comment_status":"open","ping_status":"closed","sticky":true,"template":"","format":"standard","meta":{"footnotes":""},"categories":[85,75],"tags":[],"_links":{"self":[{"href":"https:\/\/www.unifr.ch\/alma-georges\/wp-json\/wp\/v2\/posts\/7644"}],"collection":[{"href":"https:\/\/www.unifr.ch\/alma-georges\/wp-json\/wp\/v2\/posts"}],"about":[{"href":"https:\/\/www.unifr.ch\/alma-georges\/wp-json\/wp\/v2\/types\/post"}],"author":[{"embeddable":true,"href":"https:\/\/www.unifr.ch\/alma-georges\/wp-json\/wp\/v2\/users\/48"}],"replies":[{"embeddable":true,"href":"https:\/\/www.unifr.ch\/alma-georges\/wp-json\/wp\/v2\/comments?post=7644"}],"version-history":[{"count":1,"href":"https:\/\/www.unifr.ch\/alma-georges\/wp-json\/wp\/v2\/posts\/7644\/revisions"}],"predecessor-version":[{"id":7661,"href":"https:\/\/www.unifr.ch\/alma-georges\/wp-json\/wp\/v2\/posts\/7644\/revisions\/7661"}],"wp:featuredmedia":[{"embeddable":true,"href":"https:\/\/www.unifr.ch\/alma-georges\/wp-json\/wp\/v2\/media\/7649"}],"wp:attachment":[{"href":"https:\/\/www.unifr.ch\/alma-georges\/wp-json\/wp\/v2\/media?parent=7644"}],"wp:term":[{"taxonomy":"category","embeddable":true,"href":"https:\/\/www.unifr.ch\/alma-georges\/wp-json\/wp\/v2\/categories?post=7644"},{"taxonomy":"post_tag","embeddable":true,"href":"https:\/\/www.unifr.ch\/alma-georges\/wp-json\/wp\/v2\/tags?post=7644"}],"curies":[{"name":"wp","href":"https:\/\/api.w.org\/{rel}","templated":true}]}}