{"id":7475,"date":"2018-11-26T17:04:19","date_gmt":"2018-11-26T16:04:19","guid":{"rendered":"https:\/\/www3.unifr.ch\/alma-georges?p=7475"},"modified":"2018-11-26T17:04:19","modified_gmt":"2018-11-26T16:04:19","slug":"des-docteurs-honoris-causa-aux-anges","status":"publish","type":"post","link":"https:\/\/www.unifr.ch\/alma-georges\/articles\/2018\/des-docteurs-honoris-causa-aux-anges","title":{"rendered":"Des docteurs honoris causa aux anges"},"content":{"rendered":"<h4><strong>Dans la vie d&rsquo;un chercheur, se voir d\u00e9cerner le titre de docteur honoris causa n&rsquo;a rien d&rsquo;anodin. Cette r\u00e9compense vient souvent consacrer des d\u00e9cennies de travail. Trois laur\u00e9ats de l&rsquo;Universit\u00e9 de Fribourg en t\u00e9moignent avec jubilation.<\/strong><\/h4>\n<div class=\"clear\" style=\"height:20px\"><\/div>\n<p><iframe loading=\"lazy\" src=\"https:\/\/www.youtube.com\/embed\/k3I1k-_B9mg\" width=\"560\" height=\"315\" frameborder=\"0\" allowfullscreen=\"allowfullscreen\"><\/iframe><\/p>\n<div class=\"clear\" style=\"height:20px\"><\/div>\n<iframe loading=\"lazy\" src=\"https:\/\/www.youtube.com\/embed\/V_KLFMTAQkA\" width=\"560\" height=\"315\" frameborder=\"0\" allowfullscreen=\"allowfullscreen\"><\/iframe><\/p>\n<div class=\"clear\" style=\"height:20px\"><\/div>\n<p><iframe loading=\"lazy\" src=\"https:\/\/www.youtube.com\/embed\/DQvZMP_0dEQ\" width=\"560\" height=\"315\" frameborder=\"0\" allowfullscreen=\"allowfullscreen\"><\/iframe><\/p>\n<div class=\"clear\" style=\"height:20px\"><\/div>\n<span style=\"color: #ff6600;\">_________<\/span><\/p>\n<ul>\n<li><strong>Photo:<\/strong> <a href=\"http:\/\/www.stemutz.ch\/\" target=\"_blank\" rel=\"noopener\">Stemutz.com<\/a><\/li>\n<\/ul>\n","protected":false},"excerpt":{"rendered":"<p>Dans la vie d&rsquo;un chercheur, se voir d\u00e9cerner le titre de docteur honoris causa n&rsquo;a rien d&rsquo;anodin. Cette r\u00e9compense vient souvent consacrer des d\u00e9cennies de travail. Trois laur\u00e9ats de l&rsquo;Universit\u00e9 de Fribourg en t\u00e9moignent avec jubilation. _________ Photo: Stemutz.com<\/p>\n","protected":false},"author":13,"featured_media":7480,"comment_status":"open","ping_status":"closed","sticky":false,"template":"","format":"standard","meta":{"footnotes":""},"categories":[196,75],"tags":[198,151,357,894,264],"_links":{"self":[{"href":"https:\/\/www.unifr.ch\/alma-georges\/wp-json\/wp\/v2\/posts\/7475"}],"collection":[{"href":"https:\/\/www.unifr.ch\/alma-georges\/wp-json\/wp\/v2\/posts"}],"about":[{"href":"https:\/\/www.unifr.ch\/alma-georges\/wp-json\/wp\/v2\/types\/post"}],"author":[{"embeddable":true,"href":"https:\/\/www.unifr.ch\/alma-georges\/wp-json\/wp\/v2\/users\/13"}],"replies":[{"embeddable":true,"href":"https:\/\/www.unifr.ch\/alma-georges\/wp-json\/wp\/v2\/comments?post=7475"}],"version-history":[{"count":1,"href":"https:\/\/www.unifr.ch\/alma-georges\/wp-json\/wp\/v2\/posts\/7475\/revisions"}],"predecessor-version":[{"id":7488,"href":"https:\/\/www.unifr.ch\/alma-georges\/wp-json\/wp\/v2\/posts\/7475\/revisions\/7488"}],"wp:featuredmedia":[{"embeddable":true,"href":"https:\/\/www.unifr.ch\/alma-georges\/wp-json\/wp\/v2\/media\/7480"}],"wp:attachment":[{"href":"https:\/\/www.unifr.ch\/alma-georges\/wp-json\/wp\/v2\/media?parent=7475"}],"wp:term":[{"taxonomy":"category","embeddable":true,"href":"https:\/\/www.unifr.ch\/alma-georges\/wp-json\/wp\/v2\/categories?post=7475"},{"taxonomy":"post_tag","embeddable":true,"href":"https:\/\/www.unifr.ch\/alma-georges\/wp-json\/wp\/v2\/tags?post=7475"}],"curies":[{"name":"wp","href":"https:\/\/api.w.org\/{rel}","templated":true}]}}