{"id":6602,"date":"2018-06-08T12:22:21","date_gmt":"2018-06-08T11:22:21","guid":{"rendered":"https:\/\/www3.unifr.ch\/alma-georges?p=6602"},"modified":"2018-06-08T15:40:17","modified_gmt":"2018-06-08T14:40:17","slug":"mt180-finale-suisse-humour-sciences-et-emotions-live","status":"publish","type":"post","link":"https:\/\/www.unifr.ch\/alma-georges\/articles\/2018\/mt180-finale-suisse-humour-sciences-et-emotions-live","title":{"rendered":"MT180 finale suisse: humour, sciences et \u00e9motions live"},"content":{"rendered":"<h4><strong>La finale suisse de Ma th\u00e8se en 180 secondes a r\u00e9uni sur la sc\u00e8ne de l&rsquo;Aula magna 16 concurrents gonfl\u00e9s \u00e0 bloc. Men\u00e9e tambour battants par l&rsquo;humoriste Yann Marguet et DJ Ronfa, la soir\u00e9e a rassembl\u00e9 plus de 600 personnes dans la salle et plus de 4&rsquo;000 en facebook <em>live<\/em>.<br \/>\n<\/strong><\/h4>\n<div class=\"clear\" style=\"height:20px\"><\/div>\n<p><iframe loading=\"lazy\" width=\"560\" height=\"315\" src=\"https:\/\/www.youtube.com\/embed\/6PnSwkmrNeI\" frameborder=\"0\" allow=\"autoplay; encrypted-media\" allowfullscreen><\/iframe><\/p>\n<div class=\"clear\" style=\"height:20px\"><\/div>\n<p>Les laur\u00e9ats, s\u00e9lectionn\u00e9s au terme de comp\u00e9titions organis\u00e9es dans chaque universit\u00e9 romande (Fribourg, Gen\u00e8ve, Lausanne, Neuch\u00e2tel et EPFL), ainsi qu\u2019\u00e0 l\u2019Universit\u00e9 de Zurich, ont expos\u00e9 leurs recherches devant une salle comble avec humour et \u00e9motion. Le jury, compos\u00e9 de personnalit\u00e9s des m\u00e9dias, de la soci\u00e9t\u00e9 civile et du monde acad\u00e9mique, a attribu\u00e9 son premier prix \u00e0 <a href=\"https:\/\/www.mt180.ch\/finale-suisse-2018\/deneulin-pascale\/\" target=\"_blank\" rel=\"noopener\">Pascale Deneulin<\/a> de l&rsquo;Universit\u00e9 de Lausanne, son deuxi\u00e8me prix \u00e0 <a href=\"https:\/\/www.mt180.ch\/finale-suisse-2018\/gueniat-lucas\/\">Luca G\u00fcniat <\/a>de l&rsquo;EPFL\u00a0\u2013 qui s&rsquo;est \u00e9galement vu accorder le prix du public\u00a0\u2013 et son troisi\u00e8me prix \u00e0 <a href=\"https:\/\/www.mt180.ch\/finale-suisse-2018\/girard-marie-helene\/\" target=\"_blank\" rel=\"noopener\">Marie-H\u00e9l\u00e8ne Girard<\/a> de l&rsquo;Universit\u00e9 de Gen\u00e8ve.<\/p>\n<p>Le concours sera \u00e0 nouveau organis\u00e9 dans les universit\u00e9s suisses en 2019. La finale nationale aura lieu fin mai ou d\u00e9but juin \u00e0 l\u2019Universit\u00e9 de Neuch\u00e2tel. La finale internationale 2019 se tiendra au d\u00e9but de l&rsquo;automne \u00e0 Dakar (S\u00e9n\u00e9gal).<\/p>\n<div class=\"clear\" style=\"height:20px\"><\/div>\n<span style=\"color: #ff6600;\">__________<\/span><\/p>\n<div class=\"clear\" style=\"height:20px\"><\/div>\n<ul>\n<li><a href=\"http:\/\/events.unifr.ch\/mt180\/fr\/\" target=\"_blank\" rel=\"noopener\">Site <\/a>MT180 de l&rsquo;Universit\u00e9 de Fribourg<\/li>\n<li><a href=\"https:\/\/www.mt180.ch\/accueil\/\" target=\"_blank\" rel=\"noopener\">Site <\/a>MT180 suisse<\/li>\n<li>Photos: \u00a9AlainKilar<\/li>\n<\/ul>\n<div class=\"clear\" style=\"height:20px\"><\/div>\n<div class=\"clear\" style=\"height:20px\"><\/div>\n","protected":false},"excerpt":{"rendered":"<p>La finale suisse de Ma th\u00e8se en 180 secondes a r\u00e9uni sur la sc\u00e8ne de l&rsquo;Aula magna 16 concurrents gonfl\u00e9s \u00e0 bloc. Men\u00e9e tambour battants par l&rsquo;humoriste Yann Marguet et DJ Ronfa, la soir\u00e9e a rassembl\u00e9 plus de 600 personnes dans la salle et plus de 4&rsquo;000 en facebook live. Les laur\u00e9ats, s\u00e9lectionn\u00e9s au terme de comp\u00e9titions organis\u00e9es dans chaque universit\u00e9 romande (Fribourg, Gen\u00e8ve, Lausanne, Neuch\u00e2tel et EPFL), ainsi qu\u2019\u00e0 l\u2019Universit\u00e9 de Zurich, ont expos\u00e9 leurs recherches devant une salle comble avec humour et \u00e9motion. Le jury, compos\u00e9 de personnalit\u00e9s des m\u00e9dias, de la soci\u00e9t\u00e9 civile et du monde acad\u00e9mique,<\/p>\n","protected":false},"author":6,"featured_media":6603,"comment_status":"open","ping_status":"closed","sticky":true,"template":"","format":"standard","meta":{"footnotes":""},"categories":[85,75],"tags":[273,128,497,138,160],"_links":{"self":[{"href":"https:\/\/www.unifr.ch\/alma-georges\/wp-json\/wp\/v2\/posts\/6602"}],"collection":[{"href":"https:\/\/www.unifr.ch\/alma-georges\/wp-json\/wp\/v2\/posts"}],"about":[{"href":"https:\/\/www.unifr.ch\/alma-georges\/wp-json\/wp\/v2\/types\/post"}],"author":[{"embeddable":true,"href":"https:\/\/www.unifr.ch\/alma-georges\/wp-json\/wp\/v2\/users\/6"}],"replies":[{"embeddable":true,"href":"https:\/\/www.unifr.ch\/alma-georges\/wp-json\/wp\/v2\/comments?post=6602"}],"version-history":[{"count":1,"href":"https:\/\/www.unifr.ch\/alma-georges\/wp-json\/wp\/v2\/posts\/6602\/revisions"}],"predecessor-version":[{"id":6612,"href":"https:\/\/www.unifr.ch\/alma-georges\/wp-json\/wp\/v2\/posts\/6602\/revisions\/6612"}],"wp:featuredmedia":[{"embeddable":true,"href":"https:\/\/www.unifr.ch\/alma-georges\/wp-json\/wp\/v2\/media\/6603"}],"wp:attachment":[{"href":"https:\/\/www.unifr.ch\/alma-georges\/wp-json\/wp\/v2\/media?parent=6602"}],"wp:term":[{"taxonomy":"category","embeddable":true,"href":"https:\/\/www.unifr.ch\/alma-georges\/wp-json\/wp\/v2\/categories?post=6602"},{"taxonomy":"post_tag","embeddable":true,"href":"https:\/\/www.unifr.ch\/alma-georges\/wp-json\/wp\/v2\/tags?post=6602"}],"curies":[{"name":"wp","href":"https:\/\/api.w.org\/{rel}","templated":true}]}}