{"id":6580,"date":"2018-05-31T18:40:05","date_gmt":"2018-05-31T17:40:05","guid":{"rendered":"https:\/\/www3.unifr.ch\/alma-georges?p=6580"},"modified":"2018-05-31T18:40:05","modified_gmt":"2018-05-31T17:40:05","slug":"mt180-yann-marguet-aux-commandes","status":"publish","type":"post","link":"https:\/\/www.unifr.ch\/alma-georges\/articles\/2018\/mt180-yann-marguet-aux-commandes","title":{"rendered":"MT180 &#8211; Yann Marguet aux commandes"},"content":{"rendered":"<h4><strong>Jeudi 7 juin, 16 candidat\u00b7e\u00b7s rel\u00e8veront le d\u00e9fi de la finale suisse de Ma th\u00e8se en 180 secondes sur la sc\u00e8ne de l&rsquo;Aula magna. Pour les mettre \u00e0 l&rsquo;aise, quoi de mieux qu&rsquo;un peu de musique, avec DJ Ronfa&#8230; et Yann Marguet en ma\u00eetre de c\u00e9r\u00e9monie. Pour l&rsquo;animateur radio, d&rsquo;ailleurs, le chemin de la th\u00e8se \u00e9tait plus sem\u00e9 d&rsquo;orties que de fleurs&#8230;<\/strong><\/h4>\n<div class=\"clear\" style=\"height:20px\"><\/div>\n<strong>Animer une soir\u00e9e Ma th\u00e8se en 180 secondes, dr\u00f4le de challenge, non? Pourquoi avoir accept\u00e9?<\/strong><br \/>\nParce que \u00e7a me rappelle trois ans et demi de ma vie. Une \u00e9poque mi-l\u00e9thargique, mi-stressante qui me manque parfois. Surtout le c\u00f4t\u00e9 l\u00e9thargique. Et puis c\u2019est sympa de venir refaire de petites incursions de temps \u00e0 autres dans le monde merveilleux de l\u2019acad\u00e9mique.<\/p>\n<p><strong>Vous le connaissez ce monde-l\u00e0, puisque vous avez aussi \u00e9t\u00e9 th\u00e9sard. Bon ou mauvais souvenir?<\/strong><br \/>\nJe ne peux pas dire que j\u2019ai \u00e9t\u00e9 particuli\u00e8rement assidu sur ma recherche personnelle. J\u2019ai fait ce qu\u2019on me demandait niveau assistanat, mais la sauce n\u2019a pas vraiment pris concernant la th\u00e8se en elle-m\u00eame. J\u2019aurais eu besoin d\u2019un directeur qui me poussait un peu au cul, mais le mien \u00e9tait plut\u00f4t \u00e0 compter sur la passion et l\u2019envie de ses disciples. Cette \u00e9poque ne m\u2019a pas sp\u00e9cialement aid\u00e9 \u00e0 trouver un sens \u00e0 la vie, mais n\u2019en reste pas pour autant un mauvais souvenir.<\/p>\n<p><strong>Vous l\u2019auriez fait, vous, le concours?<\/strong><br \/>\nArr\u00eatez d\u2019essayer de me griller toutes les vannes que je veux faire le jour J. Si je me replace dans le contexte de l\u2019\u00e9poque, je ne pense pas. M\u00eame maintenant que j\u2019ai un peu de bouteille dans le monde de l\u2019humour, j\u2019ai de la peine \u00e0 vaincre le trac de la sc\u00e8ne, donc \u00e0 l\u2019\u00e9poque, qui plus est avec une th\u00e8se qui m\u2019ennuyait autant que ceux \u00e0 qui j\u2019en mentionnais le sujet, je ne crois pas que j\u2019aurais saut\u00e9 le pas.<\/p>\n<p><strong>Une ortie pour les candidats?<\/strong><br \/>\nCe serait assez bien de ne pas commencer par \u00abMa th\u00e8se porte sur\u2026\u00bb, mais je pense qu\u2019ils le savent. D\u2019autant plus qu\u2019il s\u2019agit de la finale nationale, donc je doute qu\u2019on ait \u00e0 faire \u00e0 des expos\u00e9s de gamins de sept ans sur les volcans.<\/p>\n<p><strong>Et une fleur?<\/strong><br \/>\nC\u2019est pas mon m\u00e9tier de dire des trucs sympas. Mais bon, je peux me fendre d\u2019un \u00abbonne chance\u00bb!<\/p>\n<div class=\"clear\" style=\"height:20px\"><\/div>\n<span style=\"color: #ff6600;\">__________<\/span><\/p>\n<div class=\"clear\" style=\"height:20px\"><\/div>\n<ul>\n<li>La finale nationale de Ma th\u00e8se en 180 secondes aura lieu le 7 juin 2018, \u00e0 l&rsquo;Aula magna. <a href=\"http:\/\/events.unifr.ch\/mt180\/fr\/\" target=\"_blank\" rel=\"noopener\">Renseignements<\/a> \u2013 <a href=\"https:\/\/www.mt180.ch\/reserver-une-place\/\" target=\"_blank\" rel=\"noopener\">r\u00e9servations conseill\u00e9es<\/a><\/li>\n<li>En savoir plus sur <a href=\"https:\/\/www3.unifr.ch\/alma-georges\/articles\/2017\/du-code-aux-platines-cyrille-imbach\" target=\"_blank\" rel=\"noopener\">DJ Ronfa<\/a>, le ma\u00eetre du code et des platines<\/li>\n<li><a href=\"https:\/\/www.facebook.com\/lutte.greco.romaine\/\" target=\"_blank\" rel=\"noopener\">Page<\/a> facebook de Yann Marguet<\/li>\n<li>Photo: \u00a9 Fran\u00e7ois Wavre<\/li>\n<\/ul>\n<div class=\"clear\" style=\"height:20px\"><\/div>\n<div class=\"clear\" style=\"height:20px\"><\/div>\n","protected":false},"excerpt":{"rendered":"<p>Jeudi 7 juin, 16 candidat\u00b7e\u00b7s rel\u00e8veront le d\u00e9fi de la finale suisse de Ma th\u00e8se en 180 secondes sur la sc\u00e8ne de l&rsquo;Aula magna. Pour les mettre \u00e0 l&rsquo;aise, quoi de mieux qu&rsquo;un peu de musique, avec DJ Ronfa&#8230; et Yann Marguet en ma\u00eetre de c\u00e9r\u00e9monie. Pour l&rsquo;animateur radio, d&rsquo;ailleurs, le chemin de la th\u00e8se \u00e9tait plus sem\u00e9 d&rsquo;orties que de fleurs&#8230; Animer une soir\u00e9e Ma th\u00e8se en 180 secondes, dr\u00f4le de challenge, non? Pourquoi avoir accept\u00e9? Parce que \u00e7a me rappelle trois ans et demi de ma vie. Une \u00e9poque mi-l\u00e9thargique, mi-stressante qui me manque parfois. Surtout le c\u00f4t\u00e9<\/p>\n","protected":false},"author":6,"featured_media":6582,"comment_status":"open","ping_status":"closed","sticky":true,"template":"","format":"standard","meta":{"footnotes":""},"categories":[196,75],"tags":[838,497],"_links":{"self":[{"href":"https:\/\/www.unifr.ch\/alma-georges\/wp-json\/wp\/v2\/posts\/6580"}],"collection":[{"href":"https:\/\/www.unifr.ch\/alma-georges\/wp-json\/wp\/v2\/posts"}],"about":[{"href":"https:\/\/www.unifr.ch\/alma-georges\/wp-json\/wp\/v2\/types\/post"}],"author":[{"embeddable":true,"href":"https:\/\/www.unifr.ch\/alma-georges\/wp-json\/wp\/v2\/users\/6"}],"replies":[{"embeddable":true,"href":"https:\/\/www.unifr.ch\/alma-georges\/wp-json\/wp\/v2\/comments?post=6580"}],"version-history":[{"count":1,"href":"https:\/\/www.unifr.ch\/alma-georges\/wp-json\/wp\/v2\/posts\/6580\/revisions"}],"predecessor-version":[{"id":6593,"href":"https:\/\/www.unifr.ch\/alma-georges\/wp-json\/wp\/v2\/posts\/6580\/revisions\/6593"}],"wp:featuredmedia":[{"embeddable":true,"href":"https:\/\/www.unifr.ch\/alma-georges\/wp-json\/wp\/v2\/media\/6582"}],"wp:attachment":[{"href":"https:\/\/www.unifr.ch\/alma-georges\/wp-json\/wp\/v2\/media?parent=6580"}],"wp:term":[{"taxonomy":"category","embeddable":true,"href":"https:\/\/www.unifr.ch\/alma-georges\/wp-json\/wp\/v2\/categories?post=6580"},{"taxonomy":"post_tag","embeddable":true,"href":"https:\/\/www.unifr.ch\/alma-georges\/wp-json\/wp\/v2\/tags?post=6580"}],"curies":[{"name":"wp","href":"https:\/\/api.w.org\/{rel}","templated":true}]}}