{"id":6140,"date":"2018-03-29T09:42:04","date_gmt":"2018-03-29T08:42:04","guid":{"rendered":"https:\/\/www3.unifr.ch\/alma-georges?p=6140"},"modified":"2018-03-29T09:43:02","modified_gmt":"2018-03-29T08:43:02","slug":"etudes-en-terre-inconnue","status":"publish","type":"post","link":"https:\/\/www.unifr.ch\/alma-georges\/articles\/2018\/etudes-en-terre-inconnue","title":{"rendered":"Etudes en terre inconnue"},"content":{"rendered":"<h4><strong>L\u2019Universit\u00e9 de Fribourg et celle d\u2019Osaka viennent de signer une convention d&rsquo;\u00e9change. Afin de s&rsquo;assurer que les \u00e9tudiants japonais seront bien accueillis, la responsable des relations internationales de l&rsquo;Universit\u00e9 d&rsquo;Osaka s&rsquo;est fendue d&rsquo;une furtive visite dans la cit\u00e9 des Zaehringen. Ses inqui\u00e9tudes ont \u00e9t\u00e9 balay\u00e9es: chez nous, ses prot\u00e9g\u00e9s seront comme des coqs en p\u00e2te!<\/strong><\/h4>\n<div class=\"clear\" style=\"height:20px\"><\/div>\n<iframe loading=\"lazy\" src=\"https:\/\/www.youtube.com\/embed\/JPqSeeqe-OI\" width=\"560\" height=\"315\" frameborder=\"0\" allowfullscreen=\"allowfullscreen\"><\/iframe><br \/>\n<div class=\"clear\" style=\"height:20px\"><\/div>\n<p><span style=\"color: #ff6600;\">_________<\/span><\/p>\n<div class=\"clear\" style=\"height:20px\"><\/div>\n<ul>\n<li><a href=\"http:\/\/www.unifr.ch\/international\/fr\/out\/program\" target=\"_blank\" rel=\"noopener\">Site<\/a> du Service de la mobilit\u00e9 internationale<\/li>\n<li><a href=\"https:\/\/www.justinus.ch\/fribourg\/accueil\/index.html\" target=\"_blank\" rel=\"noopener\">Site<\/a> de la Cit\u00e9 Saint-Justin<\/li>\n<li><a href=\"https:\/\/lettres.unifr.ch\/fr\/hist\/histoire-des-societes-modernes-et-contemporaines\/collaborateurs\/charges-denseignement\/pierre-yves-donze.html\" target=\"_blank\" rel=\"noopener\">Page<\/a> du Professeur Pierre-Yves Donz\u00e9<\/li>\n<\/ul>\n<div class=\"clear\" style=\"height:20px\"><\/div>\n<div class=\"clear\" style=\"height:20px\"><\/div>\n","protected":false},"excerpt":{"rendered":"<p>L\u2019Universit\u00e9 de Fribourg et celle d\u2019Osaka viennent de signer une convention d&rsquo;\u00e9change. Afin de s&rsquo;assurer que les \u00e9tudiants japonais seront bien accueillis, la responsable des relations internationales de l&rsquo;Universit\u00e9 d&rsquo;Osaka s&rsquo;est fendue d&rsquo;une furtive visite dans la cit\u00e9 des Zaehringen. Ses inqui\u00e9tudes ont \u00e9t\u00e9 balay\u00e9es: chez nous, ses prot\u00e9g\u00e9s seront comme des coqs en p\u00e2te! _________ Site du Service de la mobilit\u00e9 internationale Site de la Cit\u00e9 Saint-Justin Page du Professeur Pierre-Yves Donz\u00e9<\/p>\n","protected":false},"author":13,"featured_media":6145,"comment_status":"open","ping_status":"closed","sticky":true,"template":"","format":"standard","meta":{"footnotes":""},"categories":[83,75],"tags":[151,749,716,662,773],"_links":{"self":[{"href":"https:\/\/www.unifr.ch\/alma-georges\/wp-json\/wp\/v2\/posts\/6140"}],"collection":[{"href":"https:\/\/www.unifr.ch\/alma-georges\/wp-json\/wp\/v2\/posts"}],"about":[{"href":"https:\/\/www.unifr.ch\/alma-georges\/wp-json\/wp\/v2\/types\/post"}],"author":[{"embeddable":true,"href":"https:\/\/www.unifr.ch\/alma-georges\/wp-json\/wp\/v2\/users\/13"}],"replies":[{"embeddable":true,"href":"https:\/\/www.unifr.ch\/alma-georges\/wp-json\/wp\/v2\/comments?post=6140"}],"version-history":[{"count":1,"href":"https:\/\/www.unifr.ch\/alma-georges\/wp-json\/wp\/v2\/posts\/6140\/revisions"}],"predecessor-version":[{"id":6153,"href":"https:\/\/www.unifr.ch\/alma-georges\/wp-json\/wp\/v2\/posts\/6140\/revisions\/6153"}],"wp:featuredmedia":[{"embeddable":true,"href":"https:\/\/www.unifr.ch\/alma-georges\/wp-json\/wp\/v2\/media\/6145"}],"wp:attachment":[{"href":"https:\/\/www.unifr.ch\/alma-georges\/wp-json\/wp\/v2\/media?parent=6140"}],"wp:term":[{"taxonomy":"category","embeddable":true,"href":"https:\/\/www.unifr.ch\/alma-georges\/wp-json\/wp\/v2\/categories?post=6140"},{"taxonomy":"post_tag","embeddable":true,"href":"https:\/\/www.unifr.ch\/alma-georges\/wp-json\/wp\/v2\/tags?post=6140"}],"curies":[{"name":"wp","href":"https:\/\/api.w.org\/{rel}","templated":true}]}}