{"id":5924,"date":"2018-02-26T15:48:24","date_gmt":"2018-02-26T14:48:24","guid":{"rendered":"https:\/\/www3.unifr.ch\/alma-georges?p=5924"},"modified":"2018-02-27T10:01:15","modified_gmt":"2018-02-27T09:01:15","slug":"migration-hat-in-der-schweiz-die-gleichberechtigung-vorangebracht","status":"publish","type":"post","link":"https:\/\/www.unifr.ch\/alma-georges\/articles\/2018\/migration-hat-in-der-schweiz-die-gleichberechtigung-vorangebracht","title":{"rendered":"\u00abMigration hat in der Schweiz die Gleichberechtigung vorangebracht\u00bb"},"content":{"rendered":"<h4><strong>Am 2. M\u00e4rz wird an der Universit\u00e4t Freiburg \u00fcber Migration gesprochen. Und \u00fcber ihre gesellschaftlichen Folgen. Ein paar Fragen an Tagungs-Organisatorin Francesca Falk.<\/strong><\/h4>\n<div class=\"clear\" style=\"height:20px\"><\/div>\n<p><strong>Frau Falk, Sie veranstalten gemeinsam mit <a href=\"http:\/\/infoclio.ch\/\" target=\"_blank\" rel=\"noopener\">infoclio.ch<\/a> eine Tagung an der Universit\u00e4t Freiburg zu Migration und \u00absozio-politischer Innovation\u00bb \u2013 worum geht es da?<br \/>\n<\/strong>Wenn \u00fcber Migration gesprochen wird, ist oft nur von Problemen die Rede. Als positive Effekte von Migration wird h\u00f6chstens ihr wirtschaftlicher oder technischer Nutzen thematisiert \u2013 dass viele Firmengr\u00fcnder Migrationserfahrung hatten, ist relativ bekannt. Aber diese Sichtweise ist zu eng: Migration st\u00f6sst immer wieder gesellschaftliche Erneuerungsprozesse an! Dass die Demokratisierung der Schweiz in nicht unbedeutender Weise mit Migration zu tun hatte, ist beispielsweise kaum bekannt. Uns interessiert, wie aus der Migrationserfahrung gesellschaftliche Innovationen entstehen, wie sie sich durchsetzen und verbreiten.<\/p>\n<p><strong>Wie stossen Migrantinnen und Migranten gesellschaftlichen Wandel denn konkret an?<br \/>\n<\/strong>Auf ganz verschiedene Weise! In meiner Forschung besch\u00e4ftige ich mich etwa mit der Frage, wie Migration in der Schweiz als Motor f\u00fcr Gleichstellung und Emanzipation gewirkt hat. Die Frage nach der Vereinbarkeit von Beruf und Familie stellte sich in den Boom-Jahren insbesondere f\u00fcr migrantische Familien. Ihre Lebensmodelle \u2212 selbst wenn sie diese nicht freiwillig lebten \u2212 f\u00fchrten zum Ausbau der Kindertagesst\u00e4tten-Infrastruktur. Und das bewirkte langfristig eine Ver\u00e4nderung in der gesamten Gesellschaft.<\/p>\n<p>Auch viele Vork\u00e4mpferinnen f\u00fcr das Frauenstimmrecht hatten Migrationserfahrung, ebenso wie zahlreiche der ersten Professorinnen. Zu einigen Bereichen gibt es dazu bereits exzellente Studien (etwa zu den ersten \u00abrussischen\u00bb Studentinnen in der Schweiz). Zu den meisten Aspekten gibt es aber noch kaum Forschung und deshalb fehlt die grundlegende Bedeutung der Migration oft selbst in den neueren, grossen Werken der Schweizer Geschichte.<\/p>\n<p>Migration als gesellschaftliche Pr\u00e4gkraft und als wichtiger Bestandteil unserer Geschichte ging bislang viel zu oft vergessen. Dabei erscheint der Wandel von Geschlechterverh\u00e4ltnissen, Arbeitsverh\u00e4ltnissen, Bildung oder politischen Rechten in v\u00f6llig neuem Licht, wenn man ihn aus der Perspektive der Migration untersucht. Migrantinnen und Migranten haben wichtige gesellschaftliche Prozesse angestossen.<\/p>\n<p><strong>Die Beitr\u00e4ge gehen von Aussenseitern im Philadelphia des 18. Jahrhunderts bis zur syrischen Diaspora im heutigen Istanbul \u2013 worauf freuen Sie sich besonders?<br \/>\n<\/strong>Ich freue mich wirklich auf alle Beitr\u00e4ge \u2013 und bin sehr gespannt, was f\u00fcr Diskussionen wir am 2. M\u00e4rz f\u00fchren werden. Die vorgestellten Fallstudien decken sehr unterschiedliche Felder und Kontexte ab. Und doch denke ich, dass wir einen roten Faden finden werden, der alle Beitr\u00e4ge verbindet. Dabei schauen wir auf ganz verschiedene Kontexte: Wie wurde die afrikanische Grossstadt Lagos von Migration gepr\u00e4gt? Wie \u00e4ndern sich in Istanbul Quartiere durch die Fluchtmigration aus Syrien? Oder wie waren Migrationserfahrungen zentral f\u00fcr die Politisierung von antikolonialen AktivistInnen in der Zwischenkriegszeit? Es wird eine spannende Tagung werden!<\/p>\n<div class=\"clear\" style=\"height:20px\"><\/div>\n<span style=\"color: #ff6600;\">__________<\/span><\/p>\n<div class=\"clear\" style=\"height:20px\"><\/div>\n<ul>\n<li>Webseite von <a href=\"https:\/\/lettres.unifr.ch\/de\/hist\/gmzg\/team\/falk.html\" target=\"_blank\" rel=\"noopener\">Francesca Falk<\/a><\/li>\n<li><a href=\"http:\/\/agenda.unifr.ch\/e\/fr\/3036\/\" target=\"_blank\" rel=\"noopener\">Programm<\/a>. Die Tagung kann auch spontan besucht werden.<\/li>\n<li>Foto: \u00a9Selwyn Hoffmann<\/li>\n<\/ul>\n<div class=\"clear\" style=\"height:20px\"><\/div>\n<div class=\"clear\" style=\"height:20px\"><\/div>\n","protected":false},"excerpt":{"rendered":"<p>Am 2. M\u00e4rz wird an der Universit\u00e4t Freiburg \u00fcber Migration gesprochen. Und \u00fcber ihre gesellschaftlichen Folgen. Ein paar Fragen an Tagungs-Organisatorin Francesca Falk. Frau Falk, Sie veranstalten gemeinsam mit infoclio.ch eine Tagung an der Universit\u00e4t Freiburg zu Migration und \u00absozio-politischer Innovation\u00bb \u2013 worum geht es da? Wenn \u00fcber Migration gesprochen wird, ist oft nur von Problemen die Rede. Als positive Effekte von Migration wird h\u00f6chstens ihr wirtschaftlicher oder technischer Nutzen thematisiert \u2013 dass viele Firmengr\u00fcnder Migrationserfahrung hatten, ist relativ bekannt. Aber diese Sichtweise ist zu eng: Migration st\u00f6sst immer wieder gesellschaftliche Erneuerungsprozesse an! Dass die Demokratisierung der Schweiz in nicht<\/p>\n","protected":false},"author":40,"featured_media":5928,"comment_status":"open","ping_status":"open","sticky":true,"template":"","format":"standard","meta":{"footnotes":""},"categories":[79,75],"tags":[381,704,260,128,216],"_links":{"self":[{"href":"https:\/\/www.unifr.ch\/alma-georges\/wp-json\/wp\/v2\/posts\/5924"}],"collection":[{"href":"https:\/\/www.unifr.ch\/alma-georges\/wp-json\/wp\/v2\/posts"}],"about":[{"href":"https:\/\/www.unifr.ch\/alma-georges\/wp-json\/wp\/v2\/types\/post"}],"author":[{"embeddable":true,"href":"https:\/\/www.unifr.ch\/alma-georges\/wp-json\/wp\/v2\/users\/40"}],"replies":[{"embeddable":true,"href":"https:\/\/www.unifr.ch\/alma-georges\/wp-json\/wp\/v2\/comments?post=5924"}],"version-history":[{"count":1,"href":"https:\/\/www.unifr.ch\/alma-georges\/wp-json\/wp\/v2\/posts\/5924\/revisions"}],"predecessor-version":[{"id":5930,"href":"https:\/\/www.unifr.ch\/alma-georges\/wp-json\/wp\/v2\/posts\/5924\/revisions\/5930"}],"wp:featuredmedia":[{"embeddable":true,"href":"https:\/\/www.unifr.ch\/alma-georges\/wp-json\/wp\/v2\/media\/5928"}],"wp:attachment":[{"href":"https:\/\/www.unifr.ch\/alma-georges\/wp-json\/wp\/v2\/media?parent=5924"}],"wp:term":[{"taxonomy":"category","embeddable":true,"href":"https:\/\/www.unifr.ch\/alma-georges\/wp-json\/wp\/v2\/categories?post=5924"},{"taxonomy":"post_tag","embeddable":true,"href":"https:\/\/www.unifr.ch\/alma-georges\/wp-json\/wp\/v2\/tags?post=5924"}],"curies":[{"name":"wp","href":"https:\/\/api.w.org\/{rel}","templated":true}]}}