{"id":4878,"date":"2017-09-18T18:29:33","date_gmt":"2017-09-18T17:29:33","guid":{"rendered":"https:\/\/www3.unifr.ch\/alma-georges?p=4878"},"modified":"2017-10-16T10:10:31","modified_gmt":"2017-10-16T09:10:31","slug":"2017-getting-started","status":"publish","type":"post","link":"https:\/\/www.unifr.ch\/alma-georges\/articles\/2017\/2017-getting-started","title":{"rendered":"2017 \u00abGetting started\u00bb"},"content":{"rendered":"<h4><strong>Cette ann\u00e9e, les nouveaux \u00e9tudiants ont \u00e9t\u00e9 doublement accueillis. Mise en bouche vendredi \u00e0 la d\u00e9couverte des lieux, des programmes et des multiples associations et activit\u00e9s de l&rsquo;Unifr. Tandis que que samedi, ceux qui avaient d\u00e9j\u00e0 faim de savoirs ont particip\u00e9 \u00e0 la journ\u00e9e My Tools. Au menu: des outils pour optimiser son travail, g\u00e9rer son stress et profiter un maximum de leur parcours universitaire. Aper\u00e7u en images.<\/strong><\/h4>\n<div class=\"clear\" style=\"height:20px\"><\/div>\n<div id=\"new-royalslider-37\" class=\"royalSlider new-royalslider-37 rsUni rs-default-template\" style=\"width:100%;height:400px;;\" data-rs-options='{&quot;template&quot;:&quot;default&quot;,&quot;image_generation&quot;:{&quot;imageWidth&quot;:&quot;&quot;,&quot;imageHeight&quot;:&quot;&quot;,&quot;thumbImageWidth&quot;:&quot;&quot;,&quot;thumbImageHeight&quot;:&quot;&quot;},&quot;thumbs&quot;:{&quot;thumbWidth&quot;:96,&quot;thumbHeight&quot;:72},&quot;fullscreen&quot;:{&quot;enabled&quot;:&quot;true&quot;},&quot;video&quot;:[],&quot;width&quot;:&quot;100%&quot;,&quot;height&quot;:&quot;400px&quot;}'>\n<div class=\"rsContent\">\n  <img class=\"rsImg\" src=\"https:\/\/www.unifr.ch\/alma-georges\/wp-content\/uploads\/2017\/09\/DSC_0012-1024x683.jpg\" data-rsBigImg=\"https:\/\/www.unifr.ch\/alma-georges\/wp-content\/uploads\/2017\/09\/DSC_0012.jpg\" alt=\"DSC_0012\"\/>\n  \n  \n  \n<\/div>\n<div class=\"rsContent\">\n  <img class=\"rsImg\" src=\"https:\/\/www.unifr.ch\/alma-georges\/wp-content\/uploads\/2017\/09\/DSC_0017-1024x760.jpg\" data-rsBigImg=\"https:\/\/www.unifr.ch\/alma-georges\/wp-content\/uploads\/2017\/09\/DSC_0017.jpg\" alt=\"DSC_0017\"\/>\n  \n  \n  \n<\/div>\n<div class=\"rsContent\">\n  <img class=\"rsImg\" src=\"https:\/\/www.unifr.ch\/alma-georges\/wp-content\/uploads\/2017\/09\/DSC_0020-1024x683.jpg\" data-rsBigImg=\"https:\/\/www.unifr.ch\/alma-georges\/wp-content\/uploads\/2017\/09\/DSC_0020.jpg\" alt=\"DSC_0020\"\/>\n  \n  \n  \n<\/div>\n<div class=\"rsContent\">\n  <img class=\"rsImg\" src=\"https:\/\/www.unifr.ch\/alma-georges\/wp-content\/uploads\/2017\/09\/DSC_0021-1024x683.jpg\" data-rsBigImg=\"https:\/\/www.unifr.ch\/alma-georges\/wp-content\/uploads\/2017\/09\/DSC_0021.jpg\" alt=\"DSC_0021\"\/>\n  \n  \n  \n<\/div>\n<div class=\"rsContent\">\n  <img class=\"rsImg\" src=\"https:\/\/www.unifr.ch\/alma-georges\/wp-content\/uploads\/2017\/09\/DSC_0027-1024x695.jpg\" data-rsBigImg=\"https:\/\/www.unifr.ch\/alma-georges\/wp-content\/uploads\/2017\/09\/DSC_0027.jpg\" alt=\"DSC_0027\"\/>\n  \n  \n  \n<\/div>\n<div class=\"rsContent\">\n  <img class=\"rsImg\" src=\"https:\/\/www.unifr.ch\/alma-georges\/wp-content\/uploads\/2017\/09\/DSC_0033-1024x683.jpg\" data-rsBigImg=\"https:\/\/www.unifr.ch\/alma-georges\/wp-content\/uploads\/2017\/09\/DSC_0033.jpg\" alt=\"DSC_0033\"\/>\n  \n  \n  \n<\/div>\n<div class=\"rsContent\">\n  <img class=\"rsImg\" src=\"https:\/\/www.unifr.ch\/alma-georges\/wp-content\/uploads\/2017\/09\/DSC_0035-1024x683.jpg\" data-rsBigImg=\"https:\/\/www.unifr.ch\/alma-georges\/wp-content\/uploads\/2017\/09\/DSC_0035.jpg\" alt=\"DSC_0035\"\/>\n  \n  \n  \n<\/div>\n<div class=\"rsContent\">\n  <img class=\"rsImg\" src=\"https:\/\/www.unifr.ch\/alma-georges\/wp-content\/uploads\/2017\/09\/DSC_0048-1024x683.jpg\" data-rsBigImg=\"https:\/\/www.unifr.ch\/alma-georges\/wp-content\/uploads\/2017\/09\/DSC_0048.jpg\" alt=\"DSC_0048\"\/>\n  \n  \n  \n<\/div>\n<div class=\"rsContent\">\n  <img class=\"rsImg\" src=\"https:\/\/www.unifr.ch\/alma-georges\/wp-content\/uploads\/2017\/09\/DSC_0053-1024x498.jpg\" data-rsBigImg=\"https:\/\/www.unifr.ch\/alma-georges\/wp-content\/uploads\/2017\/09\/DSC_0053.jpg\" alt=\"DSC_0053\"\/>\n  \n  \n  \n<\/div>\n<div class=\"rsContent\">\n  <img class=\"rsImg\" src=\"https:\/\/www.unifr.ch\/alma-georges\/wp-content\/uploads\/2017\/09\/DSC_0067-1024x579.jpg\" data-rsBigImg=\"https:\/\/www.unifr.ch\/alma-georges\/wp-content\/uploads\/2017\/09\/DSC_0067.jpg\" alt=\"DSC_0067\"\/>\n  \n  \n  \n<\/div>\n<div class=\"rsContent\">\n  <img class=\"rsImg\" src=\"https:\/\/www.unifr.ch\/alma-georges\/wp-content\/uploads\/2017\/09\/DSC_0071-1024x683.jpg\" data-rsBigImg=\"https:\/\/www.unifr.ch\/alma-georges\/wp-content\/uploads\/2017\/09\/DSC_0071.jpg\" alt=\"DSC_0071\"\/>\n  \n  \n  \n<\/div>\n<div class=\"rsContent\">\n  <img class=\"rsImg\" src=\"https:\/\/www.unifr.ch\/alma-georges\/wp-content\/uploads\/2017\/09\/DSC_0072-1024x813.jpg\" data-rsBigImg=\"https:\/\/www.unifr.ch\/alma-georges\/wp-content\/uploads\/2017\/09\/DSC_0072.jpg\" alt=\"DSC_0072\"\/>\n  \n  \n  \n<\/div>\n<div class=\"rsContent\">\n  <img class=\"rsImg\" src=\"https:\/\/www.unifr.ch\/alma-georges\/wp-content\/uploads\/2017\/09\/DSC_0074-1024x683.jpg\" data-rsBigImg=\"https:\/\/www.unifr.ch\/alma-georges\/wp-content\/uploads\/2017\/09\/DSC_0074.jpg\" alt=\"DSC_0074\"\/>\n  \n  \n  \n<\/div>\n<div class=\"rsContent\">\n  <img class=\"rsImg\" src=\"https:\/\/www.unifr.ch\/alma-georges\/wp-content\/uploads\/2017\/09\/DSC_0087-1024x639.jpg\" data-rsBigImg=\"https:\/\/www.unifr.ch\/alma-georges\/wp-content\/uploads\/2017\/09\/DSC_0087.jpg\" alt=\"DSC_0087\"\/>\n  \n  \n  \n<\/div>\n<div class=\"rsContent\">\n  <img class=\"rsImg\" src=\"https:\/\/www.unifr.ch\/alma-georges\/wp-content\/uploads\/2017\/09\/DSC_0098-1024x498.jpg\" data-rsBigImg=\"https:\/\/www.unifr.ch\/alma-georges\/wp-content\/uploads\/2017\/09\/DSC_0098.jpg\" alt=\"DSC_0098\"\/>\n  \n  \n  \n<\/div>\n<div class=\"rsContent\">\n  <img class=\"rsImg\" src=\"https:\/\/www.unifr.ch\/alma-georges\/wp-content\/uploads\/2017\/09\/DSC_0108-1024x683.jpg\" data-rsBigImg=\"https:\/\/www.unifr.ch\/alma-georges\/wp-content\/uploads\/2017\/09\/DSC_0108.jpg\" alt=\"DSC_0108\"\/>\n  \n  \n  \n<\/div>\n<div class=\"rsContent\">\n  <img class=\"rsImg\" src=\"https:\/\/www.unifr.ch\/alma-georges\/wp-content\/uploads\/2017\/09\/DSC_0113-1024x543.jpg\" data-rsBigImg=\"https:\/\/www.unifr.ch\/alma-georges\/wp-content\/uploads\/2017\/09\/DSC_0113.jpg\" alt=\"DSC_0113\"\/>\n  \n  \n  \n<\/div>\n<div class=\"rsContent\">\n  <img class=\"rsImg\" src=\"https:\/\/www.unifr.ch\/alma-georges\/wp-content\/uploads\/2017\/09\/DSC_0046-1024x683.jpg\" data-rsBigImg=\"https:\/\/www.unifr.ch\/alma-georges\/wp-content\/uploads\/2017\/09\/DSC_0046.jpg\" alt=\"DSC_0046\"\/>\n  \n  \n  \n<\/div>\n<div class=\"rsContent\">\n  <img class=\"rsImg\" src=\"https:\/\/www.unifr.ch\/alma-georges\/wp-content\/uploads\/2017\/09\/DSC_0182-1024x683.jpg\" data-rsBigImg=\"https:\/\/www.unifr.ch\/alma-georges\/wp-content\/uploads\/2017\/09\/DSC_0182.jpg\" alt=\"DSC_0182\"\/>\n  \n  \n  \n<\/div>\n<div class=\"rsContent\">\n  <img class=\"rsImg\" src=\"https:\/\/www.unifr.ch\/alma-georges\/wp-content\/uploads\/2017\/09\/DSC_0215-1024x656.jpg\" data-rsBigImg=\"https:\/\/www.unifr.ch\/alma-georges\/wp-content\/uploads\/2017\/09\/DSC_0215.jpg\" alt=\"DSC_0215\"\/>\n  \n  \n  \n<\/div>\n<div class=\"rsContent\">\n  <img class=\"rsImg\" src=\"https:\/\/www.unifr.ch\/alma-georges\/wp-content\/uploads\/2017\/09\/DSC_0217-1024x683.jpg\" data-rsBigImg=\"https:\/\/www.unifr.ch\/alma-georges\/wp-content\/uploads\/2017\/09\/DSC_0217.jpg\" alt=\"DSC_0217\"\/>\n  \n  \n  \n<\/div>\n<div class=\"rsContent\">\n  <img class=\"rsImg\" src=\"https:\/\/www.unifr.ch\/alma-georges\/wp-content\/uploads\/2017\/09\/DSC_0218-1024x683.jpg\" data-rsBigImg=\"https:\/\/www.unifr.ch\/alma-georges\/wp-content\/uploads\/2017\/09\/DSC_0218.jpg\" alt=\"DSC_0218\"\/>\n  \n  \n  \n<\/div>\n<div class=\"rsContent\">\n  <img class=\"rsImg\" src=\"https:\/\/www.unifr.ch\/alma-georges\/wp-content\/uploads\/2017\/09\/DSC_0220-1024x683.jpg\" data-rsBigImg=\"https:\/\/www.unifr.ch\/alma-georges\/wp-content\/uploads\/2017\/09\/DSC_0220.jpg\" alt=\"DSC_0220\"\/>\n  \n  \n  \n<\/div>\n<div class=\"rsContent\">\n  <img class=\"rsImg\" src=\"https:\/\/www.unifr.ch\/alma-georges\/wp-content\/uploads\/2017\/09\/DSC_0226-1024x683.jpg\" data-rsBigImg=\"https:\/\/www.unifr.ch\/alma-georges\/wp-content\/uploads\/2017\/09\/DSC_0226.jpg\" alt=\"DSC_0226\"\/>\n  \n  \n  \n<\/div>\n<div class=\"rsContent\">\n  <img class=\"rsImg\" src=\"https:\/\/www.unifr.ch\/alma-georges\/wp-content\/uploads\/2017\/09\/DSC_0221-1024x683.jpg\" data-rsBigImg=\"https:\/\/www.unifr.ch\/alma-georges\/wp-content\/uploads\/2017\/09\/DSC_0221.jpg\" alt=\"DSC_0221\"\/>\n  \n  \n  \n<\/div>\n<div class=\"rsContent\">\n  <img class=\"rsImg\" src=\"https:\/\/www.unifr.ch\/alma-georges\/wp-content\/uploads\/2017\/09\/DSC_0177-1024x683.jpg\" data-rsBigImg=\"https:\/\/www.unifr.ch\/alma-georges\/wp-content\/uploads\/2017\/09\/DSC_0177.jpg\" alt=\"DSC_0177\"\/>\n  \n  \n  \n<\/div>\n<div class=\"rsContent\">\n  <img class=\"rsImg\" src=\"https:\/\/www.unifr.ch\/alma-georges\/wp-content\/uploads\/2017\/09\/DSC_0121-1024x683.jpg\" data-rsBigImg=\"https:\/\/www.unifr.ch\/alma-georges\/wp-content\/uploads\/2017\/09\/DSC_0121.jpg\" alt=\"DSC_0121\"\/>\n  \n  \n  \n<\/div>\n<div class=\"rsContent\">\n  <img class=\"rsImg\" src=\"https:\/\/www.unifr.ch\/alma-georges\/wp-content\/uploads\/2017\/09\/DSC_0125-1024x683.jpg\" data-rsBigImg=\"https:\/\/www.unifr.ch\/alma-georges\/wp-content\/uploads\/2017\/09\/DSC_0125.jpg\" alt=\"DSC_0125\"\/>\n  \n  \n  \n<\/div>\n<div class=\"rsContent\">\n  <img class=\"rsImg\" src=\"https:\/\/www.unifr.ch\/alma-georges\/wp-content\/uploads\/2017\/09\/DSC_0128-1024x683.jpg\" data-rsBigImg=\"https:\/\/www.unifr.ch\/alma-georges\/wp-content\/uploads\/2017\/09\/DSC_0128.jpg\" alt=\"DSC_0128\"\/>\n  \n  \n  \n<\/div>\n<div class=\"rsContent\">\n  <img class=\"rsImg\" src=\"https:\/\/www.unifr.ch\/alma-georges\/wp-content\/uploads\/2017\/09\/DSC_0131-1024x683.jpg\" data-rsBigImg=\"https:\/\/www.unifr.ch\/alma-georges\/wp-content\/uploads\/2017\/09\/DSC_0131.jpg\" alt=\"DSC_0131\"\/>\n  \n  \n  \n<\/div>\n<div class=\"rsContent\">\n  <img class=\"rsImg\" src=\"https:\/\/www.unifr.ch\/alma-georges\/wp-content\/uploads\/2017\/09\/DSC_0132-1024x726.jpg\" data-rsBigImg=\"https:\/\/www.unifr.ch\/alma-georges\/wp-content\/uploads\/2017\/09\/DSC_0132.jpg\" alt=\"DSC_0132\"\/>\n  \n  \n  \n<\/div>\n<div class=\"rsContent\">\n  <img class=\"rsImg\" src=\"https:\/\/www.unifr.ch\/alma-georges\/wp-content\/uploads\/2017\/09\/DSC_0134-1024x568.jpg\" data-rsBigImg=\"https:\/\/www.unifr.ch\/alma-georges\/wp-content\/uploads\/2017\/09\/DSC_0134.jpg\" alt=\"DSC_0134\"\/>\n  \n  \n  \n<\/div>\n<div class=\"rsContent\">\n  <img class=\"rsImg\" src=\"https:\/\/www.unifr.ch\/alma-georges\/wp-content\/uploads\/2017\/09\/DSC_0135-1024x662.jpg\" data-rsBigImg=\"https:\/\/www.unifr.ch\/alma-georges\/wp-content\/uploads\/2017\/09\/DSC_0135.jpg\" alt=\"DSC_0135\"\/>\n  \n  \n  \n<\/div>\n<div class=\"rsContent\">\n  <img class=\"rsImg\" src=\"https:\/\/www.unifr.ch\/alma-georges\/wp-content\/uploads\/2017\/09\/DSC_0136-1024x683.jpg\" data-rsBigImg=\"https:\/\/www.unifr.ch\/alma-georges\/wp-content\/uploads\/2017\/09\/DSC_0136.jpg\" alt=\"DSC_0136\"\/>\n  \n  \n  \n<\/div>\n<div class=\"rsContent\">\n  <img class=\"rsImg\" src=\"https:\/\/www.unifr.ch\/alma-georges\/wp-content\/uploads\/2017\/09\/DSC_0138-1024x742.jpg\" data-rsBigImg=\"https:\/\/www.unifr.ch\/alma-georges\/wp-content\/uploads\/2017\/09\/DSC_0138.jpg\" alt=\"DSC_0138\"\/>\n  \n  \n  \n<\/div>\n<div class=\"rsContent\">\n  <img class=\"rsImg\" src=\"https:\/\/www.unifr.ch\/alma-georges\/wp-content\/uploads\/2017\/09\/DSC_0141-1024x906.jpg\" data-rsBigImg=\"https:\/\/www.unifr.ch\/alma-georges\/wp-content\/uploads\/2017\/09\/DSC_0141.jpg\" alt=\"DSC_0141\"\/>\n  \n  \n  \n<\/div>\n<div class=\"rsContent\">\n  <img class=\"rsImg\" src=\"https:\/\/www.unifr.ch\/alma-georges\/wp-content\/uploads\/2017\/09\/DSC_0144-1024x683.jpg\" data-rsBigImg=\"https:\/\/www.unifr.ch\/alma-georges\/wp-content\/uploads\/2017\/09\/DSC_0144.jpg\" alt=\"DSC_0144\"\/>\n  \n  \n  \n<\/div>\n<div class=\"rsContent\">\n  <img class=\"rsImg\" src=\"https:\/\/www.unifr.ch\/alma-georges\/wp-content\/uploads\/2017\/09\/DSC_0151-1024x621.jpg\" data-rsBigImg=\"https:\/\/www.unifr.ch\/alma-georges\/wp-content\/uploads\/2017\/09\/DSC_0151.jpg\" alt=\"DSC_0151\"\/>\n  \n  \n  \n<\/div>\n<div class=\"rsContent\">\n  <img class=\"rsImg\" src=\"https:\/\/www.unifr.ch\/alma-georges\/wp-content\/uploads\/2017\/09\/DSC_0157-1024x683.jpg\" data-rsBigImg=\"https:\/\/www.unifr.ch\/alma-georges\/wp-content\/uploads\/2017\/09\/DSC_0157.jpg\" alt=\"DSC_0157\"\/>\n  \n  \n  \n<\/div>\n<div class=\"rsContent\">\n  <img class=\"rsImg\" src=\"https:\/\/www.unifr.ch\/alma-georges\/wp-content\/uploads\/2017\/09\/DSC_0181-1024x683.jpg\" data-rsBigImg=\"https:\/\/www.unifr.ch\/alma-georges\/wp-content\/uploads\/2017\/09\/DSC_0181.jpg\" alt=\"DSC_0181\"\/>\n  \n  \n  \n<\/div>\n<div class=\"rsContent\">\n  <img class=\"rsImg\" src=\"https:\/\/www.unifr.ch\/alma-georges\/wp-content\/uploads\/2017\/09\/DSC_0186-1024x728.jpg\" data-rsBigImg=\"https:\/\/www.unifr.ch\/alma-georges\/wp-content\/uploads\/2017\/09\/DSC_0186.jpg\" alt=\"DSC_0186\"\/>\n  \n  \n  \n<\/div>\n<div class=\"rsContent\">\n  <img class=\"rsImg\" src=\"https:\/\/www.unifr.ch\/alma-georges\/wp-content\/uploads\/2017\/09\/DSC_0190-1024x683.jpg\" data-rsBigImg=\"https:\/\/www.unifr.ch\/alma-georges\/wp-content\/uploads\/2017\/09\/DSC_0190.jpg\" alt=\"DSC_0190\"\/>\n  \n  \n  \n<\/div>\n<div class=\"rsContent\">\n  <img class=\"rsImg\" src=\"https:\/\/www.unifr.ch\/alma-georges\/wp-content\/uploads\/2017\/09\/DSC_0194-1024x757.jpg\" data-rsBigImg=\"https:\/\/www.unifr.ch\/alma-georges\/wp-content\/uploads\/2017\/09\/DSC_0194.jpg\" alt=\"DSC_0194\"\/>\n  \n  \n  \n<\/div>\n<div class=\"rsContent\">\n  <img class=\"rsImg\" src=\"https:\/\/www.unifr.ch\/alma-georges\/wp-content\/uploads\/2017\/09\/DSC_0195-1024x683.jpg\" data-rsBigImg=\"https:\/\/www.unifr.ch\/alma-georges\/wp-content\/uploads\/2017\/09\/DSC_0195.jpg\" alt=\"DSC_0195\"\/>\n  \n  \n  \n<\/div>\n<div class=\"rsContent\">\n  <img class=\"rsImg\" src=\"https:\/\/www.unifr.ch\/alma-georges\/wp-content\/uploads\/2017\/09\/DSC_0196-1024x683.jpg\" data-rsBigImg=\"https:\/\/www.unifr.ch\/alma-georges\/wp-content\/uploads\/2017\/09\/DSC_0196.jpg\" alt=\"DSC_0196\"\/>\n  \n  \n  \n<\/div>\n<div class=\"rsContent\">\n  <img class=\"rsImg\" src=\"https:\/\/www.unifr.ch\/alma-georges\/wp-content\/uploads\/2017\/09\/DSC_0197-1024x616.jpg\" data-rsBigImg=\"https:\/\/www.unifr.ch\/alma-georges\/wp-content\/uploads\/2017\/09\/DSC_0197.jpg\" alt=\"DSC_0197\"\/>\n  \n  \n  \n<\/div>\n<div class=\"rsContent\">\n  <img class=\"rsImg\" src=\"https:\/\/www.unifr.ch\/alma-georges\/wp-content\/uploads\/2017\/09\/DSC_0202-1024x782.jpg\" data-rsBigImg=\"https:\/\/www.unifr.ch\/alma-georges\/wp-content\/uploads\/2017\/09\/DSC_0202.jpg\" alt=\"DSC_0202\"\/>\n  \n  \n  \n<\/div>\n<div class=\"rsContent\">\n  <img class=\"rsImg\" src=\"https:\/\/www.unifr.ch\/alma-georges\/wp-content\/uploads\/2017\/09\/DSC_0205-1024x683.jpg\" data-rsBigImg=\"https:\/\/www.unifr.ch\/alma-georges\/wp-content\/uploads\/2017\/09\/DSC_0205.jpg\" alt=\"DSC_0205\"\/>\n  \n  \n  \n<\/div>\n<div class=\"rsContent\">\n  <img class=\"rsImg\" src=\"https:\/\/www.unifr.ch\/alma-georges\/wp-content\/uploads\/2017\/09\/DSC_0209-1024x701.jpg\" data-rsBigImg=\"https:\/\/www.unifr.ch\/alma-georges\/wp-content\/uploads\/2017\/09\/DSC_0209.jpg\" alt=\"DSC_0209\"\/>\n  \n  \n  \n<\/div>\n\n<\/div>\n\n","protected":false},"excerpt":{"rendered":"<p>Cette ann\u00e9e, les nouveaux \u00e9tudiants ont \u00e9t\u00e9 doublement accueillis. Mise en bouche vendredi \u00e0 la d\u00e9couverte des lieux, des programmes et des multiples associations et activit\u00e9s de l&rsquo;Unifr. Tandis que que samedi, ceux qui avaient d\u00e9j\u00e0 faim de savoirs ont particip\u00e9 \u00e0 la journ\u00e9e My Tools. Au menu: des outils pour optimiser son travail, g\u00e9rer son stress et profiter un maximum de leur parcours universitaire. Aper\u00e7u en images.<\/p>\n","protected":false},"author":6,"featured_media":4922,"comment_status":"open","ping_status":"open","sticky":false,"template":"","format":"standard","meta":{"footnotes":""},"categories":[91,75],"tags":[340,1030],"_links":{"self":[{"href":"https:\/\/www.unifr.ch\/alma-georges\/wp-json\/wp\/v2\/posts\/4878"}],"collection":[{"href":"https:\/\/www.unifr.ch\/alma-georges\/wp-json\/wp\/v2\/posts"}],"about":[{"href":"https:\/\/www.unifr.ch\/alma-georges\/wp-json\/wp\/v2\/types\/post"}],"author":[{"embeddable":true,"href":"https:\/\/www.unifr.ch\/alma-georges\/wp-json\/wp\/v2\/users\/6"}],"replies":[{"embeddable":true,"href":"https:\/\/www.unifr.ch\/alma-georges\/wp-json\/wp\/v2\/comments?post=4878"}],"version-history":[{"count":1,"href":"https:\/\/www.unifr.ch\/alma-georges\/wp-json\/wp\/v2\/posts\/4878\/revisions"}],"predecessor-version":[{"id":4944,"href":"https:\/\/www.unifr.ch\/alma-georges\/wp-json\/wp\/v2\/posts\/4878\/revisions\/4944"}],"wp:featuredmedia":[{"embeddable":true,"href":"https:\/\/www.unifr.ch\/alma-georges\/wp-json\/wp\/v2\/media\/4922"}],"wp:attachment":[{"href":"https:\/\/www.unifr.ch\/alma-georges\/wp-json\/wp\/v2\/media?parent=4878"}],"wp:term":[{"taxonomy":"category","embeddable":true,"href":"https:\/\/www.unifr.ch\/alma-georges\/wp-json\/wp\/v2\/categories?post=4878"},{"taxonomy":"post_tag","embeddable":true,"href":"https:\/\/www.unifr.ch\/alma-georges\/wp-json\/wp\/v2\/tags?post=4878"}],"curies":[{"name":"wp","href":"https:\/\/api.w.org\/{rel}","templated":true}]}}