{"id":4855,"date":"2017-09-19T13:25:54","date_gmt":"2017-09-19T12:25:54","guid":{"rendered":"https:\/\/www3.unifr.ch\/alma-georges?p=4855"},"modified":"2017-11-22T17:03:20","modified_gmt":"2017-11-22T16:03:20","slug":"fondation-ethos-a-la-quete-du-profit-durable","status":"publish","type":"post","link":"https:\/\/www.unifr.ch\/alma-georges\/articles\/2017\/fondation-ethos-a-la-quete-du-profit-durable","title":{"rendered":"Fondation Ethos: \u00e0 la qu\u00eate du profit durable!"},"content":{"rendered":"<h4><strong>Le profit et la durabilit\u00e9 sont comme l\u2019eau et le feu, <em>a priori<\/em> plut\u00f4t difficiles \u00e0 marier. Pourtant, depuis plus de vingt ans, la Fondation Ethos milite en faveur d&rsquo;une forme d&rsquo;investissement qui pr\u00e9serve les g\u00e9n\u00e9rations futures. Non sans conna\u00eetre un certain succ\u00e8s. Avant sa conf\u00e9rence de vendredi, le fondateur d&rsquo;Ethos, Dominique Biedermann, a accord\u00e9 une interview exclusive \u00e0 <em>Alma&amp;Georges<\/em>.<div class=\"clear\" style=\"height:20px\"><\/div><\/strong><\/h4>\n<p><strong><div class=\"clear\" style=\"height:20px\"><\/div><\/strong><\/p>\n<p><strong>La fondation\u00a0Ethos existe depuis plus de 20 ans. Quelles sont les r\u00e9alisations, en mati\u00e8re d&rsquo;investissements responsables, dont vous \u00eates le plus fier?<\/strong><br \/>\nNous avons r\u00e9ussi \u00e0 convaincre plus de 200 caisses de pension suisses non seulement de s\u00e9lectionner les titres avec des crit\u00e8res environnementaux, sociaux et de gouvernance, mais \u00e9galement d\u2019exercer syst\u00e9matiquement les droits de vote d\u2019actionnaires et d\u2019engager le dialogue avec le management des soci\u00e9t\u00e9s. Parall\u00e8lement, nous sommes dor\u00e9navant reconnus par la grande majorit\u00e9 des soci\u00e9t\u00e9s cot\u00e9es comme un actionnaire et un partenaire de dialogue loyal \u00e0 long terme.<\/p>\n<p><strong>Quel message souhaitez-vous d\u00e9livrer \u00e0 des jeunes, votre public du 22 septembre, qui jouent \u00e0 fructifier leur portefeuille?<br \/>\n<\/strong>Evaluer une soci\u00e9t\u00e9 implique non seulement une analyse financi\u00e8re classique, mais \u00e9galement une analyse tr\u00e8s pointue des risques et de la strat\u00e9gie en mati\u00e8re environnementale, sociale et de gouvernance.<\/p>\n<p><strong>Vous avez cr\u00e9\u00e9 un indice tenant compte des crit\u00e8res de bonne gouvernance. Quelles informations avez-vous \u00e0 votre disposition\u00a0pour affirmer qu&rsquo;une entreprise est socialement et environnementalement responsable?<br \/>\n<\/strong>Nous analysons l\u2019ensemble des informations publi\u00e9es par les soci\u00e9t\u00e9s sur leur gouvernance, ainsi que sur leur strat\u00e9gie et leurs r\u00e9alisations dans les domaines environnementaux et sociaux. Nous avons \u00e9galement acc\u00e8s \u00e0 plusieurs bases de donn\u00e9es de consultants, de m\u00eame qu\u2019\u00e0 des informations sp\u00e9cifiques provenant de diff\u00e9rentes ONG. Finalement, en tant qu\u2019actionnaires, nous avons aussi beaucoup de contacts directs avec les instances dirigeantes des soci\u00e9t\u00e9s concern\u00e9es.<\/p>\n<p><strong>Comment proc\u00e9dez-vous dans le cas des multinationales actives dans de tr\u00e8s\u00a0nombreux pays et dans des secteurs \u00e9conomiques tr\u00e8s vari\u00e9s? Est-il v\u00e9ritablement possible de mesurer l&rsquo;impact de\u00a0leurs activit\u00e9s? Est-il possible de fournir de la \u00abtransparence\u00bb aux investisseurs?<br \/>\n<\/strong>Les entreprises publient de plus en plus d\u2019informations sur l\u2019impact de leurs activit\u00e9s sur l\u2019ensemble de leur cha\u00eene de cr\u00e9ation de valeur, aussi bien en termes environnementaux que sociaux. Lorsque les donn\u00e9es sont lacunaires, nous faisons partie des actionnaires qui font pression pour que les soci\u00e9t\u00e9s am\u00e9liorent leur transparence. Dans ce cadre, nous essayons d\u2019agir de mani\u00e8re group\u00e9e avec d\u2019autres actionnaires suisses et \u00e9trangers.<\/p>\n<p><strong>L&rsquo;argent de notre deuxi\u00e8me pilier est-il bien investi ou doit-on craindre qu&rsquo;il finance\u00a0\u00e9galement des entreprises ne respectant ni les\u00a0droits de l&rsquo;homme ni l&rsquo;environnement?<br \/>\n<\/strong>Il subsiste malheureusement de nombreuses institutions de pr\u00e9voyance qui n\u2019appliquent pas encore de crit\u00e8res de gestion extrafinanciers. C\u2019est regrettable et je conseille vivement aux assur\u00e9s de demander \u00e0 la direction de leur fonds de pension si de tels crit\u00e8res entrent dans le processus d\u2018investissement et, si ce n\u2019est pas le cas, pour quelles raisons.<\/p>\n<p><strong>Peut-on \u00eatre un \u00ab\u00a0bon investisseur\u00a0\u00bb, c&rsquo;est-\u00e0-dire faire de bonnes affaires, en misant sur des entreprises s&#8217;embarrassant de consid\u00e9rations \u00e9thiques?<br \/>\n<\/strong>Bien s\u00fbr! Cela est possible sur un horizon d\u2019investissement \u00e0 long terme. En fin de compte, une entreprise avec des collaborateurs motiv\u00e9s, des clients satisfaits, des fournisseurs fid\u00e8les et des actionnaires loyaux aura une meilleure performance et pr\u00e9sentera moins de risques \u00e0 long terme. C\u2019est ce que nous observons chez Ethos.<\/p>\n<p><strong>Quel est le prochain \u00abcombat\u00bb que vous avez en ligne de mire?<br \/>\n<\/strong>La lutte contre le changement climatique reste l\u2019une de nos pr\u00e9occupations principales en tant qu\u2019investisseur orient\u00e9 sur la dur\u00e9e. Dans ce but, nous sommes en dialogue avec les soci\u00e9t\u00e9s pour qu\u2019elles d\u00e9finissent et adoptent des programmes ambitieux de r\u00e9duction des \u00e9missions de gaz \u00e0 effet de serre. De notre c\u00f4t\u00e9, nous publions depuis cette ann\u00e9e syst\u00e9matiquement l\u2019intensit\u00e9 carbone de nos portefeuilles de titres. Nous sommes tr\u00e8s attentifs \u00e0 ce que la s\u00e9lection des titres permette d\u2019avoir une intensit\u00e9 inf\u00e9rieure \u00e0 celle du march\u00e9. C\u2019est notre contribution dans la lutte contre le r\u00e9chauffement du climat.<\/p>\n<div class=\"clear\" style=\"height:20px\"><\/div>\n<span style=\"color: #ff6600;\">__________<\/span><\/p>\n<div class=\"clear\" style=\"height:20px\"><\/div>\n<ul>\n<li>Conf\u00e9rence de Dominique Biedermann. 22.09.2017. 16:30 &#8211; 18:00 Site PER 21, Bd. P\u00e9rolles 90 \/ Salle C230<br \/>\nContact: <a href=\"mailto:jonas.renggli@unifr.ch\">jonas.renggli@unifr.ch<\/a><\/li>\n<li><a href=\"https:\/\/bsu.unifr.ch\/accueil\/\">Site<\/a> de la BSU<\/li>\n<\/ul>\n<div class=\"clear\" style=\"height:20px\"><\/div>\n<div class=\"clear\" style=\"height:20px\"><\/div>\n","protected":false},"excerpt":{"rendered":"<p>Le profit et la durabilit\u00e9 sont comme l\u2019eau et le feu, a priori plut\u00f4t difficiles \u00e0 marier. Pourtant, depuis plus de vingt ans, la Fondation Ethos milite en faveur d&rsquo;une forme d&rsquo;investissement qui pr\u00e9serve les g\u00e9n\u00e9rations futures. Non sans conna\u00eetre un certain succ\u00e8s. Avant sa conf\u00e9rence de vendredi, le fondateur d&rsquo;Ethos, Dominique Biedermann, a accord\u00e9 une interview exclusive \u00e0 Alma&amp;Georges. La fondation\u00a0Ethos existe depuis plus de 20 ans. Quelles sont les r\u00e9alisations, en mati\u00e8re d&rsquo;investissements responsables, dont vous \u00eates le plus fier? Nous avons r\u00e9ussi \u00e0 convaincre plus de 200 caisses de pension suisses non seulement de s\u00e9lectionner les titres<\/p>\n","protected":false},"author":13,"featured_media":4859,"comment_status":"open","ping_status":"open","sticky":false,"template":"","format":"standard","meta":{"footnotes":""},"categories":[90,75],"tags":[151,585],"_links":{"self":[{"href":"https:\/\/www.unifr.ch\/alma-georges\/wp-json\/wp\/v2\/posts\/4855"}],"collection":[{"href":"https:\/\/www.unifr.ch\/alma-georges\/wp-json\/wp\/v2\/posts"}],"about":[{"href":"https:\/\/www.unifr.ch\/alma-georges\/wp-json\/wp\/v2\/types\/post"}],"author":[{"embeddable":true,"href":"https:\/\/www.unifr.ch\/alma-georges\/wp-json\/wp\/v2\/users\/13"}],"replies":[{"embeddable":true,"href":"https:\/\/www.unifr.ch\/alma-georges\/wp-json\/wp\/v2\/comments?post=4855"}],"version-history":[{"count":1,"href":"https:\/\/www.unifr.ch\/alma-georges\/wp-json\/wp\/v2\/posts\/4855\/revisions"}],"predecessor-version":[{"id":4939,"href":"https:\/\/www.unifr.ch\/alma-georges\/wp-json\/wp\/v2\/posts\/4855\/revisions\/4939"}],"wp:featuredmedia":[{"embeddable":true,"href":"https:\/\/www.unifr.ch\/alma-georges\/wp-json\/wp\/v2\/media\/4859"}],"wp:attachment":[{"href":"https:\/\/www.unifr.ch\/alma-georges\/wp-json\/wp\/v2\/media?parent=4855"}],"wp:term":[{"taxonomy":"category","embeddable":true,"href":"https:\/\/www.unifr.ch\/alma-georges\/wp-json\/wp\/v2\/categories?post=4855"},{"taxonomy":"post_tag","embeddable":true,"href":"https:\/\/www.unifr.ch\/alma-georges\/wp-json\/wp\/v2\/tags?post=4855"}],"curies":[{"name":"wp","href":"https:\/\/api.w.org\/{rel}","templated":true}]}}