{"id":4402,"date":"2017-06-22T15:58:17","date_gmt":"2017-06-22T14:58:17","guid":{"rendered":"http:\/\/www3.unifr.ch\/alma-georges\/articles\/2017\/freiluft-auditorium"},"modified":"2017-07-02T19:01:08","modified_gmt":"2017-07-02T18:01:08","slug":"freiluft-auditorium","status":"publish","type":"post","link":"https:\/\/www.unifr.ch\/alma-georges\/articles\/2017\/freiluft-auditorium","title":{"rendered":"Das Freiluft-Auditorium der Universit\u00e4t Freiburg"},"content":{"rendered":"<h4><strong>Denis Honegger, der Architekt der Mis\u00e9ricorde, hatte eine romantische Idee. Leider hatte die Realit\u00e4t so ihre T\u00fccken.<\/strong><\/h4>\n<p>Man konnte den salzigen Geruch der \u00c4g\u00e4is beinahe riechen. Konnte h\u00f6ren, wie ihre Brandung die Freiburger Altstadt umsp\u00fclte. Sehen, wie die mediterrane Sonne auf die Anh\u00f6he der Universit\u00e4t schien, wo ein moderner Sokrates seinen auf den Stufen eines Amphitheaters sitzenden Studenten die Welt erkl\u00e4rte.<\/p>\n<h6 style=\"text-align: center;\"><a href=\"http:\/\/www.unifr.ch\/alma-georges\/wp-content\/uploads\/2017\/06\/C_149.1.25.jpg\"><img decoding=\"async\" loading=\"lazy\" class=\"  wp-image-4381 aligncenter\" src=\"http:\/\/www.unifr.ch\/alma-georges\/wp-content\/uploads\/2017\/06\/C_149.1.25-300x300.jpg\" alt=\"C_149.1.25\" width=\"400\" height=\"400\" srcset=\"https:\/\/www.unifr.ch\/alma-georges\/wp-content\/uploads\/2017\/06\/C_149.1.25-300x300.jpg 300w, https:\/\/www.unifr.ch\/alma-georges\/wp-content\/uploads\/2017\/06\/C_149.1.25-150x150.jpg 150w, https:\/\/www.unifr.ch\/alma-georges\/wp-content\/uploads\/2017\/06\/C_149.1.25-1024x1024.jpg 1024w\" sizes=\"(max-width: 400px) 100vw, 400px\" \/><\/a>\u00a9 &#8211; Hugo P. Herdeg, 1941<\/h6>\n<p>Solche Traumbilder k\u00f6nnten es gewesen sein, die den Architekten Denis Honegger dazu inspirierten, beim Bau der Mis\u00e9ricorde etwas Einmaliges zu schaffen: ein \u00abauditoire en plein air\u00bb \u2013 einen Freiluft-H\u00f6rsaal. Honegger, bei Baubeginn 1937 gerade mal 30j\u00e4hrig, suchte den Spagat zwischen antiken Idealen und avantgardistischen Visionen: Sichtbeton und Mosaike, Nymphenreliefs und kantige Linien. Und eben einen H\u00f6rsaal, der ganz nach griechischem Ideal an der frischen Luft liegen sollte.<\/p>\n<h6 style=\"text-align: center;\"><a href=\"http:\/\/www.unifr.ch\/alma-georges\/wp-content\/uploads\/2017\/06\/C_150.10.1.jpg\"><img decoding=\"async\" loading=\"lazy\" class=\"  wp-image-4387 aligncenter\" src=\"http:\/\/www.unifr.ch\/alma-georges\/wp-content\/uploads\/2017\/06\/C_150.10.1-300x300.jpg\" alt=\"C_150.10.1\" width=\"400\" height=\"400\" srcset=\"https:\/\/www.unifr.ch\/alma-georges\/wp-content\/uploads\/2017\/06\/C_150.10.1-300x300.jpg 300w, https:\/\/www.unifr.ch\/alma-georges\/wp-content\/uploads\/2017\/06\/C_150.10.1-150x150.jpg 150w, https:\/\/www.unifr.ch\/alma-georges\/wp-content\/uploads\/2017\/06\/C_150.10.1-1024x1024.jpg 1024w\" sizes=\"(max-width: 400px) 100vw, 400px\" \/><\/a>\u00a9 &#8211; Photographe inconnu, environ 1950<\/h6>\n<p>Nat\u00fcrlich hat die Idee des Openair-Auditoriums nicht funktioniert. Freiburg war nicht Athen, die Saane nicht die \u00c4g\u00e4is und das Freiburger Wetter \u2013 war eben das Freiburger Wetter. Im Winter f\u00fcllte sich das Amphitheater mit Schnee, im Sommer waren schon damals Semesterferien und\u00a0 war es abwechslungsweise zu heiss, zu kalt, zu regnerisch, zu windig oder einfach zu unbequem auf den Stufen. Selbst wenn das Wetter ausnahmsweise gerade passte, blieb das Problem der Akustik: Studierende auf den oberen R\u00e4ngen h\u00f6rten die Ger\u00e4usche der Stadt wohl besser als die Reden ihrer Professoren.<\/p>\n<h6 style=\"text-align: center;\"><a href=\"http:\/\/www.unifr.ch\/alma-georges\/wp-content\/uploads\/2017\/06\/C_149.1.26.jpg\"><img decoding=\"async\" loading=\"lazy\" class=\"  wp-image-4383 aligncenter\" src=\"http:\/\/www.unifr.ch\/alma-georges\/wp-content\/uploads\/2017\/06\/C_149.1.26-300x300.jpg\" alt=\"C_149.1.26\" width=\"400\" height=\"400\" srcset=\"https:\/\/www.unifr.ch\/alma-georges\/wp-content\/uploads\/2017\/06\/C_149.1.26-300x300.jpg 300w, https:\/\/www.unifr.ch\/alma-georges\/wp-content\/uploads\/2017\/06\/C_149.1.26-150x150.jpg 150w, https:\/\/www.unifr.ch\/alma-georges\/wp-content\/uploads\/2017\/06\/C_149.1.26-1024x1024.jpg 1024w\" sizes=\"(max-width: 400px) 100vw, 400px\" \/><\/a>\u00a9 -Hugo P. Herdeg, 1941<\/h6>\n<p style=\"text-align: left;\">Das Freiluft-Auditorium wurde kaum benutzt. Was heute ein Fressen f\u00fcr die politische Opposition oder die Presse w\u00e4re, bot damals kaum Anlass f\u00fcr Kritik. Das Geb\u00e4ude der Mis\u00e9ricorde war auch ohne die Spielerei auf dem Dach gross genug und die Freiburgerinnen und Freiburger waren vor allem stolz, ihre neue Universit\u00e4t trotz Krieg und anderen Widrigkeiten 1941 einweihen zu k\u00f6nnen.<\/p>\n<h6 style=\"text-align: center;\"><a href=\"http:\/\/www.unifr.ch\/alma-georges\/wp-content\/uploads\/2017\/06\/C_149.1.27.jpg\"><img decoding=\"async\" loading=\"lazy\" class=\"  wp-image-4385 aligncenter\" src=\"http:\/\/www.unifr.ch\/alma-georges\/wp-content\/uploads\/2017\/06\/C_149.1.27-300x300.jpg\" alt=\"C_149.1.27\" width=\"400\" height=\"400\" srcset=\"https:\/\/www.unifr.ch\/alma-georges\/wp-content\/uploads\/2017\/06\/C_149.1.27-300x300.jpg 300w, https:\/\/www.unifr.ch\/alma-georges\/wp-content\/uploads\/2017\/06\/C_149.1.27-150x150.jpg 150w, https:\/\/www.unifr.ch\/alma-georges\/wp-content\/uploads\/2017\/06\/C_149.1.27-1024x1024.jpg 1024w\" sizes=\"(max-width: 400px) 100vw, 400px\" \/><\/a>\u00a9 &#8211; Hugo P. Herdeg, 1941<\/h6>\n<p>Das Auditorium verschwand 1967. Mehr Studierende ben\u00f6tigten mehr Platz und so erhielt der Freiluft-H\u00f6rsaal ein Dach, B\u00e4nke, Tische und weiteren Luxus. Seither bietet er als \u00abAuditorium C\u00bb Platz f\u00fcr rund 200 Studierende. Vom ehemaligen Freiluft-Auditorium sind immerhin die Sichtbetonmauern und die grossz\u00fcgigen Fensterfronten geblieben \u2013 sowie ein paar fantastische, beinahe traumartige Schwarz-Weiss-Bilder.<\/p>\n<h6 style=\"text-align: center;\"><a href=\"http:\/\/www.unifr.ch\/alma-georges\/wp-content\/uploads\/2017\/06\/C_149.1.232.jpg\"><img decoding=\"async\" loading=\"lazy\" class=\"  wp-image-4391 aligncenter\" src=\"http:\/\/www.unifr.ch\/alma-georges\/wp-content\/uploads\/2017\/06\/C_149.1.232-300x300.jpg\" alt=\"C_149.1.23\" width=\"400\" height=\"400\" srcset=\"https:\/\/www.unifr.ch\/alma-georges\/wp-content\/uploads\/2017\/06\/C_149.1.232-300x300.jpg 300w, https:\/\/www.unifr.ch\/alma-georges\/wp-content\/uploads\/2017\/06\/C_149.1.232-150x150.jpg 150w, https:\/\/www.unifr.ch\/alma-georges\/wp-content\/uploads\/2017\/06\/C_149.1.232.jpg 320w\" sizes=\"(max-width: 400px) 100vw, 400px\" \/><\/a>\u00a9 &#8211; Hugo P. Herdeg, 1941<\/h6>\n","protected":false},"excerpt":{"rendered":"<p>Denis Honegger, der Architekt der Mis\u00e9ricorde, hatte eine romantische Idee. Leider hatte die Realit\u00e4t so ihre T\u00fccken. Man konnte den salzigen Geruch der \u00c4g\u00e4is beinahe riechen. Konnte h\u00f6ren, wie ihre Brandung die Freiburger Altstadt umsp\u00fclte. Sehen, wie die mediterrane Sonne auf die Anh\u00f6he der Universit\u00e4t schien, wo ein moderner Sokrates seinen auf den Stufen eines Amphitheaters sitzenden Studenten die Welt erkl\u00e4rte. \u00a9 &#8211; Hugo P. Herdeg, 1941 Solche Traumbilder k\u00f6nnten es gewesen sein, die den Architekten Denis Honegger dazu inspirierten, beim Bau der Mis\u00e9ricorde etwas Einmaliges zu schaffen: ein \u00abauditoire en plein air\u00bb \u2013 einen Freiluft-H\u00f6rsaal. Honegger, bei Baubeginn 1937<\/p>\n","protected":false},"author":40,"featured_media":4393,"comment_status":"open","ping_status":"open","sticky":false,"template":"","format":"standard","meta":{"footnotes":""},"categories":[91,75],"tags":[968,969,970],"_links":{"self":[{"href":"https:\/\/www.unifr.ch\/alma-georges\/wp-json\/wp\/v2\/posts\/4402"}],"collection":[{"href":"https:\/\/www.unifr.ch\/alma-georges\/wp-json\/wp\/v2\/posts"}],"about":[{"href":"https:\/\/www.unifr.ch\/alma-georges\/wp-json\/wp\/v2\/types\/post"}],"author":[{"embeddable":true,"href":"https:\/\/www.unifr.ch\/alma-georges\/wp-json\/wp\/v2\/users\/40"}],"replies":[{"embeddable":true,"href":"https:\/\/www.unifr.ch\/alma-georges\/wp-json\/wp\/v2\/comments?post=4402"}],"version-history":[{"count":1,"href":"https:\/\/www.unifr.ch\/alma-georges\/wp-json\/wp\/v2\/posts\/4402\/revisions"}],"predecessor-version":[{"id":4409,"href":"https:\/\/www.unifr.ch\/alma-georges\/wp-json\/wp\/v2\/posts\/4402\/revisions\/4409"}],"wp:featuredmedia":[{"embeddable":true,"href":"https:\/\/www.unifr.ch\/alma-georges\/wp-json\/wp\/v2\/media\/4393"}],"wp:attachment":[{"href":"https:\/\/www.unifr.ch\/alma-georges\/wp-json\/wp\/v2\/media?parent=4402"}],"wp:term":[{"taxonomy":"category","embeddable":true,"href":"https:\/\/www.unifr.ch\/alma-georges\/wp-json\/wp\/v2\/categories?post=4402"},{"taxonomy":"post_tag","embeddable":true,"href":"https:\/\/www.unifr.ch\/alma-georges\/wp-json\/wp\/v2\/tags?post=4402"}],"curies":[{"name":"wp","href":"https:\/\/api.w.org\/{rel}","templated":true}]}}