{"id":4029,"date":"2017-04-24T08:22:33","date_gmt":"2017-04-24T07:22:33","guid":{"rendered":"http:\/\/www3.unifr.ch\/alma-georges\/?p=4029"},"modified":"2017-05-24T12:50:59","modified_gmt":"2017-05-24T11:50:59","slug":"180-secondes-pour-une-these-paris-reussi","status":"publish","type":"post","link":"https:\/\/www.unifr.ch\/alma-georges\/articles\/2017\/180-secondes-pour-une-these-paris-reussi","title":{"rendered":"180 secondes pour une th\u00e8se: pari r\u00e9ussi"},"content":{"rendered":"<h4><strong>Les 6 candidats du concours Ma th\u00e8se en 180 secondes ont brillamment relev\u00e9 le d\u00e9fi. Les participants ont amen\u00e9 le public \u00e0 se plonger dans des domaines aussi vari\u00e9s que l&rsquo;examen des fonds marins, l&rsquo;analyse th\u00e9ologique de l&rsquo;amour, la neurobiologie, la physique th\u00e9orique ou les relations de bon voisinage en Gr\u00e8ce antique.<br \/>\n<\/strong><\/h4>\n<div class=\"clear\" style=\"height:20px\"><\/div>\n<p>Trois d&rsquo;entre eux se rendront \u00e0 la finale genevoise le 18 mai. Le troisi\u00e8me prix, Stefan Constantinescu, est issu de la Facult\u00e9 de th\u00e9ologie, tandis Federica Filice et Alessandro Bilella &#8211; \u00e9galement prix du public &#8211; \u00e9tudient \u00e0 la Facult\u00e9 des sciences.<\/p>\n<div class=\"clear\" style=\"height:20px\"><\/div>\n<iframe loading=\"lazy\" src=\"https:\/\/www.youtube.com\/embed\/ebZD_TSB40s\" width=\"560\" height=\"315\" frameborder=\"0\" allowfullscreen=\"allowfullscreen\"><\/iframe><\/p>\n<div class=\"clear\" style=\"height:20px\"><\/div>\n<p><span style=\"color: #ff6600;\">__________<\/span><\/p>\n<ul>\n<li><a href=\"http:\/\/events.unifr.ch\/mt180\/fr\/\" target=\"_blank\">Site du MT180 fribourgeois<\/a><\/li>\n<li>Vid\u00e9o: Christian Doninelli &#8211; <a href=\"https:\/\/www.unifr.ch\/scm\/fr\" target=\"_blank\">Unicom<\/a><\/li>\n<\/ul>\n<div class=\"clear\" style=\"height:20px\"><\/div>\n<div class=\"clear\" style=\"height:20px\"><\/div>\n","protected":false},"excerpt":{"rendered":"<p>Les 6 candidats du concours Ma th\u00e8se en 180 secondes ont brillamment relev\u00e9 le d\u00e9fi. Les participants ont amen\u00e9 le public \u00e0 se plonger dans des domaines aussi vari\u00e9s que l&rsquo;examen des fonds marins, l&rsquo;analyse th\u00e9ologique de l&rsquo;amour, la neurobiologie, la physique th\u00e9orique ou les relations de bon voisinage en Gr\u00e8ce antique. Trois d&rsquo;entre eux se rendront \u00e0 la finale genevoise le 18 mai. Le troisi\u00e8me prix, Stefan Constantinescu, est issu de la Facult\u00e9 de th\u00e9ologie, tandis Federica Filice et Alessandro Bilella &#8211; \u00e9galement prix du public &#8211; \u00e9tudient \u00e0 la Facult\u00e9 des sciences. __________ Site du MT180 fribourgeois Vid\u00e9o:<\/p>\n","protected":false},"author":6,"featured_media":4031,"comment_status":"open","ping_status":"open","sticky":false,"template":"","format":"standard","meta":{"footnotes":""},"categories":[85,75],"tags":[553,443,315,128,497,353,503,138,264],"_links":{"self":[{"href":"https:\/\/www.unifr.ch\/alma-georges\/wp-json\/wp\/v2\/posts\/4029"}],"collection":[{"href":"https:\/\/www.unifr.ch\/alma-georges\/wp-json\/wp\/v2\/posts"}],"about":[{"href":"https:\/\/www.unifr.ch\/alma-georges\/wp-json\/wp\/v2\/types\/post"}],"author":[{"embeddable":true,"href":"https:\/\/www.unifr.ch\/alma-georges\/wp-json\/wp\/v2\/users\/6"}],"replies":[{"embeddable":true,"href":"https:\/\/www.unifr.ch\/alma-georges\/wp-json\/wp\/v2\/comments?post=4029"}],"version-history":[{"count":1,"href":"https:\/\/www.unifr.ch\/alma-georges\/wp-json\/wp\/v2\/posts\/4029\/revisions"}],"predecessor-version":[{"id":4044,"href":"https:\/\/www.unifr.ch\/alma-georges\/wp-json\/wp\/v2\/posts\/4029\/revisions\/4044"}],"wp:featuredmedia":[{"embeddable":true,"href":"https:\/\/www.unifr.ch\/alma-georges\/wp-json\/wp\/v2\/media\/4031"}],"wp:attachment":[{"href":"https:\/\/www.unifr.ch\/alma-georges\/wp-json\/wp\/v2\/media?parent=4029"}],"wp:term":[{"taxonomy":"category","embeddable":true,"href":"https:\/\/www.unifr.ch\/alma-georges\/wp-json\/wp\/v2\/categories?post=4029"},{"taxonomy":"post_tag","embeddable":true,"href":"https:\/\/www.unifr.ch\/alma-georges\/wp-json\/wp\/v2\/tags?post=4029"}],"curies":[{"name":"wp","href":"https:\/\/api.w.org\/{rel}","templated":true}]}}