{"id":4005,"date":"2017-04-13T12:40:30","date_gmt":"2017-04-13T11:40:30","guid":{"rendered":"http:\/\/www3.unifr.ch\/alma-georges\/?p=4005&#038;lang=de"},"modified":"2017-04-18T09:49:15","modified_gmt":"2017-04-18T08:49:15","slug":"les-juriste-sont-des-hongres-les-avocats-des-etalons","status":"publish","type":"post","link":"https:\/\/www.unifr.ch\/alma-georges\/articles\/2017\/les-juriste-sont-des-hongres-les-avocats-des-etalons?lang=de","title":{"rendered":"\u00abLes juristes sont des hongres, les avocats des \u00e9talons!\u00bb"},"content":{"rendered":"<h4><strong>Il est l\u2019un des avocats les plus connus de la francophonie. Pass\u00e9 ma\u00eetre dans l\u2019art de la rh\u00e9torique, Marc Bonnant, quand il ne d\u00e9fend pas des clients aussi prestigieux que sulfureux, n\u2019h\u00e9site pas \u00e0 monter sur les planches pour plaider les causes de Socrate, de Charles Beaudelaire et de Voltaire.<\/strong><\/h4>\n<div class=\"clear\" style=\"height:20px\"><\/div>\n<p>A l\u2019invitation d\u2019ELSA Fribourg, le Genevois est venu exposer aux \u00e9tudiants de l\u2019Universit\u00e9 de Fribourg sa conception du m\u00e9tier d\u2019avocat. Inspir\u00e9 par ses d\u00e9ambulations dans la campagne fribourgeoise, il s\u2019est laiss\u00e9 aller \u00e0 la m\u00e9taphore \u00e9quine: pour lui, \u00ables juristes sont des hongres, les avocats des \u00e9talons!\u00bb<\/p>\n<div class=\"clear\" style=\"height:20px\"><\/div>\n<iframe loading=\"lazy\" src=\"https:\/\/www.youtube.com\/embed\/79PEkQqOr1M\" width=\"560\" height=\"315\" frameborder=\"0\" allowfullscreen=\"allowfullscreen\"><\/iframe><\/p>\n<div class=\"clear\" style=\"height:20px\"><\/div>\n<div class=\"clear\" style=\"height:20px\"><\/div>\n<p>&nbsp;<\/p>\n","protected":false},"excerpt":{"rendered":"<p>Il est l\u2019un des avocats les plus connus de la francophonie. Pass\u00e9 ma\u00eetre dans l\u2019art de la rh\u00e9torique, Marc Bonnant, quand il ne d\u00e9fend pas des clients aussi prestigieux que sulfureux, n\u2019h\u00e9site pas \u00e0 monter sur les planches pour plaider les causes de Socrate, de Charles Beaudelaire et de Voltaire. A l\u2019invitation d\u2019ELSA Fribourg, le Genevois est venu exposer aux \u00e9tudiants de l\u2019Universit\u00e9 de Fribourg sa conception du m\u00e9tier d\u2019avocat. Inspir\u00e9 par ses d\u00e9ambulations dans la campagne fribourgeoise, il s\u2019est laiss\u00e9 aller \u00e0 la m\u00e9taphore \u00e9quine: pour lui, \u00ables juristes sont des hongres, les avocats des \u00e9talons!\u00bb &nbsp;<\/p>\n","protected":false},"author":13,"featured_media":4007,"comment_status":"open","ping_status":"open","sticky":false,"template":"","format":"standard","meta":{"footnotes":""},"categories":[108,113],"tags":[943,274],"_links":{"self":[{"href":"https:\/\/www.unifr.ch\/alma-georges\/wp-json\/wp\/v2\/posts\/4005"}],"collection":[{"href":"https:\/\/www.unifr.ch\/alma-georges\/wp-json\/wp\/v2\/posts"}],"about":[{"href":"https:\/\/www.unifr.ch\/alma-georges\/wp-json\/wp\/v2\/types\/post"}],"author":[{"embeddable":true,"href":"https:\/\/www.unifr.ch\/alma-georges\/wp-json\/wp\/v2\/users\/13"}],"replies":[{"embeddable":true,"href":"https:\/\/www.unifr.ch\/alma-georges\/wp-json\/wp\/v2\/comments?post=4005"}],"version-history":[{"count":1,"href":"https:\/\/www.unifr.ch\/alma-georges\/wp-json\/wp\/v2\/posts\/4005\/revisions"}],"predecessor-version":[{"id":4028,"href":"https:\/\/www.unifr.ch\/alma-georges\/wp-json\/wp\/v2\/posts\/4005\/revisions\/4028"}],"wp:featuredmedia":[{"embeddable":true,"href":"https:\/\/www.unifr.ch\/alma-georges\/wp-json\/wp\/v2\/media\/4007"}],"wp:attachment":[{"href":"https:\/\/www.unifr.ch\/alma-georges\/wp-json\/wp\/v2\/media?parent=4005"}],"wp:term":[{"taxonomy":"category","embeddable":true,"href":"https:\/\/www.unifr.ch\/alma-georges\/wp-json\/wp\/v2\/categories?post=4005"},{"taxonomy":"post_tag","embeddable":true,"href":"https:\/\/www.unifr.ch\/alma-georges\/wp-json\/wp\/v2\/tags?post=4005"}],"curies":[{"name":"wp","href":"https:\/\/api.w.org\/{rel}","templated":true}]}}