{"id":3208,"date":"2016-11-07T09:55:56","date_gmt":"2016-11-07T08:55:56","guid":{"rendered":"http:\/\/www3.unifr.ch\/alma-georges\/?p=3208"},"modified":"2016-11-07T13:53:17","modified_gmt":"2016-11-07T12:53:17","slug":"prix-goncourt-un-lieu-mysterieux","status":"publish","type":"post","link":"https:\/\/www.unifr.ch\/alma-georges\/articles\/2016\/prix-goncourt-un-lieu-mysterieux","title":{"rendered":"Prix Goncourt: Un lieu myst\u00e9rieux"},"content":{"rendered":"<h4><strong>Quelques semaines pour lire une quinzaine d&rsquo;ouvrages, d\u00e9passer la th\u00e9orie pour appliquer un vrai regard critique sur l&rsquo;actualit\u00e9 litt\u00e9raire, d\u00e9fendre son point de vue et argumenter au-del\u00e0 de son premier sentiment: voil\u00e0 le d\u00e9fi que lance aux \u00e9tudiants la \u00abListe Goncourt, le choix de la Suisse\u00bb. Cinq \u00e9tudiants fribourgeois partagent avec nous cette exp\u00e9rience hors du commun.<\/strong><\/h4>\n<div class=\"clear\" style=\"height:20px\"><\/div>\n<p>Le d\u00e9tour d\u2019une rue, un coll\u00e8ge, le 22 rue Saint-Pierre Canisius\u2026 Oui, j\u2019y suis. La biblioth\u00e8que de p\u00e9dagogie curative se tient l\u00e0, devant moi, pr\u00eate \u00e0 m\u2019ouvrir ses portes vitr\u00e9es et \u00e0 me d\u00e9voiler ses secrets.<\/p>\n<p>Une personne attend d\u00e9j\u00e0, les autres arrivent. Une l\u00e9g\u00e8re avance sur l\u2019heure pr\u00e9vue. La r\u00e9union au sommet va d\u00e9buter. Un badge nous donne l\u2019acc\u00e8s \u00e0 la salle myst\u00e9rieuse qui nous accueille enfin, \u00e9tudiants de litt\u00e9rature francophone, profanes en ce lieu mystique de la p\u00e9dagogie. Il est temps de s\u2019approprier les lieux. On bouscule l\u2019ordre \u00e9tabli en d\u00e9pla\u00e7ant tables et chaises, afin de nous se r\u00e9unir en cercle autour d\u2019une table rectangle (et oui tout est possible en ce lieu) et d\u2019entamer nos d\u00e9bats passionn\u00e9s.<\/p>\n<p><strong>Faire entendre sa voix<\/strong><\/p>\n<p>Une l\u00e9g\u00e8re boule au ventre me taraude \u00e0 l\u2019instant o\u00f9 la r\u00e9union s\u2019ouvre officiellement. Une certaine tension est palpable. Apr\u00e8s des semaines de lectures marathoniennes, de d\u00e9bats enflamm\u00e9s, une premi\u00e8re s\u00e9lection discut\u00e9e et discutable, il est temps d\u2019entamer le sprint final. Les ultimes d\u00e9bats, le dernier moment pour faire entendre sa voix. Est-ce que je serai \u00e0 la hauteur de l\u2019\u00e9v\u00e8nement? Est-ce que je saurai \u00e9mettre mes avis et convaincre?<\/p>\n<p>Les premi\u00e8res phrases ont de la peine \u00e0 se former. Les visages se crispent, on ressent l\u2019envie de s\u2019exprimer, mais la crainte de se jeter \u00e0 l\u2019eau. Dans chaque t\u00eate, les lectures se d\u00e9roulent une \u00e9ni\u00e8me fois. Chacun a ses pr\u00e9f\u00e9rences, ses coups de c\u0153ur et de gueule. Par o\u00f9 commencer? Comment organiser les d\u00e9bats? Les offensives finissent par se former, la d\u00e9fense s\u2019organise. Je sens qu\u2019il est temps, que je vais pouvoir \u00e9mettre un avis, m\u2019ins\u00e9rer dans les \u00e9changes naissants. L\u00e0! Je saisis l\u2019opportunit\u00e9, expose une id\u00e9e\u2026 \u00c7a y est. Oui, \u00e7a y est, je le ressens ce plaisir diffus de parler litt\u00e9rature. Ce bonheur de parvenir \u00e0 construire une pens\u00e9e en parlant d\u2019un livre et d\u2019avoir les outils n\u00e9cessaires pour se dresser contre d\u2019autres avis. Les mots coulent, mon angoisse dispara\u00eet et je clos mon intervention avec une s\u00e9r\u00e9nit\u00e9 retrouv\u00e9e. Je me sens en phase avec moi-m\u00eame, avec ma pens\u00e9e.<\/p>\n<p><strong>Une belle aventure<\/strong><\/p>\n<p>Tr\u00e8s vite, l\u2019\u00e9change s\u2019intensifie, les avis divergent parfois, mais commencent rapidement \u00e0 converger. Des majorit\u00e9s l\u2019emportent, malgr\u00e9 les positions isol\u00e9es qui s\u2019y opposent vivement. A chacune de mes interventions, je me sens un peu plus \u00e0 l\u2019aise, \u00e0 ma place parmi ces amateurs de lecture. Aimer lire, c\u2019est beau. Pouvoir partager avec d\u2019autres passionn\u00e9s l\u2019est encore plus! J\u2019appr\u00e9cie la vision de chacun et respecte les d\u00e9cha\u00eenements intenses dont certains font preuve. Je comprends que chaque livre nous a touch\u00e9s \u00e0 des degr\u00e9s divers. Qu\u2019on ait aim\u00e9 ou d\u00e9test\u00e9, aucune \u0153uvre ne nous a laiss\u00e9s totalement indiff\u00e9rents. C\u2019est ce qui me semble admirablement int\u00e9ressant.<\/p>\n<p>Alors, je comprends que le but de cette aventure d\u00e9passe grandement la remise d\u2019un simple prix. Un prix d\u00e9cern\u00e9, ce n\u2019est rien, juste un avis final, qui ne traduit pas toute la richesse de l\u2019aventure. Peu importe le r\u00e9sultat, il ne sera qu\u2019un simple nom au sommet d\u2019une liste, qui ne r\u00e9v\u00e8lera rien de ces instants privil\u00e9gi\u00e9s d\u2019\u00e9changes. D\u00e9couvrir la pointe de la litt\u00e9rature actuelle, se former \u00e0 la critique, se plonger dans des lectures qui nous s\u00e9duisent ou nous r\u00e9vulsent, explorer, s\u2019enrichir, voil\u00e0 quelques facettes de notre aventure. Une entreprise humaine et litt\u00e9raire fond\u00e9e sur l\u2019\u00e9change, la curiosit\u00e9, la rigueur et surtout le plaisir!<\/p>\n<div class=\"clear\" style=\"height:20px\"><\/div>\n<span style=\"color: #ff6600;\">__________<\/span><\/p>\n<div class=\"clear\" style=\"height:20px\"><\/div>\n<p>Lanc\u00e9e l&rsquo;an dernier \u00e0 l&rsquo;instigation du Professeur Robert Kopp, la \u00abListe Goncourt, le choix de la Suisse\u00bb \u200bre\u00e7oit le soutien de l&rsquo;Acad\u00e9mie Goncourt, de l&rsquo;Ambassade de France en Suisse, de l&rsquo;Agence universitaire de la Francophonie, de la librairie Payot et de la Fondation Catherine Gide.<br \/>\nCette ann\u00e9e, cinq universit\u00e9s suisses se sont laiss\u00e9 s\u00e9duire par ce projet qui promeut tant la lecture que les litt\u00e9ratures fran\u00e7aises et francophones. Gr\u00e2ce \u00e0 leur motivation et \u00e0 l&rsquo;engagement des Professeurs \u200bRegina Bollhalder, Thomas Hunkeler, Thomas Klinkert et Loris Petris, les \u00e9tudiants des universit\u00e9s de la Suisse Italienne, de Berne, de Fribourg, de Z\u00fcrich et de Neuch\u00e2tel vont d\u00e9battre et \u00e9lire leur laur\u00e9at \u00e0 partir de la liste \u00e9tablie par l&rsquo;Acad\u00e9mie Goncourt. Le vainqueur sera d\u00e9voil\u00e9 le 8 novembre \u00e0 Berne, en pr\u00e9sence de l&rsquo;ambassadeur de France et d&rsquo;un membre de l&rsquo;Acad\u00e9mie Goncourt.<\/p>\n<div class=\"clear\" style=\"height:20px\"><\/div>\n<div class=\"clear\" style=\"height:20px\"><\/div>\n","protected":false},"excerpt":{"rendered":"<p>Quelques semaines pour lire une quinzaine d&rsquo;ouvrages, d\u00e9passer la th\u00e9orie pour appliquer un vrai regard critique sur l&rsquo;actualit\u00e9 litt\u00e9raire, d\u00e9fendre son point de vue et argumenter au-del\u00e0 de son premier sentiment: voil\u00e0 le d\u00e9fi que lance aux \u00e9tudiants la \u00abListe Goncourt, le choix de la Suisse\u00bb. Cinq \u00e9tudiants fribourgeois partagent avec nous cette exp\u00e9rience hors du commun. Le d\u00e9tour d\u2019une rue, un coll\u00e8ge, le 22 rue Saint-Pierre Canisius\u2026 Oui, j\u2019y suis. La biblioth\u00e8que de p\u00e9dagogie curative se tient l\u00e0, devant moi, pr\u00eate \u00e0 m\u2019ouvrir ses portes vitr\u00e9es et \u00e0 me d\u00e9voiler ses secrets. Une personne attend d\u00e9j\u00e0, les autres arrivent.<\/p>\n","protected":false},"author":32,"featured_media":3187,"comment_status":"open","ping_status":"open","sticky":false,"template":"","format":"standard","meta":{"footnotes":""},"categories":[89,75],"tags":[340,740,792,290],"_links":{"self":[{"href":"https:\/\/www.unifr.ch\/alma-georges\/wp-json\/wp\/v2\/posts\/3208"}],"collection":[{"href":"https:\/\/www.unifr.ch\/alma-georges\/wp-json\/wp\/v2\/posts"}],"about":[{"href":"https:\/\/www.unifr.ch\/alma-georges\/wp-json\/wp\/v2\/types\/post"}],"author":[{"embeddable":true,"href":"https:\/\/www.unifr.ch\/alma-georges\/wp-json\/wp\/v2\/users\/32"}],"replies":[{"embeddable":true,"href":"https:\/\/www.unifr.ch\/alma-georges\/wp-json\/wp\/v2\/comments?post=3208"}],"version-history":[{"count":1,"href":"https:\/\/www.unifr.ch\/alma-georges\/wp-json\/wp\/v2\/posts\/3208\/revisions"}],"predecessor-version":[{"id":3216,"href":"https:\/\/www.unifr.ch\/alma-georges\/wp-json\/wp\/v2\/posts\/3208\/revisions\/3216"}],"wp:featuredmedia":[{"embeddable":true,"href":"https:\/\/www.unifr.ch\/alma-georges\/wp-json\/wp\/v2\/media\/3187"}],"wp:attachment":[{"href":"https:\/\/www.unifr.ch\/alma-georges\/wp-json\/wp\/v2\/media?parent=3208"}],"wp:term":[{"taxonomy":"category","embeddable":true,"href":"https:\/\/www.unifr.ch\/alma-georges\/wp-json\/wp\/v2\/categories?post=3208"},{"taxonomy":"post_tag","embeddable":true,"href":"https:\/\/www.unifr.ch\/alma-georges\/wp-json\/wp\/v2\/tags?post=3208"}],"curies":[{"name":"wp","href":"https:\/\/api.w.org\/{rel}","templated":true}]}}