{"id":23310,"date":"2026-04-24T15:44:39","date_gmt":"2026-04-24T14:44:39","guid":{"rendered":"https:\/\/www.unifr.ch\/alma-georges?p=23310"},"modified":"2026-04-24T15:43:01","modified_gmt":"2026-04-24T14:43:01","slug":"cest-un-crime-de-mettre-les-gens-a-la-retraite","status":"publish","type":"post","link":"https:\/\/www.unifr.ch\/alma-georges\/articles\/2026\/cest-un-crime-de-mettre-les-gens-a-la-retraite?lang=de","title":{"rendered":"C\u2019est un crime de mettre les gens \u00e0 la retraite!"},"content":{"rendered":"<h4><strong>\u00c0 87 ans, le prix Nobel de chimie Jean-Marie Lehn revient sur son parcours, de ses premiers \u00e9merveillements scientifiques \u00e0 l\u2019annonce du Nobel en 1987. De passage \u00e0 l\u2019Universit\u00e9 de Fribourg, il confie tout le mal qu\u2019il pense de la retraite qu\u2019il juge n\u00e9faste pour l\u2019esprit. <div class=\"clear\" style=\"height:20px\"><\/div><\/strong><\/h4>\n<p><iframe loading=\"lazy\" title=\"YouTube video player\" src=\"https:\/\/www.youtube.com\/embed\/t6kOIHZjT20?si=J59iaTSOrDE7bCjE\" width=\"560\" height=\"315\" frameborder=\"0\" allowfullscreen=\"allowfullscreen\"><\/iframe><\/p>\n<div class=\"clear\" style=\"height:20px\"><\/div>\n<span style=\"color: #ff6600;\">__________<\/span><\/p>\n<div class=\"clear\" style=\"height:20px\"><\/div>\n","protected":false},"excerpt":{"rendered":"<p>\u00c0 87 ans, le prix Nobel de chimie Jean-Marie Lehn revient sur son parcours, de ses premiers \u00e9merveillements scientifiques \u00e0 l\u2019annonce du Nobel en 1987. De passage \u00e0 l\u2019Universit\u00e9 de Fribourg, il confie tout le mal qu\u2019il pense de la retraite qu\u2019il juge n\u00e9faste pour l\u2019esprit. __________<\/p>\n","protected":false},"author":13,"featured_media":23311,"comment_status":"open","ping_status":"closed","sticky":false,"template":"","format":"standard","meta":{"footnotes":""},"categories":[109,108,75,113],"tags":[118,1757],"_links":{"self":[{"href":"https:\/\/www.unifr.ch\/alma-georges\/wp-json\/wp\/v2\/posts\/23310"}],"collection":[{"href":"https:\/\/www.unifr.ch\/alma-georges\/wp-json\/wp\/v2\/posts"}],"about":[{"href":"https:\/\/www.unifr.ch\/alma-georges\/wp-json\/wp\/v2\/types\/post"}],"author":[{"embeddable":true,"href":"https:\/\/www.unifr.ch\/alma-georges\/wp-json\/wp\/v2\/users\/13"}],"replies":[{"embeddable":true,"href":"https:\/\/www.unifr.ch\/alma-georges\/wp-json\/wp\/v2\/comments?post=23310"}],"version-history":[{"count":1,"href":"https:\/\/www.unifr.ch\/alma-georges\/wp-json\/wp\/v2\/posts\/23310\/revisions"}],"predecessor-version":[{"id":23312,"href":"https:\/\/www.unifr.ch\/alma-georges\/wp-json\/wp\/v2\/posts\/23310\/revisions\/23312"}],"wp:featuredmedia":[{"embeddable":true,"href":"https:\/\/www.unifr.ch\/alma-georges\/wp-json\/wp\/v2\/media\/23311"}],"wp:attachment":[{"href":"https:\/\/www.unifr.ch\/alma-georges\/wp-json\/wp\/v2\/media?parent=23310"}],"wp:term":[{"taxonomy":"category","embeddable":true,"href":"https:\/\/www.unifr.ch\/alma-georges\/wp-json\/wp\/v2\/categories?post=23310"},{"taxonomy":"post_tag","embeddable":true,"href":"https:\/\/www.unifr.ch\/alma-georges\/wp-json\/wp\/v2\/tags?post=23310"}],"curies":[{"name":"wp","href":"https:\/\/api.w.org\/{rel}","templated":true}]}}