{"id":23283,"date":"2026-04-21T10:43:56","date_gmt":"2026-04-21T09:43:56","guid":{"rendered":"https:\/\/www.unifr.ch\/alma-georges?p=23283"},"modified":"2026-04-21T11:42:38","modified_gmt":"2026-04-21T10:42:38","slug":"le-choeur-de-luniversite-de-fribourg-face-a-un-everest-musical","status":"publish","type":"post","link":"https:\/\/www.unifr.ch\/alma-georges\/articles\/2026\/le-choeur-de-luniversite-de-fribourg-face-a-un-everest-musical","title":{"rendered":"Le ch\u0153ur de l\u2019Universit\u00e9 de Fribourg face \u00e0 un Everest musical"},"content":{"rendered":"<h4><strong>Per aspera ad astra! En s\u2019attaquant \u00e0 la Messe en fa mineur d\u2019Anton Bruckner, le ch\u0153ur de l\u2019Universit\u00e9 de Fribourg n\u2019a pas fait le choix de la facilit\u00e9. Mais qu\u2019importe, Valentina Jopiti tr\u00e9pigne d\u2019impatience \u00e0 l\u2019id\u00e9e d\u2019interpr\u00e9ter cette \u0153uvre \u00e0 Fribourg et dans son canton natal. <div class=\"clear\" style=\"height:20px\"><\/div><\/strong><\/h4>\n<p><iframe loading=\"lazy\" title=\"YouTube video player\" src=\"https:\/\/www.youtube.com\/embed\/l0NYyHtRsfM?si=4eC7yRl49Wnb26nU\" width=\"560\" height=\"315\" frameborder=\"0\" allowfullscreen=\"allowfullscreen\"><\/iframe><\/p>\n<div class=\"clear\" style=\"height:20px\"><\/div>\n<ul>\n<li><a href=\"https:\/\/www.unifr.ch\/cujm\/fr\/\" target=\"_blank\" rel=\"noopener\">Choeur de l&rsquo;Universit\u00e9<\/a><\/li>\n<\/ul>\n","protected":false},"excerpt":{"rendered":"<p>Per aspera ad astra! En s\u2019attaquant \u00e0 la Messe en fa mineur d\u2019Anton Bruckner, le ch\u0153ur de l\u2019Universit\u00e9 de Fribourg n\u2019a pas fait le choix de la facilit\u00e9. Mais qu\u2019importe, Valentina Jopiti tr\u00e9pigne d\u2019impatience \u00e0 l\u2019id\u00e9e d\u2019interpr\u00e9ter cette \u0153uvre \u00e0 Fribourg et dans son canton natal. Choeur de l&rsquo;Universit\u00e9<\/p>\n","protected":false},"author":13,"featured_media":23285,"comment_status":"open","ping_status":"closed","sticky":true,"template":"","format":"standard","meta":{"footnotes":""},"categories":[75],"tags":[1201],"_links":{"self":[{"href":"https:\/\/www.unifr.ch\/alma-georges\/wp-json\/wp\/v2\/posts\/23283"}],"collection":[{"href":"https:\/\/www.unifr.ch\/alma-georges\/wp-json\/wp\/v2\/posts"}],"about":[{"href":"https:\/\/www.unifr.ch\/alma-georges\/wp-json\/wp\/v2\/types\/post"}],"author":[{"embeddable":true,"href":"https:\/\/www.unifr.ch\/alma-georges\/wp-json\/wp\/v2\/users\/13"}],"replies":[{"embeddable":true,"href":"https:\/\/www.unifr.ch\/alma-georges\/wp-json\/wp\/v2\/comments?post=23283"}],"version-history":[{"count":5,"href":"https:\/\/www.unifr.ch\/alma-georges\/wp-json\/wp\/v2\/posts\/23283\/revisions"}],"predecessor-version":[{"id":23297,"href":"https:\/\/www.unifr.ch\/alma-georges\/wp-json\/wp\/v2\/posts\/23283\/revisions\/23297"}],"wp:featuredmedia":[{"embeddable":true,"href":"https:\/\/www.unifr.ch\/alma-georges\/wp-json\/wp\/v2\/media\/23285"}],"wp:attachment":[{"href":"https:\/\/www.unifr.ch\/alma-georges\/wp-json\/wp\/v2\/media?parent=23283"}],"wp:term":[{"taxonomy":"category","embeddable":true,"href":"https:\/\/www.unifr.ch\/alma-georges\/wp-json\/wp\/v2\/categories?post=23283"},{"taxonomy":"post_tag","embeddable":true,"href":"https:\/\/www.unifr.ch\/alma-georges\/wp-json\/wp\/v2\/tags?post=23283"}],"curies":[{"name":"wp","href":"https:\/\/api.w.org\/{rel}","templated":true}]}}