{"id":23265,"date":"2026-04-28T08:14:42","date_gmt":"2026-04-28T07:14:42","guid":{"rendered":"https:\/\/www.unifr.ch\/alma-georges?p=23265"},"modified":"2026-04-28T14:58:57","modified_gmt":"2026-04-28T13:58:57","slug":"concours-photographique-un-chercheur-fribourgeois-fait-rayonner-une-mousse-meconnue","status":"publish","type":"post","link":"https:\/\/www.unifr.ch\/alma-georges\/articles\/2026\/concours-photographique-un-chercheur-fribourgeois-fait-rayonner-une-mousse-meconnue","title":{"rendered":"Concours photographique: un chercheur fribourgeois fait rayonner une mousse m\u00e9connue"},"content":{"rendered":"<h4><strong>En braquant son microscope sur une sphaigne fauve (<em>Sphagnum subfulvum<\/em>), Yann Fragni\u00e8re a mis cette myst\u00e9rieuse mousse des tourbi\u00e8res sous le feu des projecteurs. Le collaborateur scientifique du Jardin botanique de l\u2019Universit\u00e9 de Fribourg a remport\u00e9 une distinction lors du concours 2026 d\u2019images scientifiques du FNS, dans la cat\u00e9gorie \u00abObjet d\u2019\u00e9tude\u00bb. Rencontre avec un chercheur qui sait jouer avec la lumi\u00e8re. <div class=\"clear\" style=\"height:20px\"><\/div><\/strong><\/h4>\n<div id=\"attachment_23270\" style=\"width: 690px\" class=\"wp-caption alignright\"><a href=\"https:\/\/www.unifr.ch\/alma-georges\/wp-content\/uploads\/2026\/04\/025_1_Fragniere_Yann_Bog_Moss_Iridescence-1-copy-scaled.jpg\"><img aria-describedby=\"caption-attachment-23270\" decoding=\"async\" loading=\"lazy\" class=\"wp-image-23270 size-large\" src=\"https:\/\/www.unifr.ch\/alma-georges\/wp-content\/uploads\/2026\/04\/025_1_Fragniere_Yann_Bog_Moss_Iridescence-1-copy-1024x684.jpg\" alt=\"\" width=\"680\" height=\"454\" srcset=\"https:\/\/www.unifr.ch\/alma-georges\/wp-content\/uploads\/2026\/04\/025_1_Fragniere_Yann_Bog_Moss_Iridescence-1-copy-1024x684.jpg 1024w, https:\/\/www.unifr.ch\/alma-georges\/wp-content\/uploads\/2026\/04\/025_1_Fragniere_Yann_Bog_Moss_Iridescence-1-copy-300x200.jpg 300w, https:\/\/www.unifr.ch\/alma-georges\/wp-content\/uploads\/2026\/04\/025_1_Fragniere_Yann_Bog_Moss_Iridescence-1-copy-768x513.jpg 768w, https:\/\/www.unifr.ch\/alma-georges\/wp-content\/uploads\/2026\/04\/025_1_Fragniere_Yann_Bog_Moss_Iridescence-1-copy-1536x1025.jpg 1536w, https:\/\/www.unifr.ch\/alma-georges\/wp-content\/uploads\/2026\/04\/025_1_Fragniere_Yann_Bog_Moss_Iridescence-1-copy-2048x1367.jpg 2048w\" sizes=\"(max-width: 680px) 100vw, 680px\" \/><\/a><p id=\"caption-attachment-23270\" class=\"wp-caption-text\">La photo laur\u00e9ate du concours. Sphaigne fauve (<em>Sphagnum subfulvum<\/em>). Creative common licence CC BY-NC-ND.<\/p><\/div>\n<p><strong>F\u00e9licitations pour ton prix! J\u2019imagine que \u00e7a doit te faire plaisir. <\/strong><br \/>\nOui et j\u2019en ai \u00e9t\u00e9 le premier surpris car ce n\u2019\u00e9tait pas la premi\u00e8re fois que je participais \u00e0 ce concours, jusque-l\u00e0 sans succ\u00e8s. Cela tombe d\u2019ailleurs plut\u00f4t bien pour nous puisque nous travaillons sur un livre sur les sphaignes. C\u2019est un joli coup de publicit\u00e9 et une reconnaissance aussi pour la qualit\u00e9 d&rsquo;illustration.<\/p>\n<p><strong>Explique-nous la gen\u00e8se de cette photo.<\/strong><br \/>\nJe suis all\u00e9 dans les Grisons pour chercher une sphaigne fauve. C\u2019est l\u00e0 que se trouve la seule station connue de Suisse. Comme elle se trouvait dans une tourbi\u00e8re, un endroit prot\u00e9g\u00e9, j\u2019ai demand\u00e9 les autorisations pour la pr\u00e9lever. Je l\u2019ai ensuite apport\u00e9e \u00e0 Fribourg pour \u00e9tudier la forme de ses feuilles et de ses cellules au microscope. En l\u2019\u00e9clairant, j\u2019ai r\u00e9alis\u00e9 que je tenais l\u00e0 une jolie image. En s\u2019ass\u00e9chant, la sphaigne fauve a en effet tendance \u00e0 devenir iridescente. Le clich\u00e9 r\u00e9v\u00e8le bien ses couleurs un peu m\u00e9talliques.<\/p>\n<p><strong>As-tu un peu \u00abpimp\u00e9\u00bb la photo sur photoshop?<\/strong><br \/>\nJ\u2019ai juste proc\u00e9d\u00e9 \u00e0 quelques retouches cosm\u00e9tiques pour accentuer les contrastes.<\/p>\n<div id=\"attachment_23271\" style=\"width: 310px\" class=\"wp-caption alignleft\"><a href=\"https:\/\/www.unifr.ch\/alma-georges\/wp-content\/uploads\/2026\/04\/Sphagnum_subfulvum_Habitus_8-copy-scaled.jpg\"><img aria-describedby=\"caption-attachment-23271\" decoding=\"async\" loading=\"lazy\" class=\"wp-image-23271 size-medium\" src=\"https:\/\/www.unifr.ch\/alma-georges\/wp-content\/uploads\/2026\/04\/Sphagnum_subfulvum_Habitus_8-copy-300x225.jpg\" alt=\"Sphaigne fauve (Sphagnum subfulvum)\" width=\"300\" height=\"225\" srcset=\"https:\/\/www.unifr.ch\/alma-georges\/wp-content\/uploads\/2026\/04\/Sphagnum_subfulvum_Habitus_8-copy-300x225.jpg 300w, https:\/\/www.unifr.ch\/alma-georges\/wp-content\/uploads\/2026\/04\/Sphagnum_subfulvum_Habitus_8-copy-1024x768.jpg 1024w, https:\/\/www.unifr.ch\/alma-georges\/wp-content\/uploads\/2026\/04\/Sphagnum_subfulvum_Habitus_8-copy-768x576.jpg 768w, https:\/\/www.unifr.ch\/alma-georges\/wp-content\/uploads\/2026\/04\/Sphagnum_subfulvum_Habitus_8-copy-1536x1152.jpg 1536w, https:\/\/www.unifr.ch\/alma-georges\/wp-content\/uploads\/2026\/04\/Sphagnum_subfulvum_Habitus_8-copy-2048x1536.jpg 2048w\" sizes=\"(max-width: 300px) 100vw, 300px\" \/><\/a><p id=\"caption-attachment-23271\" class=\"wp-caption-text\">Sphaigne fauve (<em>Sphagnum subfulvum)<\/em><\/p><\/div>\n<p><strong>Et pourquoi \u00e9tudies-tu les sphaignes de Suisse?<\/strong><br \/>\nIl s\u2019agit avant tout d\u2019un travail de description, d&rsquo;illustration et de synth\u00e8se du genre <em>Sphagnum.<\/em> Nous travaillons en collaboration avec Swissbryophytes, l&rsquo;institution qui g\u00e8re tout ce qui concerne les mousses en Suisse. Nous souhaitons dresser le portrait de toutes les esp\u00e8ces de sphaignes de Suisse, \u00e0 l\u2019instar de ce qui existe d\u00e9j\u00e0 pour la flore.<\/p>\n<p><strong>Etudier les fleurs, je peux comprendre, mais les mousses me semblent \u00eatre une autre paire de manches!<\/strong><br \/>\nC\u2019est clair qu&rsquo;au premier abord, on voit mieux les diff\u00e9rences chez les plantes et chez les animaux. Il suffit toutefois de s\u2019y plonger pour commencer \u00e0 mieux percevoir les nuances. Cela dit, je ne suis pas bryologue. Je connais tr\u00e8s mal les mousses dans leur ensemble, mais le genre particulier des sphaignes est sp\u00e9cialement joli, avec beaucoup de couleurs vives.<\/p>\n<div id=\"attachment_23272\" style=\"width: 310px\" class=\"wp-caption alignright\"><a href=\"https:\/\/www.unifr.ch\/alma-georges\/wp-content\/uploads\/2026\/04\/Sphagnum_subfulvum_Habitus_4-copy-scaled.jpg\"><img aria-describedby=\"caption-attachment-23272\" decoding=\"async\" loading=\"lazy\" class=\"wp-image-23272 size-medium\" src=\"https:\/\/www.unifr.ch\/alma-georges\/wp-content\/uploads\/2026\/04\/Sphagnum_subfulvum_Habitus_4-copy-300x225.jpg\" alt=\"\" width=\"300\" height=\"225\" srcset=\"https:\/\/www.unifr.ch\/alma-georges\/wp-content\/uploads\/2026\/04\/Sphagnum_subfulvum_Habitus_4-copy-300x225.jpg 300w, https:\/\/www.unifr.ch\/alma-georges\/wp-content\/uploads\/2026\/04\/Sphagnum_subfulvum_Habitus_4-copy-1024x768.jpg 1024w, https:\/\/www.unifr.ch\/alma-georges\/wp-content\/uploads\/2026\/04\/Sphagnum_subfulvum_Habitus_4-copy-768x576.jpg 768w, https:\/\/www.unifr.ch\/alma-georges\/wp-content\/uploads\/2026\/04\/Sphagnum_subfulvum_Habitus_4-copy-1536x1152.jpg 1536w, https:\/\/www.unifr.ch\/alma-georges\/wp-content\/uploads\/2026\/04\/Sphagnum_subfulvum_Habitus_4-copy-2048x1536.jpg 2048w\" sizes=\"(max-width: 300px) 100vw, 300px\" \/><\/a><p id=\"caption-attachment-23272\" class=\"wp-caption-text\">Sphaigne fauve (<em>Sphagnum subfulvum)<\/em><\/p><\/div>\n<p><strong>Et pour quelles raisons faut-il \u00e9tudier ces plantes?<\/strong><br \/>\nAvant tout parce qu\u2019elles sont presque toute menac\u00e9es. Les tourbi\u00e8res, leur environnement de pr\u00e9dilection, a \u00e9t\u00e9 consid\u00e9rablement d\u00e9truit au cours des derniers si\u00e8cles. La sphaigne fauve, la mousse, qui m\u2019a valu ce prix, n\u2019est d\u2019ailleurs connue que dans une seule station en Suisse.<\/p>\n<p><strong>Quand termineras-tu ce projet? <\/strong><br \/>\nIl y a une trentaine d\u2019esp\u00e8ces de sphaignes en Suisse. A quelques exceptions pr\u00e8s, je les ai toutes photographi\u00e9es. J\u2019imagine donc terminer le travail de terrain cette ann\u00e9e ou la suivante. J\u2019ai bon espoir de publier le livre fin 2027<\/p>\n<div class=\"clear\" style=\"height:20px\"><\/div>\n<span style=\"color: #ff6600;\">_________<\/span><\/p>\n<div class=\"clear\" style=\"height:20px\"><\/div>\n<p>&nbsp;<\/p>\n<ul>\n<li><a href=\"https:\/\/www.unifr.ch\/directory\/fr\/people\/41991\/aa6bb\" target=\"_blank\" rel=\"noopener\">Yann Fragni\u00e8re<\/a><\/li>\n<li>Photos: Yann Fragni\u00e8re<\/li>\n<\/ul>\n","protected":false},"excerpt":{"rendered":"<p>En braquant son microscope sur une sphaigne fauve (Sphagnum subfulvum), Yann Fragni\u00e8re a mis cette myst\u00e9rieuse mousse des tourbi\u00e8res sous le feu des projecteurs. Le collaborateur scientifique du Jardin botanique de l\u2019Universit\u00e9 de Fribourg a remport\u00e9 une distinction lors du concours 2026 d\u2019images scientifiques du FNS, dans la cat\u00e9gorie \u00abObjet d\u2019\u00e9tude\u00bb. Rencontre avec un chercheur qui sait jouer avec la lumi\u00e8re. F\u00e9licitations pour ton prix! J\u2019imagine que \u00e7a doit te faire plaisir. Oui et j\u2019en ai \u00e9t\u00e9 le premier surpris car ce n\u2019\u00e9tait pas la premi\u00e8re fois que je participais \u00e0 ce concours, jusque-l\u00e0 sans succ\u00e8s. Cela tombe d\u2019ailleurs plut\u00f4t<\/p>\n","protected":false},"author":13,"featured_media":23269,"comment_status":"open","ping_status":"closed","sticky":true,"template":"","format":"standard","meta":{"footnotes":""},"categories":[85,80,75],"tags":[1155,1767],"_links":{"self":[{"href":"https:\/\/www.unifr.ch\/alma-georges\/wp-json\/wp\/v2\/posts\/23265"}],"collection":[{"href":"https:\/\/www.unifr.ch\/alma-georges\/wp-json\/wp\/v2\/posts"}],"about":[{"href":"https:\/\/www.unifr.ch\/alma-georges\/wp-json\/wp\/v2\/types\/post"}],"author":[{"embeddable":true,"href":"https:\/\/www.unifr.ch\/alma-georges\/wp-json\/wp\/v2\/users\/13"}],"replies":[{"embeddable":true,"href":"https:\/\/www.unifr.ch\/alma-georges\/wp-json\/wp\/v2\/comments?post=23265"}],"version-history":[{"count":12,"href":"https:\/\/www.unifr.ch\/alma-georges\/wp-json\/wp\/v2\/posts\/23265\/revisions"}],"predecessor-version":[{"id":23335,"href":"https:\/\/www.unifr.ch\/alma-georges\/wp-json\/wp\/v2\/posts\/23265\/revisions\/23335"}],"wp:featuredmedia":[{"embeddable":true,"href":"https:\/\/www.unifr.ch\/alma-georges\/wp-json\/wp\/v2\/media\/23269"}],"wp:attachment":[{"href":"https:\/\/www.unifr.ch\/alma-georges\/wp-json\/wp\/v2\/media?parent=23265"}],"wp:term":[{"taxonomy":"category","embeddable":true,"href":"https:\/\/www.unifr.ch\/alma-georges\/wp-json\/wp\/v2\/categories?post=23265"},{"taxonomy":"post_tag","embeddable":true,"href":"https:\/\/www.unifr.ch\/alma-georges\/wp-json\/wp\/v2\/tags?post=23265"}],"curies":[{"name":"wp","href":"https:\/\/api.w.org\/{rel}","templated":true}]}}