{"id":23248,"date":"2026-04-01T07:14:57","date_gmt":"2026-04-01T06:14:57","guid":{"rendered":"https:\/\/www.unifr.ch\/alma-georges?p=23248"},"modified":"2026-04-01T07:15:31","modified_gmt":"2026-04-01T06:15:31","slug":"kaouther-ben-hania-une-sensibilite-a-fleur-de-peau","status":"publish","type":"post","link":"https:\/\/www.unifr.ch\/alma-georges\/articles\/2026\/kaouther-ben-hania-une-sensibilite-a-fleur-de-peau","title":{"rendered":"Kaouther Ben Hania, une sensibilit\u00e9 \u00e0 fleur de peau"},"content":{"rendered":"<h4><strong>Comment repr\u00e9senter l&rsquo;innommable sans en faire un spectacle? La r\u00e9alisatrice tunisienne Kaouther Ben Hania, premi\u00e8re laur\u00e9ate du <em>Fribourg Cinema Award<\/em> 2026, nous rembobine le fil de sa vie cin\u00e9matographique, depuis sa rencontre avec le septi\u00e8me art \u00e0 son film <em>The Voice of Hind Rajab. <div class=\"clear\" style=\"height:20px\"><\/div><\/em><\/strong><\/h4>\n<p><iframe loading=\"lazy\" title=\"YouTube video player\" src=\"https:\/\/www.youtube.com\/embed\/4eKKTEBHD2c?si=6323A_xA6XZkfAW1\" width=\"560\" height=\"315\" frameborder=\"0\" allowfullscreen=\"allowfullscreen\"><\/iframe><\/p>\n<div class=\"clear\" style=\"height:20px\"><\/div>\n<span style=\"color: #ff6600;\">_________<br \/>\n<div class=\"clear\" style=\"height:20px\"><\/div><\/span><\/p>\n<p>&nbsp;<\/p>\n<p>&nbsp;<\/p>\n","protected":false},"excerpt":{"rendered":"<p>Comment repr\u00e9senter l&rsquo;innommable sans en faire un spectacle? La r\u00e9alisatrice tunisienne Kaouther Ben Hania, premi\u00e8re laur\u00e9ate du Fribourg Cinema Award 2026, nous rembobine le fil de sa vie cin\u00e9matographique, depuis sa rencontre avec le septi\u00e8me art \u00e0 son film The Voice of Hind Rajab. _________ &nbsp; &nbsp;<\/p>\n","protected":false},"author":13,"featured_media":23254,"comment_status":"open","ping_status":"closed","sticky":true,"template":"","format":"standard","meta":{"footnotes":""},"categories":[85,75],"tags":[164,1760,1761],"_links":{"self":[{"href":"https:\/\/www.unifr.ch\/alma-georges\/wp-json\/wp\/v2\/posts\/23248"}],"collection":[{"href":"https:\/\/www.unifr.ch\/alma-georges\/wp-json\/wp\/v2\/posts"}],"about":[{"href":"https:\/\/www.unifr.ch\/alma-georges\/wp-json\/wp\/v2\/types\/post"}],"author":[{"embeddable":true,"href":"https:\/\/www.unifr.ch\/alma-georges\/wp-json\/wp\/v2\/users\/13"}],"replies":[{"embeddable":true,"href":"https:\/\/www.unifr.ch\/alma-georges\/wp-json\/wp\/v2\/comments?post=23248"}],"version-history":[{"count":7,"href":"https:\/\/www.unifr.ch\/alma-georges\/wp-json\/wp\/v2\/posts\/23248\/revisions"}],"predecessor-version":[{"id":23257,"href":"https:\/\/www.unifr.ch\/alma-georges\/wp-json\/wp\/v2\/posts\/23248\/revisions\/23257"}],"wp:featuredmedia":[{"embeddable":true,"href":"https:\/\/www.unifr.ch\/alma-georges\/wp-json\/wp\/v2\/media\/23254"}],"wp:attachment":[{"href":"https:\/\/www.unifr.ch\/alma-georges\/wp-json\/wp\/v2\/media?parent=23248"}],"wp:term":[{"taxonomy":"category","embeddable":true,"href":"https:\/\/www.unifr.ch\/alma-georges\/wp-json\/wp\/v2\/categories?post=23248"},{"taxonomy":"post_tag","embeddable":true,"href":"https:\/\/www.unifr.ch\/alma-georges\/wp-json\/wp\/v2\/tags?post=23248"}],"curies":[{"name":"wp","href":"https:\/\/api.w.org\/{rel}","templated":true}]}}