{"id":21140,"date":"2024-10-31T09:33:49","date_gmt":"2024-10-31T08:33:49","guid":{"rendered":"https:\/\/www.unifr.ch\/alma-georges?p=21140"},"modified":"2024-10-31T09:34:18","modified_gmt":"2024-10-31T08:34:18","slug":"medialab-un-studio-et-de-lequipement-video-pour-lunifr","status":"publish","type":"post","link":"https:\/\/www.unifr.ch\/alma-georges\/articles\/2024\/medialab-un-studio-et-de-lequipement-video-pour-lunifr","title":{"rendered":"MediaLab: Un studio et de l\u2019\u00e9quipement vid\u00e9o pour l\u2019Unifr"},"content":{"rendered":"<h4><strong>Gr\u00e2ce au D\u00e9partement des sciences de la communication et des m\u00e9dias (DCM), les membres de la communaut\u00e9 universitaires ont d\u00e9sormais acc\u00e8s, \u00e0 certaines conditions, \u00e0 un studio de t\u00e9l\u00e9vision \u00e9quip\u00e9 de mat\u00e9riel moderne pour les exercices pratiques et la production audiovisuelle de qualit\u00e9, une offre qui faisait d\u00e9faut jusqu\u2019\u00e0 pr\u00e9sent. Laurent Notaro, responsable du MediaLab, en explique le concept. <div class=\"clear\" style=\"height:20px\"><\/div>\n<\/strong><\/h4>\n<p><strong>Pour quelles raisons avez-vous d\u00e9cid\u00e9 d&rsquo;ouvrir le studio du D\u00e9partement des sciences de la communication et des m\u00e9dias (DCM) \u00e0 l&rsquo;ensemble de la communaut\u00e9 universitaire, et m\u00eame au-del\u00e0?<br \/>\n<\/strong>A la base, le studio est un endroit r\u00e9serv\u00e9 aux \u00e9tudiant\u00b7e\u00b7s et aux chercheuses et chercheurs du DCM. Au fil des ann\u00e9es, nous avons toutefois remarqu\u00e9 qu\u2019il existait une demande \u00e9manant d\u2019autres facult\u00e9s. Certain\u00b7e\u00b7s \u00e9tudiant\u00b7e\u00b7s et chercheur\u00b7euses ont besoin de cam\u00e9ras ou de micros dans le cadre de leurs recherches, d\u2019autres ont besoin d\u2019un studio pour faire des enregistrements. Jusqu\u2019\u00e0 pr\u00e9sent, l\u2019Universit\u00e9 ne pouvait absolument pas leur venir en aide et ces personnes devaient soit acheter leur propre mat\u00e9riel, soit recourir \u00e0 des prestataires externes. <a href=\"https:\/\/www.unifr.ch\/alma-georges\/wp-content\/uploads\/2024\/10\/DCM_MEDIALAB_03-Massimo_Incollingo-scaled.jpg\"><img decoding=\"async\" loading=\"lazy\" class=\"size-medium wp-image-21144 alignright\" src=\"https:\/\/www.unifr.ch\/alma-georges\/wp-content\/uploads\/2024\/10\/DCM_MEDIALAB_03-Massimo_Incollingo-300x203.jpg\" alt=\"\" width=\"300\" height=\"203\" srcset=\"https:\/\/www.unifr.ch\/alma-georges\/wp-content\/uploads\/2024\/10\/DCM_MEDIALAB_03-Massimo_Incollingo-300x203.jpg 300w, https:\/\/www.unifr.ch\/alma-georges\/wp-content\/uploads\/2024\/10\/DCM_MEDIALAB_03-Massimo_Incollingo-1024x692.jpg 1024w, https:\/\/www.unifr.ch\/alma-georges\/wp-content\/uploads\/2024\/10\/DCM_MEDIALAB_03-Massimo_Incollingo-768x519.jpg 768w, https:\/\/www.unifr.ch\/alma-georges\/wp-content\/uploads\/2024\/10\/DCM_MEDIALAB_03-Massimo_Incollingo-1536x1038.jpg 1536w, https:\/\/www.unifr.ch\/alma-georges\/wp-content\/uploads\/2024\/10\/DCM_MEDIALAB_03-Massimo_Incollingo-2048x1384.jpg 2048w\" sizes=\"(max-width: 300px) 100vw, 300px\" \/><\/a><\/p>\n<p><strong>Et quels sont les points forts de votre studio?<br \/>\n<\/strong>Le studio du DCM offre une v\u00e9ritable ambiance de plateau de t\u00e9l\u00e9vision. On peut y r\u00e9aliser des pr\u00e9sentations, des duplex, un d\u00e9bat entre plusieurs personnes ou m\u00eame filmer une conf\u00e9rence de presse. Tout cela dans des conditions professionnelles, tant au niveau de l\u2019\u00e9clairage, du son que de la r\u00e9alisation. Nous disposons de trois cam\u00e9ras sur roulettes, d\u2019un \u00e9clairage modulable, de microphones suspendus et la r\u00e9gie, op\u00e9r\u00e9e par mes soins, assure la rapidit\u00e9 des mises en place, le confort des enregistrements et la fluidit\u00e9 du visionnage sur les moniteurs. Pour la production de vid\u00e9os script\u00e9es, il y a un grand fond vert, ce qui permet de r\u00e9aliser des incrustations didactiques anim\u00e9es.<\/p>\n<p><strong>Mettez-vous du mat\u00e9riel \u00e0 disposition pour les tournages en externe?<br \/>\n<\/strong>Oui, mais pour des questions d\u2019assurance, ce mat\u00e9riel est r\u00e9serv\u00e9 aux \u00e9tudiant\u00b7e\u00b7s et aux chercheurs\u00b7euses. Il est en revanche inclu en cas de location du studio pour des ateliers, du m\u00e9dia training ou des enregistrements multicam\u00e9ras.<a href=\"https:\/\/www.unifr.ch\/alma-georges\/wp-content\/uploads\/2024\/10\/DCM_MEDIALAB_02-Massimo_Incollingo-scaled.jpg\"><img decoding=\"async\" loading=\"lazy\" class=\"size-medium wp-image-21143 alignleft\" src=\"https:\/\/www.unifr.ch\/alma-georges\/wp-content\/uploads\/2024\/10\/DCM_MEDIALAB_02-Massimo_Incollingo-300x300.jpg\" alt=\"\" width=\"300\" height=\"300\" srcset=\"https:\/\/www.unifr.ch\/alma-georges\/wp-content\/uploads\/2024\/10\/DCM_MEDIALAB_02-Massimo_Incollingo-300x300.jpg 300w, https:\/\/www.unifr.ch\/alma-georges\/wp-content\/uploads\/2024\/10\/DCM_MEDIALAB_02-Massimo_Incollingo-1024x1024.jpg 1024w, https:\/\/www.unifr.ch\/alma-georges\/wp-content\/uploads\/2024\/10\/DCM_MEDIALAB_02-Massimo_Incollingo-150x150.jpg 150w, https:\/\/www.unifr.ch\/alma-georges\/wp-content\/uploads\/2024\/10\/DCM_MEDIALAB_02-Massimo_Incollingo-768x768.jpg 768w, https:\/\/www.unifr.ch\/alma-georges\/wp-content\/uploads\/2024\/10\/DCM_MEDIALAB_02-Massimo_Incollingo-1536x1536.jpg 1536w, https:\/\/www.unifr.ch\/alma-georges\/wp-content\/uploads\/2024\/10\/DCM_MEDIALAB_02-Massimo_Incollingo-2048x2048.jpg 2048w\" sizes=\"(max-width: 300px) 100vw, 300px\" \/><\/a><\/p>\n<p><strong>Les smartphones sont de plus en plus performants et tout le monde en poss\u00e8de un? Cela ne suffit-il pas?<br \/>\n<\/strong>Un smartphone peut faire beaucoup de chose, mais m\u00eame les meilleurs restent assez faibles en basse lumi\u00e8re. Il faut aussi avoir de quoi les fixer, tr\u00e9pied ou stabilisateur, pour avoir une image stable, sans m\u00eame parler du son qui requiert un ou des microphones externes.<\/p>\n<p><strong>La prise en main de certains appareils requiert toutefois quelques explications.<br \/>\n<\/strong>C\u2019est certain et c\u2019est la raison pour laquelle nous proposons une petite formation g\u00e9n\u00e9rale, adapt\u00e9e \u00e0 chaque projet. R\u00e9cemment, deux \u00e9tudiantes en sociologie ont eu besoin d\u2019une cam\u00e9ra pour filmer les interactions sociales au pied d\u2019un mur de grimpe. Je leur ai montr\u00e9 comment installer les micros sur les personnes film\u00e9es pour avoir un audio de qualit\u00e9 et nous avons discut\u00e9 de la meilleure position de cam\u00e9ra.<\/p>\n<p><strong>Pour filmer correctement, il faut aussi avoir quelques notions de grammaire de l\u2019image.<br \/>\n<\/strong>C\u2019est exact. Nous n\u2019avons pas le temps de dispenser une formation compl\u00e8te, mais les personnes qui nous sollicitent sont rendues attentives \u00e0 certaines r\u00e8gles de base. Nous les encourageons \u00e0 varier la valeur des plans, \u00e0 respecter l&rsquo;incontournable r\u00e8gle des 180\u00b0 pour conserver la coh\u00e9rence spatiale et la continuit\u00e9 des actions.<\/p>\n<p><strong>Et pour l\u2019\u00e9dition des images?<br \/>\n<\/strong>Aujourd\u2019hui, tout le monde peut directement faire un petit montage sur un simple smartphone, avec des musiques et des effets fournis. \u00c7a marche tr\u00e8s bien pour les r\u00e9seaux sociaux. On peut aussi se former au montage \u00e0 la maison, il existe des centaines de tutoriels. Nous pouvons donner une assistance \u00e0 la post-production, mais uniquement pour celles et ceux qui louent notre studio. Je donne volontiers un coup de main pour d\u00e9marrer les projets et des conseils \u00e9ditoriaux. Si la demande s&rsquo;intensifie, nous adapterons les conditions.<\/p>\n<p><strong>Et combien co\u00fbte ces prestations?<br \/>\n<\/strong>Nous avons \u00e9tabli un catalogue de prix d\u00e9taill\u00e9s. Je rappelle que le MediaLab reste principalement destin\u00e9 \u00e0 la recherche et \u00e0 l\u2019enseignement du DCM. Le support et la maintenance de l\u2019\u00e9quipement ont un co\u00fbt et sont budg\u00e9tis\u00e9s sans marge; c\u2019est la raison pour laquelle nous devons facturer une contribution &#8211; de mani\u00e8re g\u00e9n\u00e9rale, l\u2019offre est gratuite pour les membres du DCM et nous proposons des prix pr\u00e9f\u00e9rentiels pour la communaut\u00e9 universitaire.<\/p>\n<div class=\"clear\" style=\"height:20px\"><\/div>\n<span style=\"color: #ff6600;\">_________<br \/>\n<div class=\"clear\" style=\"height:20px\"><\/div>\n<\/span><\/p>\n<ul>\n<li><a href=\"https:\/\/www.unifr.ch\/dcm\/fr\/departement\/medialab\/\" target=\"_blank\" rel=\"noopener\">Le MediaLab<\/a><\/li>\n<\/ul>\n","protected":false},"excerpt":{"rendered":"<p>Gr\u00e2ce au D\u00e9partement des sciences de la communication et des m\u00e9dias (DCM), les membres de la communaut\u00e9 universitaires ont d\u00e9sormais acc\u00e8s, \u00e0 certaines conditions, \u00e0 un studio de t\u00e9l\u00e9vision \u00e9quip\u00e9 de mat\u00e9riel moderne pour les exercices pratiques et la production audiovisuelle de qualit\u00e9, une offre qui faisait d\u00e9faut jusqu\u2019\u00e0 pr\u00e9sent. Laurent Notaro, responsable du MediaLab, en explique le concept. Pour quelles raisons avez-vous d\u00e9cid\u00e9 d&rsquo;ouvrir le studio du D\u00e9partement des sciences de la communication et des m\u00e9dias (DCM) \u00e0 l&rsquo;ensemble de la communaut\u00e9 universitaire, et m\u00eame au-del\u00e0? A la base, le studio est un endroit r\u00e9serv\u00e9 aux \u00e9tudiant\u00b7e\u00b7s et aux<\/p>\n","protected":false},"author":13,"featured_media":21142,"comment_status":"open","ping_status":"closed","sticky":true,"template":"","format":"standard","meta":{"footnotes":""},"categories":[88],"tags":[819,161],"_links":{"self":[{"href":"https:\/\/www.unifr.ch\/alma-georges\/wp-json\/wp\/v2\/posts\/21140"}],"collection":[{"href":"https:\/\/www.unifr.ch\/alma-georges\/wp-json\/wp\/v2\/posts"}],"about":[{"href":"https:\/\/www.unifr.ch\/alma-georges\/wp-json\/wp\/v2\/types\/post"}],"author":[{"embeddable":true,"href":"https:\/\/www.unifr.ch\/alma-georges\/wp-json\/wp\/v2\/users\/13"}],"replies":[{"embeddable":true,"href":"https:\/\/www.unifr.ch\/alma-georges\/wp-json\/wp\/v2\/comments?post=21140"}],"version-history":[{"count":8,"href":"https:\/\/www.unifr.ch\/alma-georges\/wp-json\/wp\/v2\/posts\/21140\/revisions"}],"predecessor-version":[{"id":21152,"href":"https:\/\/www.unifr.ch\/alma-georges\/wp-json\/wp\/v2\/posts\/21140\/revisions\/21152"}],"wp:featuredmedia":[{"embeddable":true,"href":"https:\/\/www.unifr.ch\/alma-georges\/wp-json\/wp\/v2\/media\/21142"}],"wp:attachment":[{"href":"https:\/\/www.unifr.ch\/alma-georges\/wp-json\/wp\/v2\/media?parent=21140"}],"wp:term":[{"taxonomy":"category","embeddable":true,"href":"https:\/\/www.unifr.ch\/alma-georges\/wp-json\/wp\/v2\/categories?post=21140"},{"taxonomy":"post_tag","embeddable":true,"href":"https:\/\/www.unifr.ch\/alma-georges\/wp-json\/wp\/v2\/tags?post=21140"}],"curies":[{"name":"wp","href":"https:\/\/api.w.org\/{rel}","templated":true}]}}