{"id":20623,"date":"2024-07-30T09:59:52","date_gmt":"2024-07-30T08:59:52","guid":{"rendered":"https:\/\/www.unifr.ch\/alma-georges?p=20623"},"modified":"2024-07-30T10:00:45","modified_gmt":"2024-07-30T09:00:45","slug":"un-prix-qui-donne-des-ailes","status":"publish","type":"post","link":"https:\/\/www.unifr.ch\/alma-georges\/articles\/2024\/un-prix-qui-donne-des-ailes?lang=de","title":{"rendered":"Un prix qui donne des ailes"},"content":{"rendered":"<h4><strong>Laur\u00e9ate en juin dernier du Prix de l\u2019Innovation durable de la Ville de Fribourg, Ivana Domljanovic a depuis fait les titres de nombreux journaux. Et pour cause, la chercheuse de l\u2019Universit\u00e9 de Fribourg a mis au point un test sanguin qui permet de d\u00e9tecter de mani\u00e8re pr\u00e9coce les cancers du sein et qui \u00e9vite les affres de la mammographie. <div class=\"clear\" style=\"height:20px\"><\/div><\/strong><\/h4>\n<p><strong>Vous avez remport\u00e9 le Prix de l&rsquo;innovation durable de la ville de Fribourg. Qu&rsquo;est-ce que cela signifie pour vous?<\/strong><br \/>\nRecevoir un tel prix me touche beaucoup. J\u2019en suis tr\u00e8s fi\u00e8re non seulement pour moi mais aussi pour mes coll\u00e8gues. Sans oublier bien s\u00fbr que ce Prix de la Ville de Fribourg d\u00e9montre que je fais un bon travail qui m\u00e9rite d\u2019\u00eatre poursuivi.<\/p>\n<p><iframe loading=\"lazy\" title=\"YouTube video player\" src=\"https:\/\/www.youtube.com\/embed\/Wx3_-MTiXb0?si=ci9Hf9MDjBBiAnuu\" width=\"560\" height=\"315\" frameborder=\"0\" allowfullscreen=\"allowfullscreen\"><\/iframe><\/p>\n<p><strong>Quels sont les effets concrets \u00e0 esp\u00e9rer d\u2019une telle r\u00e9compense?<br \/>\n<\/strong>Ce prix n&rsquo;est pas seulement une reconnaissance de nos r\u00e9alisations pass\u00e9es, mais un catalyseur pour nos projets futurs. Il conf\u00e8re \u00e0 notre projet un nouveau niveau de cr\u00e9dibilit\u00e9 et de visibilit\u00e9 et nous apporte un soutien financier que nous pouvons utiliser pour des activit\u00e9s de conseil. Cet afflux de ressources et de reconnaissance propulsera sans aucun doute notre projet vers de nouveaux sommets, nous incitant \u00e0 repousser les limites de notre recherche et \u00e0 apporter des contributions encore plus importantes au domaine de la science, au syst\u00e8me de sant\u00e9 et au monde en g\u00e9n\u00e9ral.<\/p>\n<p><iframe loading=\"lazy\" title=\"YouTube video player\" src=\"https:\/\/www.youtube.com\/embed\/xBovtCn1YQ4?si=2-bNn0w-l6DdodGk\" width=\"560\" height=\"315\" frameborder=\"0\" allowfullscreen=\"allowfullscreen\"><\/iframe><\/p>\n<p><strong>Quelle est l&rsquo;importance pour un chercheur de remporter ce type de prix?<br \/>\n<\/strong>Globalement, tous les prix sont importants, mais celui-ci l&rsquo;est d&rsquo;autant plus qu&rsquo;il s&rsquo;agit d&rsquo;un prix pour l&rsquo;innovation dans notre ville, Fribourg. Lorsque des scientifiques re\u00e7oivent un prix de la ville o\u00f9 ils travaillent, cela leur para\u00eet extraordinaire, les motive davantage.<\/p>\n<p><strong>Quels sont vos projets futurs?<br \/>\n<\/strong>J&rsquo;ai l&rsquo;intention de faire valider encore plus largement les nanocapteurs en origami d&rsquo;ADN pour la d\u00e9tection pr\u00e9coce du cancer du sein et, plus tard, de commencer \u00e0 d\u00e9velopper des nanocapteurs pour d\u00e9tecter le cancer du sein m\u00e9tastatique.<\/p>\n<p><strong>Les chercheuses et chercheurs sont-ils en permanence en qu\u00eate de financements?<br \/>\n<\/strong>Effectivement, nous avons constamment besoin d&rsquo;un soutien financier pour avoir les moyens de trouver les r\u00e9ponses \u00e0 nos questions. Cela peut devenir stressant lorsque plusieurs personnes d\u00e9pendent du r\u00e9sultat de nos recherches.<\/p>\n<div class=\"clear\" style=\"height:20px\"><\/div>\n<span style=\"color: #ff6600;\">________<\/span><\/p>\n<div class=\"clear\" style=\"height:20px\"><\/div>\n<ul>\n<li><a href=\"https:\/\/www.unifr.ch\/directory\/fr\/people\/285138\/c8ad3\" target=\"_blank\" rel=\"noopener\">Ivana Domljanovic<\/a><\/li>\n<\/ul>\n<p>&nbsp;<\/p>\n","protected":false},"excerpt":{"rendered":"<p>Laur\u00e9ate en juin dernier du Prix de l\u2019Innovation durable de la Ville de Fribourg, Ivana Domljanovic a depuis fait les titres de nombreux journaux. Et pour cause, la chercheuse de l\u2019Universit\u00e9 de Fribourg a mis au point un test sanguin qui permet de d\u00e9tecter de mani\u00e8re pr\u00e9coce les cancers du sein et qui \u00e9vite les affres de la mammographie. Vous avez remport\u00e9 le Prix de l&rsquo;innovation durable de la ville de Fribourg. Qu&rsquo;est-ce que cela signifie pour vous? Recevoir un tel prix me touche beaucoup. J\u2019en suis tr\u00e8s fi\u00e8re non seulement pour moi mais aussi pour mes coll\u00e8gues. Sans oublier<\/p>\n","protected":false},"author":13,"featured_media":20624,"comment_status":"open","ping_status":"closed","sticky":false,"template":"","format":"standard","meta":{"footnotes":""},"categories":[109,108,113],"tags":[861,1630],"_links":{"self":[{"href":"https:\/\/www.unifr.ch\/alma-georges\/wp-json\/wp\/v2\/posts\/20623"}],"collection":[{"href":"https:\/\/www.unifr.ch\/alma-georges\/wp-json\/wp\/v2\/posts"}],"about":[{"href":"https:\/\/www.unifr.ch\/alma-georges\/wp-json\/wp\/v2\/types\/post"}],"author":[{"embeddable":true,"href":"https:\/\/www.unifr.ch\/alma-georges\/wp-json\/wp\/v2\/users\/13"}],"replies":[{"embeddable":true,"href":"https:\/\/www.unifr.ch\/alma-georges\/wp-json\/wp\/v2\/comments?post=20623"}],"version-history":[{"count":1,"href":"https:\/\/www.unifr.ch\/alma-georges\/wp-json\/wp\/v2\/posts\/20623\/revisions"}],"predecessor-version":[{"id":20625,"href":"https:\/\/www.unifr.ch\/alma-georges\/wp-json\/wp\/v2\/posts\/20623\/revisions\/20625"}],"wp:featuredmedia":[{"embeddable":true,"href":"https:\/\/www.unifr.ch\/alma-georges\/wp-json\/wp\/v2\/media\/20624"}],"wp:attachment":[{"href":"https:\/\/www.unifr.ch\/alma-georges\/wp-json\/wp\/v2\/media?parent=20623"}],"wp:term":[{"taxonomy":"category","embeddable":true,"href":"https:\/\/www.unifr.ch\/alma-georges\/wp-json\/wp\/v2\/categories?post=20623"},{"taxonomy":"post_tag","embeddable":true,"href":"https:\/\/www.unifr.ch\/alma-georges\/wp-json\/wp\/v2\/tags?post=20623"}],"curies":[{"name":"wp","href":"https:\/\/api.w.org\/{rel}","templated":true}]}}