{"id":1977,"date":"2016-02-25T16:17:59","date_gmt":"2016-02-25T15:17:59","guid":{"rendered":"http:\/\/www3.unifr.ch\/alma-georges\/?p=1977"},"modified":"2016-03-10T16:33:41","modified_gmt":"2016-03-10T15:33:41","slug":"brexit-gagner-un-statut-special","status":"publish","type":"post","link":"https:\/\/www.unifr.ch\/alma-georges\/articles\/2016\/brexit-gagner-un-statut-special","title":{"rendered":"Brexit: gagner un statut sp\u00e9cial"},"content":{"rendered":"<h4><strong>British exit: Le Royaume-Uni quittera-t-il volontairement l&rsquo;Union europ\u00e9enne? Ses citoyens se prononceront le 23 juin. En attendant, le Premier ministre David Cameron a obtenu un \u00abstatut sp\u00e9cial\u00bb du Conseil europ\u00e9en. Qu&rsquo;en pense notre expert en histoire et politique europ\u00e9ennes, le Professeur Gilbert Casasus?<\/strong><\/h4>\n<p><strong>Que veut le Royaume Uni?<\/strong><br \/>\nLa Grande-Bretagne veut ce qu\u2019elle a obtenu, \u00e0 savoir b\u00e9n\u00e9ficier d\u2019un statut sp\u00e9cial au sein de l\u2019Union europ\u00e9enne. De par sa propre volont\u00e9, ce statut sp\u00e9cial l\u2019exclut de tout processus d\u2019approfondissement de l\u2019espace communautaire, \u00abzone euro\u00bb incluse. L\u2019objectif de Londres est d\u2019avoir droit \u00e0 des d\u00e9rogations, notamment en mati\u00e8re sociale, pour pr\u00e9server des avantages et des pr\u00e9rogatives, notamment en mati\u00e8re \u00e9conomique. C\u2019est la conception de la droite lib\u00e9rale et conservatrice anglo-saxonne qui, de Churchill \u00e0 Cameron en passant par Thatcher, a toujours plaid\u00e9 pour une Europe dont le Royaume-Uni ferait partie ou non, selon ses propres int\u00e9r\u00eats financiers et ses objectifs strat\u00e9giques.<\/p>\n<p><strong>Quelles cons\u00e9quences sur l\u2019Europe?<\/strong><br \/>\nSi la volont\u00e9 communautaire pouvait renouer avec son esprit d\u2019antan, le Brexit ou le statut sp\u00e9cial dont b\u00e9n\u00e9ficie la Grande-Bretagne, devrait m\u00eame contribuer \u00e0 approfondir\u00a0 l\u2019Union europ\u00e9enne. Cela peut surprendre, mais est, somme toute, assez logique: l\u2019id\u00e9e de redynamiser de nouvelles structures du type \u00abEuroland\u00bb, voire le \u00abnoyau dur\u00bb, referait surface. Elle inciterait les Etats membres qui le d\u00e9sirent \u00e0 aller de l\u2019avant. Tout d\u00e9pendra alors du r\u00f4le moteur des pays fondateurs de la construction europ\u00e9enne, et surtout du tandem franco-allemand.\u00a0 A l\u2019exemple de ce qui s\u2019est pass\u00e9 en 1984, du temps de Kohl et Mitterrand, apr\u00e8s le remboursement du ch\u00e8que britannique \u00e0 Thatcher, les deux pays auraient aujourd\u2019hui les cartes en main pour relancer l\u2019Europe, avec le soutien de leurs principaux partenaires; sauf que les relations franco-allemandes au service de la construction europ\u00e9enne n\u2019ont pas encore atteint la qualit\u00e9 qu\u2019elles avaient durant les ann\u00e9es 80.<\/p>\n<p><strong>La Suisse est-elle concern\u00e9e?<\/strong><br \/>\nLa Suisse n\u2019est pas concern\u00e9e par l\u2019accord trouv\u00e9 entre l\u2019UE et le gouvernement de Londres. Elle ne fait pas partie du jeu communautaire. Qu\u2019elle comprenne: n\u2019\u00e9tant pas membre de l\u2019UE, elle ne peut pas revendiquer des droits et des d\u00e9rogations qui ne sont m\u00eame pas accord\u00e9s \u00e0 des Etats membres de l\u2019Union europ\u00e9enne. Contrairement \u00e0 la Suisse, le gouvernement dirig\u00e9 par David Cameron s\u2019est\u00a0 rapidement rendu compte qu\u2019il ne pouvait pas mettre le principe de la libre circulation des personnes sur la table des n\u00e9gociations, car il n\u2019aurait jamais obtenu ce qu\u2019il a re\u00e7u.\u00a0 Qu\u2019il y ait Brexit ou non, la Suisse est prise au pi\u00e8ge de sa propre politique. Est-ce par na\u00efvet\u00e9, par m\u00e9connaissance des dossiers ou en raison d\u2019une trop grande judiciarisation de la politique europ\u00e9enne helv\u00e9tique que la Suisse ose toujours pr\u00e9tendre au moindre statut sp\u00e9cial? Cela ne peut pas \u00eatre le cas.\u00a0 Exit, par cons\u00e9quent, la clause de sauvegarde et exit une remise en cause du principe de la libre circulation.<\/p>\n<div class=\"clear\" style=\"height:20px\"><\/div>\n<h5><span style=\"color: #ff6600;\"><a href=\"http:\/\/www.unifr.ch\/alma-georges\/wp-content\/uploads\/2016\/02\/1602_Expertise_Casasus_Texte.jpg\"><img decoding=\"async\" loading=\"lazy\" class=\"alignnone size-large wp-image-1982\" src=\"http:\/\/www.unifr.ch\/alma-georges\/wp-content\/uploads\/2016\/02\/1602_Expertise_Casasus_Texte-1024x660.jpg\" alt=\"1602_Expertise_Casasus_Texte\" width=\"680\" height=\"438\" srcset=\"https:\/\/www.unifr.ch\/alma-georges\/wp-content\/uploads\/2016\/02\/1602_Expertise_Casasus_Texte-1024x660.jpg 1024w, https:\/\/www.unifr.ch\/alma-georges\/wp-content\/uploads\/2016\/02\/1602_Expertise_Casasus_Texte-300x193.jpg 300w\" sizes=\"(max-width: 680px) 100vw, 680px\" \/><br \/>\n<\/a><span style=\"color: #000000;\"><em>\u00a9 Unicom<\/em><\/span><\/span><\/h5>\n<p><span style=\"color: #ff6600;\">__________<\/span><\/p>\n<p><span style=\"color: #000000;\"><a href=\"https:\/\/lettres.unifr.ch\/fr\/hist\/etudes-europeennes\/collaborateurs\/cv-casasus.html\">Gilbert Casasus<\/a> est professeur au Domaine \u00e9tudes europ\u00e9ennes.<\/span><\/p>\n<div class=\"clear\" style=\"height:20px\"><\/div>\n","protected":false},"excerpt":{"rendered":"<p>British exit: Le Royaume-Uni quittera-t-il volontairement l&rsquo;Union europ\u00e9enne? Ses citoyens se prononceront le 23 juin. En attendant, le Premier ministre David Cameron a obtenu un \u00abstatut sp\u00e9cial\u00bb du Conseil europ\u00e9en. Qu&rsquo;en pense notre expert en histoire et politique europ\u00e9ennes, le Professeur Gilbert Casasus? Que veut le Royaume Uni? La Grande-Bretagne veut ce qu\u2019elle a obtenu, \u00e0 savoir b\u00e9n\u00e9ficier d\u2019un statut sp\u00e9cial au sein de l\u2019Union europ\u00e9enne. De par sa propre volont\u00e9, ce statut sp\u00e9cial l\u2019exclut de tout processus d\u2019approfondissement de l\u2019espace communautaire, \u00abzone euro\u00bb incluse. L\u2019objectif de Londres est d\u2019avoir droit \u00e0 des d\u00e9rogations, notamment en mati\u00e8re sociale, pour pr\u00e9server<\/p>\n","protected":false},"author":6,"featured_media":1978,"comment_status":"open","ping_status":"open","sticky":false,"template":"","format":"standard","meta":{"footnotes":""},"categories":[79,75],"tags":[307,302,281,256],"_links":{"self":[{"href":"https:\/\/www.unifr.ch\/alma-georges\/wp-json\/wp\/v2\/posts\/1977"}],"collection":[{"href":"https:\/\/www.unifr.ch\/alma-georges\/wp-json\/wp\/v2\/posts"}],"about":[{"href":"https:\/\/www.unifr.ch\/alma-georges\/wp-json\/wp\/v2\/types\/post"}],"author":[{"embeddable":true,"href":"https:\/\/www.unifr.ch\/alma-georges\/wp-json\/wp\/v2\/users\/6"}],"replies":[{"embeddable":true,"href":"https:\/\/www.unifr.ch\/alma-georges\/wp-json\/wp\/v2\/comments?post=1977"}],"version-history":[{"count":1,"href":"https:\/\/www.unifr.ch\/alma-georges\/wp-json\/wp\/v2\/posts\/1977\/revisions"}],"predecessor-version":[{"id":1996,"href":"https:\/\/www.unifr.ch\/alma-georges\/wp-json\/wp\/v2\/posts\/1977\/revisions\/1996"}],"wp:featuredmedia":[{"embeddable":true,"href":"https:\/\/www.unifr.ch\/alma-georges\/wp-json\/wp\/v2\/media\/1978"}],"wp:attachment":[{"href":"https:\/\/www.unifr.ch\/alma-georges\/wp-json\/wp\/v2\/media?parent=1977"}],"wp:term":[{"taxonomy":"category","embeddable":true,"href":"https:\/\/www.unifr.ch\/alma-georges\/wp-json\/wp\/v2\/categories?post=1977"},{"taxonomy":"post_tag","embeddable":true,"href":"https:\/\/www.unifr.ch\/alma-georges\/wp-json\/wp\/v2\/tags?post=1977"}],"curies":[{"name":"wp","href":"https:\/\/api.w.org\/{rel}","templated":true}]}}