{"id":19694,"date":"2024-02-08T09:00:43","date_gmt":"2024-02-08T08:00:43","guid":{"rendered":"https:\/\/www.unifr.ch\/alma-georges?p=19694"},"modified":"2024-02-08T11:14:44","modified_gmt":"2024-02-08T10:14:44","slug":"feierliche-amtsubergabe-von-astrid-epiney-an-katharina-fromm","status":"publish","type":"post","link":"https:\/\/www.unifr.ch\/alma-georges\/articles\/2024\/feierliche-amtsubergabe-von-astrid-epiney-an-katharina-fromm","title":{"rendered":"Feierliche Amts\u00fcbergabe von Astrid Epiney an Katharina Fromm"},"content":{"rendered":"<h4><strong>Die neue Rektorin Katharina Fromm ist nun offiziell im Amt. Die feierliche \u00dcbergabe an das neue Rektorat fand in der Aula Magna statt, begleitet von gekonnter Musik und verdienten Lobeshymnen. Die geladenen G\u00e4ste aus der Universit\u00e4tsgemeinschaft und der Politik verabschiedeten die erste Rektorin in der Geschichte der Universit\u00e4t mit stehenden Ovationen. Die neue Rektorin stellte derweil ihre Zauberk\u00fcnste unter Beweis und durfte die gut gelaunten G\u00e4ste zum Aperitif bitten.<\/strong><\/h4>\n<div class=\"clear\" style=\"height:20px\"><\/div>\n<p>&nbsp;<\/p>\n<div id=\"new-royalslider-153\" class=\"royalSlider new-royalslider-153 rsUni rs-default-template\" style=\"width:100%;height:400px;;\" data-rs-options='{&quot;template&quot;:&quot;default&quot;,&quot;image_generation&quot;:{&quot;imageWidth&quot;:&quot;&quot;,&quot;imageHeight&quot;:&quot;&quot;,&quot;thumbImageWidth&quot;:&quot;&quot;,&quot;thumbImageHeight&quot;:&quot;&quot;},&quot;thumbs&quot;:{&quot;thumbWidth&quot;:96,&quot;thumbHeight&quot;:72},&quot;autoPlay&quot;:{&quot;enabled&quot;:&quot;true&quot;},&quot;fullscreen&quot;:{&quot;enabled&quot;:&quot;true&quot;},&quot;video&quot;:[],&quot;width&quot;:&quot;100%&quot;,&quot;height&quot;:&quot;400px&quot;}'>\n<div class=\"rsContent\">\n  <img class=\"rsImg\" src=\"https:\/\/www.unifr.ch\/alma-georges\/wp-content\/uploads\/2024\/02\/stemutz_photo_unifr_passation_nouvelle_rectrice_2024_0T3A6913.jpg\" data-rsBigImg=\"https:\/\/www.unifr.ch\/alma-georges\/wp-content\/uploads\/2024\/02\/stemutz_photo_unifr_passation_nouvelle_rectrice_2024_0T3A6913.jpg\" alt=\"stemutz_photo_unifr_passation_nouvelle_rectrice_2024_0T3A6913\"\/>\n  \n  \n  \n<\/div>\n<div class=\"rsContent\">\n  <img class=\"rsImg\" src=\"https:\/\/www.unifr.ch\/alma-georges\/wp-content\/uploads\/2024\/02\/stemutz_photo_unifr_passation_nouvelle_rectrice_2024_0T3A6982.jpg\" data-rsBigImg=\"https:\/\/www.unifr.ch\/alma-georges\/wp-content\/uploads\/2024\/02\/stemutz_photo_unifr_passation_nouvelle_rectrice_2024_0T3A6982.jpg\" alt=\"stemutz_photo_unifr_passation_nouvelle_rectrice_2024_0T3A6982\"\/>\n  \n  \n  \n<\/div>\n<div class=\"rsContent\">\n  <img class=\"rsImg\" src=\"https:\/\/www.unifr.ch\/alma-georges\/wp-content\/uploads\/2024\/02\/stemutz_photo_unifr_passation_nouvelle_rectrice_2024_0T3A7103.jpg\" data-rsBigImg=\"https:\/\/www.unifr.ch\/alma-georges\/wp-content\/uploads\/2024\/02\/stemutz_photo_unifr_passation_nouvelle_rectrice_2024_0T3A7103.jpg\" alt=\"stemutz_photo_unifr_passation_nouvelle_rectrice_2024_0T3A7103\"\/>\n  \n  \n  \n<\/div>\n<div class=\"rsContent\">\n  <img class=\"rsImg\" src=\"https:\/\/www.unifr.ch\/alma-georges\/wp-content\/uploads\/2024\/02\/stemutz_photo_unifr_passation_nouvelle_rectrice_2024_0T3A7170.jpg\" data-rsBigImg=\"https:\/\/www.unifr.ch\/alma-georges\/wp-content\/uploads\/2024\/02\/stemutz_photo_unifr_passation_nouvelle_rectrice_2024_0T3A7170.jpg\" alt=\"stemutz_photo_unifr_passation_nouvelle_rectrice_2024_0T3A7170\"\/>\n  \n  \n  \n<\/div>\n<div class=\"rsContent\">\n  <img class=\"rsImg\" src=\"https:\/\/www.unifr.ch\/alma-georges\/wp-content\/uploads\/2024\/02\/stemutz_photo_unifr_passation_nouvelle_rectrice_2024_0T3A7275.jpg\" data-rsBigImg=\"https:\/\/www.unifr.ch\/alma-georges\/wp-content\/uploads\/2024\/02\/stemutz_photo_unifr_passation_nouvelle_rectrice_2024_0T3A7275.jpg\" alt=\"stemutz_photo_unifr_passation_nouvelle_rectrice_2024_0T3A7275\"\/>\n  \n  \n  \n<\/div>\n<div class=\"rsContent\">\n  <img class=\"rsImg\" src=\"https:\/\/www.unifr.ch\/alma-georges\/wp-content\/uploads\/2024\/02\/stemutz_photo_unifr_passation_nouvelle_rectrice_2024_0T3A7411.jpg\" data-rsBigImg=\"https:\/\/www.unifr.ch\/alma-georges\/wp-content\/uploads\/2024\/02\/stemutz_photo_unifr_passation_nouvelle_rectrice_2024_0T3A7411.jpg\" alt=\"stemutz_photo_unifr_passation_nouvelle_rectrice_2024_0T3A7411\"\/>\n  \n  \n  \n<\/div>\n<div class=\"rsContent\">\n  <img class=\"rsImg\" src=\"https:\/\/www.unifr.ch\/alma-georges\/wp-content\/uploads\/2024\/02\/stemutz_photo_unifr_passation_nouvelle_rectrice_2024_0T3A7452.jpg\" data-rsBigImg=\"https:\/\/www.unifr.ch\/alma-georges\/wp-content\/uploads\/2024\/02\/stemutz_photo_unifr_passation_nouvelle_rectrice_2024_0T3A7452.jpg\" alt=\"stemutz_photo_unifr_passation_nouvelle_rectrice_2024_0T3A7452\"\/>\n  \n  \n  \n<\/div>\n<div class=\"rsContent\">\n  <img class=\"rsImg\" src=\"https:\/\/www.unifr.ch\/alma-georges\/wp-content\/uploads\/2024\/02\/stemutz_photo_unifr_passation_nouvelle_rectrice_2024_0T3A7459.jpg\" data-rsBigImg=\"https:\/\/www.unifr.ch\/alma-georges\/wp-content\/uploads\/2024\/02\/stemutz_photo_unifr_passation_nouvelle_rectrice_2024_0T3A7459.jpg\" alt=\"stemutz_photo_unifr_passation_nouvelle_rectrice_2024_0T3A7459\"\/>\n  \n  \n  \n<\/div>\n<div class=\"rsContent\">\n  <img class=\"rsImg\" src=\"https:\/\/www.unifr.ch\/alma-georges\/wp-content\/uploads\/2024\/02\/stemutz_photo_unifr_passation_nouvelle_rectrice_2024_0T3A7473.jpg\" data-rsBigImg=\"https:\/\/www.unifr.ch\/alma-georges\/wp-content\/uploads\/2024\/02\/stemutz_photo_unifr_passation_nouvelle_rectrice_2024_0T3A7473.jpg\" alt=\"stemutz_photo_unifr_passation_nouvelle_rectrice_2024_0T3A7473\"\/>\n  \n  \n  \n<\/div>\n<div class=\"rsContent\">\n  <img class=\"rsImg\" src=\"https:\/\/www.unifr.ch\/alma-georges\/wp-content\/uploads\/2024\/02\/stemutz_photo_unifr_passation_nouvelle_rectrice_2024_0T3A7590.jpg\" data-rsBigImg=\"https:\/\/www.unifr.ch\/alma-georges\/wp-content\/uploads\/2024\/02\/stemutz_photo_unifr_passation_nouvelle_rectrice_2024_0T3A7590.jpg\" alt=\"stemutz_photo_unifr_passation_nouvelle_rectrice_2024_0T3A7590\"\/>\n  \n  \n  \n<\/div>\n<div class=\"rsContent\">\n  <img class=\"rsImg\" src=\"https:\/\/www.unifr.ch\/alma-georges\/wp-content\/uploads\/2024\/02\/stemutz_photo_unifr_passation_nouvelle_rectrice_2024_0T3A7617.jpg\" data-rsBigImg=\"https:\/\/www.unifr.ch\/alma-georges\/wp-content\/uploads\/2024\/02\/stemutz_photo_unifr_passation_nouvelle_rectrice_2024_0T3A7617.jpg\" alt=\"stemutz_photo_unifr_passation_nouvelle_rectrice_2024_0T3A7617\"\/>\n  \n  \n  \n<\/div>\n<div class=\"rsContent\">\n  <img class=\"rsImg\" src=\"https:\/\/www.unifr.ch\/alma-georges\/wp-content\/uploads\/2024\/02\/stemutz_photo_unifr_passation_nouvelle_rectrice_2024_0T3A7628.jpg\" data-rsBigImg=\"https:\/\/www.unifr.ch\/alma-georges\/wp-content\/uploads\/2024\/02\/stemutz_photo_unifr_passation_nouvelle_rectrice_2024_0T3A7628.jpg\" alt=\"stemutz_photo_unifr_passation_nouvelle_rectrice_2024_0T3A7628\"\/>\n  \n  \n  \n<\/div>\n<div class=\"rsContent\">\n  <img class=\"rsImg\" src=\"https:\/\/www.unifr.ch\/alma-georges\/wp-content\/uploads\/2024\/02\/stemutz_photo_unifr_passation_nouvelle_rectrice_2024_0T3A7665.jpg\" data-rsBigImg=\"https:\/\/www.unifr.ch\/alma-georges\/wp-content\/uploads\/2024\/02\/stemutz_photo_unifr_passation_nouvelle_rectrice_2024_0T3A7665.jpg\" alt=\"stemutz_photo_unifr_passation_nouvelle_rectrice_2024_0T3A7665\"\/>\n  \n  \n  \n<\/div>\n<div class=\"rsContent\">\n  <img class=\"rsImg\" src=\"https:\/\/www.unifr.ch\/alma-georges\/wp-content\/uploads\/2024\/02\/stemutz_photo_unifr_passation_nouvelle_rectrice_2024_0T3A7788.jpg\" data-rsBigImg=\"https:\/\/www.unifr.ch\/alma-georges\/wp-content\/uploads\/2024\/02\/stemutz_photo_unifr_passation_nouvelle_rectrice_2024_0T3A7788.jpg\" alt=\"stemutz_photo_unifr_passation_nouvelle_rectrice_2024_0T3A7788\"\/>\n  \n  \n  \n<\/div>\n<div class=\"rsContent\">\n  <img class=\"rsImg\" src=\"https:\/\/www.unifr.ch\/alma-georges\/wp-content\/uploads\/2024\/02\/stemutz_photo_unifr_passation_nouvelle_rectrice_2024_0T3A7817.jpg\" data-rsBigImg=\"https:\/\/www.unifr.ch\/alma-georges\/wp-content\/uploads\/2024\/02\/stemutz_photo_unifr_passation_nouvelle_rectrice_2024_0T3A7817.jpg\" alt=\"stemutz_photo_unifr_passation_nouvelle_rectrice_2024_0T3A7817\"\/>\n  \n  \n  \n<\/div>\n<div class=\"rsContent\">\n  <img class=\"rsImg\" src=\"https:\/\/www.unifr.ch\/alma-georges\/wp-content\/uploads\/2024\/02\/stemutz_photo_unifr_passation_nouvelle_rectrice_2024_0T3A7915.jpg\" data-rsBigImg=\"https:\/\/www.unifr.ch\/alma-georges\/wp-content\/uploads\/2024\/02\/stemutz_photo_unifr_passation_nouvelle_rectrice_2024_0T3A7915.jpg\" alt=\"stemutz_photo_unifr_passation_nouvelle_rectrice_2024_0T3A7915\"\/>\n  \n  \n  \n<\/div>\n<div class=\"rsContent\">\n  <img class=\"rsImg\" src=\"https:\/\/www.unifr.ch\/alma-georges\/wp-content\/uploads\/2024\/02\/stemutz_photo_unifr_passation_nouvelle_rectrice_2024_0T3A7922.jpg\" data-rsBigImg=\"https:\/\/www.unifr.ch\/alma-georges\/wp-content\/uploads\/2024\/02\/stemutz_photo_unifr_passation_nouvelle_rectrice_2024_0T3A7922.jpg\" alt=\"stemutz_photo_unifr_passation_nouvelle_rectrice_2024_0T3A7922\"\/>\n  \n  \n  \n<\/div>\n<div class=\"rsContent\">\n  <img class=\"rsImg\" src=\"https:\/\/www.unifr.ch\/alma-georges\/wp-content\/uploads\/2024\/02\/stemutz_photo_unifr_passation_nouvelle_rectrice_2024_0T3A7953.jpg\" data-rsBigImg=\"https:\/\/www.unifr.ch\/alma-georges\/wp-content\/uploads\/2024\/02\/stemutz_photo_unifr_passation_nouvelle_rectrice_2024_0T3A7953.jpg\" alt=\"stemutz_photo_unifr_passation_nouvelle_rectrice_2024_0T3A7953\"\/>\n  \n  \n  \n<\/div>\n<div class=\"rsContent\">\n  <img class=\"rsImg\" src=\"https:\/\/www.unifr.ch\/alma-georges\/wp-content\/uploads\/2024\/02\/stemutz_photo_unifr_passation_nouvelle_rectrice_2024_0T3A7969.jpg\" data-rsBigImg=\"https:\/\/www.unifr.ch\/alma-georges\/wp-content\/uploads\/2024\/02\/stemutz_photo_unifr_passation_nouvelle_rectrice_2024_0T3A7969.jpg\" alt=\"stemutz_photo_unifr_passation_nouvelle_rectrice_2024_0T3A7969\"\/>\n  \n  \n  \n<\/div>\n<div class=\"rsContent\">\n  <img class=\"rsImg\" src=\"https:\/\/www.unifr.ch\/alma-georges\/wp-content\/uploads\/2024\/02\/stemutz_photo_unifr_passation_nouvelle_rectrice_2024_0T3A7997.jpg\" data-rsBigImg=\"https:\/\/www.unifr.ch\/alma-georges\/wp-content\/uploads\/2024\/02\/stemutz_photo_unifr_passation_nouvelle_rectrice_2024_0T3A7997.jpg\" alt=\"stemutz_photo_unifr_passation_nouvelle_rectrice_2024_0T3A7997\"\/>\n  \n  \n  \n<\/div>\n<div class=\"rsContent\">\n  <img class=\"rsImg\" src=\"https:\/\/www.unifr.ch\/alma-georges\/wp-content\/uploads\/2024\/02\/stemutz_photo_unifr_passation_nouvelle_rectrice_2024_0T3A8085.jpg\" data-rsBigImg=\"https:\/\/www.unifr.ch\/alma-georges\/wp-content\/uploads\/2024\/02\/stemutz_photo_unifr_passation_nouvelle_rectrice_2024_0T3A8085.jpg\" alt=\"stemutz_photo_unifr_passation_nouvelle_rectrice_2024_0T3A8085\"\/>\n  \n  \n  \n<\/div>\n<div class=\"rsContent\">\n  <img class=\"rsImg\" src=\"https:\/\/www.unifr.ch\/alma-georges\/wp-content\/uploads\/2024\/02\/stemutz_photo_unifr_passation_nouvelle_rectrice_2024_0T3A8099.jpg\" data-rsBigImg=\"https:\/\/www.unifr.ch\/alma-georges\/wp-content\/uploads\/2024\/02\/stemutz_photo_unifr_passation_nouvelle_rectrice_2024_0T3A8099.jpg\" alt=\"stemutz_photo_unifr_passation_nouvelle_rectrice_2024_0T3A8099\"\/>\n  \n  \n  \n<\/div>\n<div class=\"rsContent\">\n  <img class=\"rsImg\" src=\"https:\/\/www.unifr.ch\/alma-georges\/wp-content\/uploads\/2024\/02\/stemutz_photo_unifr_passation_nouvelle_rectrice_2024_0T3A8142.jpg\" data-rsBigImg=\"https:\/\/www.unifr.ch\/alma-georges\/wp-content\/uploads\/2024\/02\/stemutz_photo_unifr_passation_nouvelle_rectrice_2024_0T3A8142.jpg\" alt=\"stemutz_photo_unifr_passation_nouvelle_rectrice_2024_0T3A8142\"\/>\n  \n  \n  \n<\/div>\n<div class=\"rsContent\">\n  <img class=\"rsImg\" src=\"https:\/\/www.unifr.ch\/alma-georges\/wp-content\/uploads\/2024\/02\/stemutz_photo_unifr_passation_nouvelle_rectrice_2024_0T3A8161.jpg\" data-rsBigImg=\"https:\/\/www.unifr.ch\/alma-georges\/wp-content\/uploads\/2024\/02\/stemutz_photo_unifr_passation_nouvelle_rectrice_2024_0T3A8161.jpg\" alt=\"stemutz_photo_unifr_passation_nouvelle_rectrice_2024_0T3A8161\"\/>\n  \n  \n  \n<\/div>\n<div class=\"rsContent\">\n  <img class=\"rsImg\" src=\"https:\/\/www.unifr.ch\/alma-georges\/wp-content\/uploads\/2024\/02\/stemutz_photo_unifr_passation_nouvelle_rectrice_2024_0T3A8206.jpg\" data-rsBigImg=\"https:\/\/www.unifr.ch\/alma-georges\/wp-content\/uploads\/2024\/02\/stemutz_photo_unifr_passation_nouvelle_rectrice_2024_0T3A8206.jpg\" alt=\"stemutz_photo_unifr_passation_nouvelle_rectrice_2024_0T3A8206\"\/>\n  \n  \n  \n<\/div>\n<div class=\"rsContent\">\n  <img class=\"rsImg\" src=\"https:\/\/www.unifr.ch\/alma-georges\/wp-content\/uploads\/2024\/02\/stemutz_photo_unifr_passation_nouvelle_rectrice_2024_0T3A8208.jpg\" data-rsBigImg=\"https:\/\/www.unifr.ch\/alma-georges\/wp-content\/uploads\/2024\/02\/stemutz_photo_unifr_passation_nouvelle_rectrice_2024_0T3A8208.jpg\" alt=\"stemutz_photo_unifr_passation_nouvelle_rectrice_2024_0T3A8208\"\/>\n  \n  \n  \n<\/div>\n<div class=\"rsContent\">\n  <img class=\"rsImg\" src=\"https:\/\/www.unifr.ch\/alma-georges\/wp-content\/uploads\/2024\/02\/stemutz_photo_unifr_passation_nouvelle_rectrice_2024_0T3A8216.jpg\" data-rsBigImg=\"https:\/\/www.unifr.ch\/alma-georges\/wp-content\/uploads\/2024\/02\/stemutz_photo_unifr_passation_nouvelle_rectrice_2024_0T3A8216.jpg\" alt=\"stemutz_photo_unifr_passation_nouvelle_rectrice_2024_0T3A8216\"\/>\n  \n  \n  \n<\/div>\n<div class=\"rsContent\">\n  <img class=\"rsImg\" src=\"https:\/\/www.unifr.ch\/alma-georges\/wp-content\/uploads\/2024\/02\/stemutz_photo_unifr_passation_nouvelle_rectrice_2024_0T3A8219.jpg\" data-rsBigImg=\"https:\/\/www.unifr.ch\/alma-georges\/wp-content\/uploads\/2024\/02\/stemutz_photo_unifr_passation_nouvelle_rectrice_2024_0T3A8219.jpg\" alt=\"stemutz_photo_unifr_passation_nouvelle_rectrice_2024_0T3A8219\"\/>\n  \n  \n  \n<\/div>\n<div class=\"rsContent\">\n  <img class=\"rsImg\" src=\"https:\/\/www.unifr.ch\/alma-georges\/wp-content\/uploads\/2024\/02\/stemutz_photo_unifr_passation_nouvelle_rectrice_2024_0T3A8262.jpg\" data-rsBigImg=\"https:\/\/www.unifr.ch\/alma-georges\/wp-content\/uploads\/2024\/02\/stemutz_photo_unifr_passation_nouvelle_rectrice_2024_0T3A8262.jpg\" alt=\"stemutz_photo_unifr_passation_nouvelle_rectrice_2024_0T3A8262\"\/>\n  \n  \n  \n<\/div>\n<div class=\"rsContent\">\n  <img class=\"rsImg\" src=\"https:\/\/www.unifr.ch\/alma-georges\/wp-content\/uploads\/2024\/02\/stemutz_photo_unifr_passation_nouvelle_rectrice_2024_0T3A8305.jpg\" data-rsBigImg=\"https:\/\/www.unifr.ch\/alma-georges\/wp-content\/uploads\/2024\/02\/stemutz_photo_unifr_passation_nouvelle_rectrice_2024_0T3A8305.jpg\" alt=\"stemutz_photo_unifr_passation_nouvelle_rectrice_2024_0T3A8305\"\/>\n  \n  \n  \n<\/div>\n<div class=\"rsContent\">\n  <img class=\"rsImg\" src=\"https:\/\/www.unifr.ch\/alma-georges\/wp-content\/uploads\/2024\/02\/stemutz_photo_unifr_passation_nouvelle_rectrice_2024_0T3A8317.jpg\" data-rsBigImg=\"https:\/\/www.unifr.ch\/alma-georges\/wp-content\/uploads\/2024\/02\/stemutz_photo_unifr_passation_nouvelle_rectrice_2024_0T3A8317.jpg\" alt=\"stemutz_photo_unifr_passation_nouvelle_rectrice_2024_0T3A8317\"\/>\n  \n  \n  \n<\/div>\n<div class=\"rsContent\">\n  <img class=\"rsImg\" src=\"https:\/\/www.unifr.ch\/alma-georges\/wp-content\/uploads\/2024\/02\/stemutz_photo_unifr_passation_nouvelle_rectrice_2024_-0T3A8337.jpg\" data-rsBigImg=\"https:\/\/www.unifr.ch\/alma-georges\/wp-content\/uploads\/2024\/02\/stemutz_photo_unifr_passation_nouvelle_rectrice_2024_-0T3A8337.jpg\" alt=\"stemutz_photo_unifr_passation_nouvelle_rectrice_2024_-0T3A8337\"\/>\n  \n  \n  \n<\/div>\n\n<\/div>\n\n<p>&nbsp;<\/p>\n<div class=\"clear\" style=\"height:20px\"><\/div>\n<p><span style=\"color: #ff9900;\">__________<\/span><\/p>\n<div class=\"clear\" style=\"height:20px\"><\/div>\n<ul>\n<li>Fotos: \u00a9 St\u00e9phane Schmutz | <a href=\"http:\/\/www.stemutz.com\/\">stemutz.com<\/a><\/li>\n<li><a href=\"https:\/\/www.unifr.ch\/uni\/de\/organisation\/leitung\/\">Website<\/a> des Rektorats<\/li>\n<\/ul>\n<div class=\"clear\" style=\"height:20px\"><\/div>\n<div class=\"clear\" style=\"height:20px\"><\/div>\n","protected":false},"excerpt":{"rendered":"<p>Die neue Rektorin Katharina Fromm ist nun offiziell im Amt. Die feierliche \u00dcbergabe an das neue Rektorat fand in der Aula Magna statt, begleitet von gekonnter Musik und verdienten Lobeshymnen. Die geladenen G\u00e4ste aus der Universit\u00e4tsgemeinschaft und der Politik verabschiedeten die erste Rektorin in der Geschichte der Universit\u00e4t mit stehenden Ovationen. Die neue Rektorin stellte derweil ihre Zauberk\u00fcnste unter Beweis und durfte die gut gelaunten G\u00e4ste zum Aperitif bitten. &nbsp; &nbsp; __________ Fotos: \u00a9 St\u00e9phane Schmutz | stemutz.com Website des Rektorats<\/p>\n","protected":false},"author":41,"featured_media":19709,"comment_status":"open","ping_status":"closed","sticky":true,"template":"","format":"standard","meta":{"footnotes":""},"categories":[91,75],"tags":[],"_links":{"self":[{"href":"https:\/\/www.unifr.ch\/alma-georges\/wp-json\/wp\/v2\/posts\/19694"}],"collection":[{"href":"https:\/\/www.unifr.ch\/alma-georges\/wp-json\/wp\/v2\/posts"}],"about":[{"href":"https:\/\/www.unifr.ch\/alma-georges\/wp-json\/wp\/v2\/types\/post"}],"author":[{"embeddable":true,"href":"https:\/\/www.unifr.ch\/alma-georges\/wp-json\/wp\/v2\/users\/41"}],"replies":[{"embeddable":true,"href":"https:\/\/www.unifr.ch\/alma-georges\/wp-json\/wp\/v2\/comments?post=19694"}],"version-history":[{"count":1,"href":"https:\/\/www.unifr.ch\/alma-georges\/wp-json\/wp\/v2\/posts\/19694\/revisions"}],"predecessor-version":[{"id":19695,"href":"https:\/\/www.unifr.ch\/alma-georges\/wp-json\/wp\/v2\/posts\/19694\/revisions\/19695"}],"wp:featuredmedia":[{"embeddable":true,"href":"https:\/\/www.unifr.ch\/alma-georges\/wp-json\/wp\/v2\/media\/19709"}],"wp:attachment":[{"href":"https:\/\/www.unifr.ch\/alma-georges\/wp-json\/wp\/v2\/media?parent=19694"}],"wp:term":[{"taxonomy":"category","embeddable":true,"href":"https:\/\/www.unifr.ch\/alma-georges\/wp-json\/wp\/v2\/categories?post=19694"},{"taxonomy":"post_tag","embeddable":true,"href":"https:\/\/www.unifr.ch\/alma-georges\/wp-json\/wp\/v2\/tags?post=19694"}],"curies":[{"name":"wp","href":"https:\/\/api.w.org\/{rel}","templated":true}]}}