{"id":19400,"date":"2023-11-30T16:33:10","date_gmt":"2023-11-30T15:33:10","guid":{"rendered":"https:\/\/www.unifr.ch\/alma-georges?p=19400"},"modified":"2023-11-30T16:33:10","modified_gmt":"2023-11-30T15:33:10","slug":"dies-academicus-2023-je-me-sens-dabord-comme-un-activiste","status":"publish","type":"post","link":"https:\/\/www.unifr.ch\/alma-georges\/articles\/2023\/dies-academicus-2023-je-me-sens-dabord-comme-un-activiste","title":{"rendered":"Dies Academicus 2023 \u2013 \u00abJe me sens d&rsquo;abord comme un activiste\u00bb"},"content":{"rendered":"<h4><strong>Luca Vetterli, expert en protection des eaux, a re\u00e7u le titre honorifique de docteur honoris causa de la Facult\u00e9 des sciences et de m\u00e9decine. Quelques heures avant la c\u00e9r\u00e9monie, il nous raconte comment il harmonise habilement l&rsquo;activisme politique et la science, tout en mettant en lumi\u00e8re les d\u00e9fis urgents qui fa\u00e7onnent actuellement la pr\u00e9servation de la biodiversit\u00e9.<\/strong><\/h4>\n<h4><div class=\"clear\" style=\"height:20px\"><\/div><\/h4>\n<p><iframe loading=\"lazy\" title=\"YouTube video player\" src=\"https:\/\/www.youtube.com\/embed\/5GHEoS7Z8dE?si=aR26Ah6aeDbnjFM7\" width=\"560\" height=\"315\" frameborder=\"0\" allowfullscreen=\"allowfullscreen\"><\/iframe><\/p>\n<div class=\"clear\" style=\"height:20px\"><\/div>\n<p><span style=\"color: #ff6600;\">_________<\/span><br \/>\n<div class=\"clear\" style=\"height:20px\"><\/div>\n<div>\n<ul>\n<li>Website du <a href=\"https:\/\/events.unifr.ch\/dies\/fr\/\">Dies academicus<\/a><\/li>\n<li>Website de la <a href=\"https:\/\/www.unifr.ch\/scimed\/fr\/\">Facult\u00e9 des sciences et de m\u00e9decine<\/a><\/li>\n<\/ul>\n<div class=\"clear\"><div class=\"clear\" style=\"height:20px\"><\/div><\/div>\n<\/div>\n","protected":false},"excerpt":{"rendered":"<p>Luca Vetterli, expert en protection des eaux, a re\u00e7u le titre honorifique de docteur honoris causa de la Facult\u00e9 des sciences et de m\u00e9decine. Quelques heures avant la c\u00e9r\u00e9monie, il nous raconte comment il harmonise habilement l&rsquo;activisme politique et la science, tout en mettant en lumi\u00e8re les d\u00e9fis urgents qui fa\u00e7onnent actuellement la pr\u00e9servation de la biodiversit\u00e9. _________ Website du Dies academicus Website de la Facult\u00e9 des sciences et de m\u00e9decine<\/p>\n","protected":false},"author":48,"featured_media":19401,"comment_status":"open","ping_status":"closed","sticky":true,"template":"","format":"standard","meta":{"footnotes":""},"categories":[196,75],"tags":[207,198,1407],"_links":{"self":[{"href":"https:\/\/www.unifr.ch\/alma-georges\/wp-json\/wp\/v2\/posts\/19400"}],"collection":[{"href":"https:\/\/www.unifr.ch\/alma-georges\/wp-json\/wp\/v2\/posts"}],"about":[{"href":"https:\/\/www.unifr.ch\/alma-georges\/wp-json\/wp\/v2\/types\/post"}],"author":[{"embeddable":true,"href":"https:\/\/www.unifr.ch\/alma-georges\/wp-json\/wp\/v2\/users\/48"}],"replies":[{"embeddable":true,"href":"https:\/\/www.unifr.ch\/alma-georges\/wp-json\/wp\/v2\/comments?post=19400"}],"version-history":[{"count":3,"href":"https:\/\/www.unifr.ch\/alma-georges\/wp-json\/wp\/v2\/posts\/19400\/revisions"}],"predecessor-version":[{"id":19407,"href":"https:\/\/www.unifr.ch\/alma-georges\/wp-json\/wp\/v2\/posts\/19400\/revisions\/19407"}],"wp:featuredmedia":[{"embeddable":true,"href":"https:\/\/www.unifr.ch\/alma-georges\/wp-json\/wp\/v2\/media\/19401"}],"wp:attachment":[{"href":"https:\/\/www.unifr.ch\/alma-georges\/wp-json\/wp\/v2\/media?parent=19400"}],"wp:term":[{"taxonomy":"category","embeddable":true,"href":"https:\/\/www.unifr.ch\/alma-georges\/wp-json\/wp\/v2\/categories?post=19400"},{"taxonomy":"post_tag","embeddable":true,"href":"https:\/\/www.unifr.ch\/alma-georges\/wp-json\/wp\/v2\/tags?post=19400"}],"curies":[{"name":"wp","href":"https:\/\/api.w.org\/{rel}","templated":true}]}}