{"id":18934,"date":"2023-09-27T08:14:49","date_gmt":"2023-09-27T07:14:49","guid":{"rendered":"https:\/\/www.unifr.ch\/alma-georges?p=18934"},"modified":"2023-09-27T08:16:29","modified_gmt":"2023-09-27T07:16:29","slug":"un-cours-de-francais-aussi-intensif-que-festif","status":"publish","type":"post","link":"https:\/\/www.unifr.ch\/alma-georges\/articles\/2023\/un-cours-de-francais-aussi-intensif-que-festif","title":{"rendered":"Un cours de fran\u00e7ais aussi intensif que festif!"},"content":{"rendered":"<h4><strong>C\u2019\u00e9tait une vraie tour de Babel! D\u00e9but septembre, les cours intensifs de fran\u00e7ais de l\u2019Universit\u00e9 de Fribourg ont r\u00e9uni plus de 69 participant\u00b7e\u00b7s issu\u00b7e\u00b7s des quatre coins de la plan\u00e8te. Toutes et tous avaient au moins une chose en commun: une forte envie d\u2019apprendre la langue de Moli\u00e8re. <div class=\"clear\" style=\"height:20px\"><\/div><\/strong><\/h4>\n<p><iframe loading=\"lazy\" title=\"YouTube video player\" src=\"https:\/\/www.youtube.com\/embed\/119uVU8zejY?si=SuquJdO_L1L-ddEw\" width=\"560\" height=\"315\" frameborder=\"0\" allowfullscreen=\"allowfullscreen\"><\/iframe> <div class=\"clear\" style=\"height:20px\"><\/div>\n<div class=\"clear\" style=\"height:20px\"><\/div>\n<span style=\"color: #ff6600;\">_________<\/span><br \/>\n<div class=\"clear\" style=\"height:20px\"><\/div>\n<ul>\n<li>L\u2019universit\u00e9 de Fribourg offre des <a href=\"https:\/\/www.unifr.ch\/centredelangues\/fr\/cours\/intensifs\/\" target=\"_blank\" rel=\"noopener\">cours intensifs pr\u00e9-semestriels<\/a> d\u2019allemand et de fran\u00e7ais. Les prochains auront lieu du 5 au 16 f\u00e9vrier 2024.<\/li>\n<\/ul>\n","protected":false},"excerpt":{"rendered":"<p>C\u2019\u00e9tait une vraie tour de Babel! D\u00e9but septembre, les cours intensifs de fran\u00e7ais de l\u2019Universit\u00e9 de Fribourg ont r\u00e9uni plus de 69 participant\u00b7e\u00b7s issu\u00b7e\u00b7s des quatre coins de la plan\u00e8te. Toutes et tous avaient au moins une chose en commun: une forte envie d\u2019apprendre la langue de Moli\u00e8re. _________ L\u2019universit\u00e9 de Fribourg offre des cours intensifs pr\u00e9-semestriels d\u2019allemand et de fran\u00e7ais. Les prochains auront lieu du 5 au 16 f\u00e9vrier 2024.<\/p>\n","protected":false},"author":13,"featured_media":18942,"comment_status":"open","ping_status":"closed","sticky":true,"template":"","format":"standard","meta":{"footnotes":""},"categories":[82,85],"tags":[995,278,1078,716,773],"_links":{"self":[{"href":"https:\/\/www.unifr.ch\/alma-georges\/wp-json\/wp\/v2\/posts\/18934"}],"collection":[{"href":"https:\/\/www.unifr.ch\/alma-georges\/wp-json\/wp\/v2\/posts"}],"about":[{"href":"https:\/\/www.unifr.ch\/alma-georges\/wp-json\/wp\/v2\/types\/post"}],"author":[{"embeddable":true,"href":"https:\/\/www.unifr.ch\/alma-georges\/wp-json\/wp\/v2\/users\/13"}],"replies":[{"embeddable":true,"href":"https:\/\/www.unifr.ch\/alma-georges\/wp-json\/wp\/v2\/comments?post=18934"}],"version-history":[{"count":4,"href":"https:\/\/www.unifr.ch\/alma-georges\/wp-json\/wp\/v2\/posts\/18934\/revisions"}],"predecessor-version":[{"id":18944,"href":"https:\/\/www.unifr.ch\/alma-georges\/wp-json\/wp\/v2\/posts\/18934\/revisions\/18944"}],"wp:featuredmedia":[{"embeddable":true,"href":"https:\/\/www.unifr.ch\/alma-georges\/wp-json\/wp\/v2\/media\/18942"}],"wp:attachment":[{"href":"https:\/\/www.unifr.ch\/alma-georges\/wp-json\/wp\/v2\/media?parent=18934"}],"wp:term":[{"taxonomy":"category","embeddable":true,"href":"https:\/\/www.unifr.ch\/alma-georges\/wp-json\/wp\/v2\/categories?post=18934"},{"taxonomy":"post_tag","embeddable":true,"href":"https:\/\/www.unifr.ch\/alma-georges\/wp-json\/wp\/v2\/tags?post=18934"}],"curies":[{"name":"wp","href":"https:\/\/api.w.org\/{rel}","templated":true}]}}