{"id":18541,"date":"2023-07-06T14:01:11","date_gmt":"2023-07-06T13:01:11","guid":{"rendered":"https:\/\/www.unifr.ch\/alma-georges?p=18541"},"modified":"2023-07-06T14:08:48","modified_gmt":"2023-07-06T13:08:48","slug":"et-vous-vous-faites-quoi-les-1001-metiers-de-lunifr-5","status":"publish","type":"post","link":"https:\/\/www.unifr.ch\/alma-georges\/articles\/2023\/et-vous-vous-faites-quoi-les-1001-metiers-de-lunifr-5","title":{"rendered":"Et vous, vous faites quoi? \u2013 Les 1001 m\u00e9tiers de l\u2019Unifr #5"},"content":{"rendered":"<h4><strong>Connaissez-vous la profession de la personne que vous venez de croiser dans le couloir? Notre Universit\u00e9 est une v\u00e9ritable malle aux tr\u00e9sors de connaissances et de savoir-faire. Dans cette s\u00e9rie, nous vous emmenons \u00e0 la d\u00e9couverte des personnes et des m\u00e9tiers qui font vivre notre institution au quotidien. Pour ce cinqui\u00e8me \u00e9pisode, c\u2019est Derya Y\u00fcceol, responsable d\u2019\u00e9quipe au sein du Service du personnel, qui nous raconte son Unifr. Joviale et de nature optimiste, Derya consid\u00e8re qu\u2019il n\u2019y a pas de probl\u00e8me sans solution.<\/strong> <div class=\"clear\" style=\"height:20px\"><\/div><\/h4>\n<p><strong>Derya Y\u00fcceol, comment se passent vos journ\u00e9es?<br \/>\n<\/strong>Le r\u00e9veil est programm\u00e9 assez t\u00f4t. Apr\u00e8s avoir emmen\u00e9 mes enfants \u00e0 la cr\u00e8che, je d\u00e9bute par un petit tour du bureau pour saluer et souhaiter une belle journ\u00e9e \u00e0 toute l\u2019\u00e9quipe. Puis vient le traitement des mails. Au Service du personnel, une journ\u00e9e ne ressemble jamais vraiment \u00e0 une autre et varie en fonction des demandes des collaborateurs\u00b7trices de l\u2019Universit\u00e9. Puis vient le soir quand je rendosse mon r\u00f4le de maman.<\/p>\n<p><strong>Travailler dans une universit\u00e9, c\u2019est une ambiance particuli\u00e8re. Qu\u2019est-ce qui vous pla\u00eet le plus?<\/strong><br \/>\nLa beaut\u00e9 du b\u00e2timent ainsi que l\u2019ambiance et l\u2019histoire qu\u2019il d\u00e9gage lorsque nous nous promenons dans ses couloirs. Il y a aussi le c\u00f4t\u00e9 international qui me pla\u00eet beaucoup. Nous pouvons croiser et entendre des personnes venant de tous horizons.<\/p>\n<p><strong>Y a-t-il des avantages dont vous aimez profiter?<br \/>\n<\/strong>Si nous le souhaitons et si les conditions le permettent, nous avons de la chance, au sein de notre service, de pouvoir travailler \u00e0 domicile durant la moiti\u00e9 de notre temps d\u2019occupation. Il y a aussi l\u2019horaire libre qui me convient parfaitement bien. Ce sont deux avantages ind\u00e9niables pour une personne conciliant vie priv\u00e9e et professionnelle.<\/p>\n<p><strong>Si vous deviez conseiller \u00e0 quelqu\u2019un de postuler \u00e0 l\u2019Unifr, que lui diriez-vous?<br \/>\n<\/strong>De ne pas h\u00e9siter! L\u2019histoire de l\u2019Universit\u00e9, ses \u00e9tudiant\u00b7e\u00b7s et la diversit\u00e9 des personnes que nous pouvons \u00eatre emmen\u00e9\u00b7e\u00b7s \u00e0 croiser ou \u00e0 contacter. L\u2019Universit\u00e9 est une tr\u00e8s grande famille.<\/p>\n<p><strong><a href=\"https:\/\/www.unifr.ch\/alma-georges\/wp-content\/uploads\/2023\/07\/image002.jpg\"><img decoding=\"async\" loading=\"lazy\" class=\"size-medium wp-image-18545 alignleft\" src=\"https:\/\/www.unifr.ch\/alma-georges\/wp-content\/uploads\/2023\/07\/image002-300x225.jpg\" alt=\"\" width=\"300\" height=\"225\" srcset=\"https:\/\/www.unifr.ch\/alma-georges\/wp-content\/uploads\/2023\/07\/image002-300x225.jpg 300w, https:\/\/www.unifr.ch\/alma-georges\/wp-content\/uploads\/2023\/07\/image002-1024x767.jpg 1024w, https:\/\/www.unifr.ch\/alma-georges\/wp-content\/uploads\/2023\/07\/image002-768x576.jpg 768w, https:\/\/www.unifr.ch\/alma-georges\/wp-content\/uploads\/2023\/07\/image002.jpg 1213w\" sizes=\"(max-width: 300px) 100vw, 300px\" \/><\/a>Quel est votre lieu pr\u00e9f\u00e9r\u00e9?<br \/>\n<\/strong>Le Jardin botanique.<\/p>\n<p>&nbsp;<\/p>\n<p>&nbsp;<\/p>\n<p>&nbsp;<\/p>\n<p>&nbsp;<\/p>\n<p>&nbsp;<\/p>\n<p><strong>Quel est votre outil, votre instr<a href=\"https:\/\/www.unifr.ch\/alma-georges\/wp-content\/uploads\/2023\/07\/image004.png\"><img decoding=\"async\" loading=\"lazy\" class=\"size-medium wp-image-18546 alignright\" src=\"https:\/\/www.unifr.ch\/alma-georges\/wp-content\/uploads\/2023\/07\/image004-225x300.png\" alt=\"\" width=\"225\" height=\"300\" srcset=\"https:\/\/www.unifr.ch\/alma-georges\/wp-content\/uploads\/2023\/07\/image004-225x300.png 225w, https:\/\/www.unifr.ch\/alma-georges\/wp-content\/uploads\/2023\/07\/image004.png 735w\" sizes=\"(max-width: 225px) 100vw, 225px\" \/><\/a>ument de travail f\u00e9tiche?<br \/>\n<\/strong>Mon stylo et mon bloc-notes. Bien que (presque) tout soit informatis\u00e9, j\u2019ai besoin, personnellement, de noter beaucoup de choses par \u00e9crit comme ma to-do liste quotidienne par exemple.<\/p>\n<p><strong>Entre vous et l\u2019Universit\u00e9, c\u2019est une histoire qui remonte \u00e0 tr\u00e8s loin!<br \/>\n<\/strong>Ma maman est employ\u00e9e depuis maintenant plus de 21 ans au sein de l\u2019Universit\u00e9. Etant petite, il m\u2019arrivait tr\u00e8s souvent de venir la chercher avec mon papa le soir \u00e0 la sortie de son travail. L\u2019Universit\u00e9 a aussi \u00e9t\u00e9 mon premier employeur. J\u2019y ai \u00e9galement gagn\u00e9 mes premiers sous en ayant \u00e9t\u00e9 engag\u00e9e comme jeune d\u2019\u00e9t\u00e9 \u00e0 mes 16 ans. J\u2019ai \u00e9galement pass\u00e9 beaucoup de temps \u00e0 la salle de lecture pour mes r\u00e9visions d\u2019examens lorsque j\u2019\u00e9tais \u00e9tudiante. Ces quelques anecdotes font que j\u2019affectionne particuli\u00e8rement cette institution car elle fait partie de mon paysage depuis toujours!<\/p>\n<p><strong>Qu&rsquo;est-ce qu&rsquo;un bon employeur selon vous?<br \/>\n<\/strong>Avant tout, je dirai un employeur bienveillant. C\u2019est du moins ce que j\u2019essaie quotidiennement d\u2019\u00eatre avec tout mon entourage professionnel. <div class=\"clear\" style=\"height:20px\"><\/div>\n<div style=\"background-color: orange; font-size: 100%; padding: 1em;\"><strong>L\u2019Unifr parmi les meilleurs employeurs de Suisse<\/strong><br \/>\nChaque ann\u00e9e,\u00a0<em>Le Temps<\/em>\u00a0et la<em>\u00a0Handelszeitung<\/em>\u00a0s\u2019associent \u00e0 l\u2019organisme de statistique Statista afin d\u2019\u00e9tablir un classement des\u00a0<a href=\"https:\/\/www.letemps.ch\/economie\/meilleurs-employeurs-2022-lautonomie-confiance-saluee-salaries\" target=\"_blank\" rel=\"noopener\"><strong>Meilleurs Employeurs de Suisse<\/strong><\/a>. Le t\u00e9l\u00e9travail obligatoire, la gestion de ses s\u00e9quelles, ainsi qu\u2019une adaptation \u00e0 la nouvelle donne compos\u00e9e, entre autres, d\u2019une volont\u00e9 des collaboratrices et collaborateurs de g\u00e9rer leur temps et leur lieu de travail de mani\u00e8re plus flexible et autonome, repr\u00e9sente un grand d\u00e9fi pour les entreprises et les institutions, rel\u00e8vent-ils. Le classement des Meilleurs Employeurs 2022 a identifi\u00e9 plus de 1\u2019500 employeurs comptant au moins 200 collaboratrices et collaborateurs. L\u2019Universit\u00e9 de Fribourg, avec ses 2\u2019500 employ\u00e9\u00b7e\u00b7s, figure \u00e0 la 177e place du classement g\u00e9n\u00e9ral et \u00e0 la 17e dans la cat\u00e9gorie \u00e9ducation et recherche.<br \/>\n<div class=\"clear\" style=\"height:20px\"><\/div><\/div>\n<div><\/div>\n<div class=\"clear\" style=\"height:20px\"><\/div>\n<p><span style=\"color: #ff6600;\">__________<\/span><\/p>\n<div class=\"clear\" style=\"height:20px\"><\/div>\n<span style=\"color: #ff6600;\"><br \/>\n<\/span><\/p>\n<ul>\n<li><a href=\"https:\/\/www.unifr.ch\/sp\/fr\/\" target=\"_blank\" rel=\"noopener\">Service du personnel<\/a><\/li>\n<li><a href=\"derya.yueceol@unifr.ch\">Derya Y\u00fcceol<\/a><\/li>\n<\/ul>\n","protected":false},"excerpt":{"rendered":"<p>Connaissez-vous la profession de la personne que vous venez de croiser dans le couloir? Notre Universit\u00e9 est une v\u00e9ritable malle aux tr\u00e9sors de connaissances et de savoir-faire. Dans cette s\u00e9rie, nous vous emmenons \u00e0 la d\u00e9couverte des personnes et des m\u00e9tiers qui font vivre notre institution au quotidien. Pour ce cinqui\u00e8me \u00e9pisode, c\u2019est Derya Y\u00fcceol, responsable d\u2019\u00e9quipe au sein du Service du personnel, qui nous raconte son Unifr. Joviale et de nature optimiste, Derya consid\u00e8re qu\u2019il n\u2019y a pas de probl\u00e8me sans solution. Derya Y\u00fcceol, comment se passent vos journ\u00e9es? Le r\u00e9veil est programm\u00e9 assez t\u00f4t. Apr\u00e8s avoir emmen\u00e9 mes<\/p>\n","protected":false},"author":13,"featured_media":18543,"comment_status":"open","ping_status":"closed","sticky":true,"template":"","format":"standard","meta":{"footnotes":""},"categories":[86,75],"tags":[992],"_links":{"self":[{"href":"https:\/\/www.unifr.ch\/alma-georges\/wp-json\/wp\/v2\/posts\/18541"}],"collection":[{"href":"https:\/\/www.unifr.ch\/alma-georges\/wp-json\/wp\/v2\/posts"}],"about":[{"href":"https:\/\/www.unifr.ch\/alma-georges\/wp-json\/wp\/v2\/types\/post"}],"author":[{"embeddable":true,"href":"https:\/\/www.unifr.ch\/alma-georges\/wp-json\/wp\/v2\/users\/13"}],"replies":[{"embeddable":true,"href":"https:\/\/www.unifr.ch\/alma-georges\/wp-json\/wp\/v2\/comments?post=18541"}],"version-history":[{"count":23,"href":"https:\/\/www.unifr.ch\/alma-georges\/wp-json\/wp\/v2\/posts\/18541\/revisions"}],"predecessor-version":[{"id":18583,"href":"https:\/\/www.unifr.ch\/alma-georges\/wp-json\/wp\/v2\/posts\/18541\/revisions\/18583"}],"wp:featuredmedia":[{"embeddable":true,"href":"https:\/\/www.unifr.ch\/alma-georges\/wp-json\/wp\/v2\/media\/18543"}],"wp:attachment":[{"href":"https:\/\/www.unifr.ch\/alma-georges\/wp-json\/wp\/v2\/media?parent=18541"}],"wp:term":[{"taxonomy":"category","embeddable":true,"href":"https:\/\/www.unifr.ch\/alma-georges\/wp-json\/wp\/v2\/categories?post=18541"},{"taxonomy":"post_tag","embeddable":true,"href":"https:\/\/www.unifr.ch\/alma-georges\/wp-json\/wp\/v2\/tags?post=18541"}],"curies":[{"name":"wp","href":"https:\/\/api.w.org\/{rel}","templated":true}]}}