{"id":17744,"date":"2023-03-10T13:50:50","date_gmt":"2023-03-10T12:50:50","guid":{"rendered":"https:\/\/www.unifr.ch\/alma-georges?p=17744"},"modified":"2023-03-10T14:59:16","modified_gmt":"2023-03-10T13:59:16","slug":"und-was-machen-sie-die-1001-berufe-der-unifr-4","status":"publish","type":"post","link":"https:\/\/www.unifr.ch\/alma-georges\/articles\/2023\/und-was-machen-sie-die-1001-berufe-der-unifr-4","title":{"rendered":"Und was machen Sie? \u2013 Die 1001 Berufe der Unifr #4"},"content":{"rendered":"<h4><strong>Kennen Sie den Beruf der Person, die Ihnen gerade im Flur begegnet ist? Unsere Universit\u00e4t ist eine wahre Schatzkiste voller Wissen und K\u00f6nnen. In dieser Serie nehmen wir Sie mit auf eine Entdeckungsreise zu den Menschen und Berufen, die unsere Institution t\u00e4glich am Leben erhalten. In dieser vierten Episode erz\u00e4hlt uns Ariane Linder, Verantwortliche der Dienststelle Uni-Social und Ombudsfrau, wie ihre pers\u00f6nliche Unifr aussieht.<\/strong><\/h4>\n<div class=\"clear\" style=\"height:20px\"><\/div>\n<p><strong>Ariane Linder, erz\u00e4hlen Sie uns von sich!<br \/>\n<\/strong>Mein Name ist Ariane Linder, ich bin aufgewachsen und wohnhaft im Sensebezirk. Ich bin verheiratet und habe zwei Kinder (7 und 9 Jahre). Meine Familie ist mir sehr wichtig, zusammen erleben wir viele spannende und bereichernde Momente.<\/p>\n<p>Nach dem Gymnasium studierte ich an der Universit\u00e4t Freiburg Soziale Arbeit und Sozialpolitik. Sp\u00e4ter kam ein MAS in Psychosozialem Management dazu. Nach dem Studium arbeitete ich erst in einem Sozialdienst sp\u00e4ter in einer spezialisierten Ausbildungsst\u00e4tte und seit 2014 an der Unifr. Damals hiess die Dienststelle noch Dienst f\u00fcr Sozialberatung und Studienbeihilfe. Vieles hat sich seither ver\u00e4ndert \u2013 auch, dass ich seit 2018 zus\u00e4tzlich als Ombudsfrau t\u00e4tig bin und entsprechend eine Ausbildung im Bereich Mediation und Konfliktl\u00f6sungskompetenz abgeschlossen habe.<\/p>\n<div id=\"attachment_17745\" style=\"width: 310px\" class=\"wp-caption alignleft\"><a href=\"https:\/\/www.unifr.ch\/alma-georges\/wp-content\/uploads\/2023\/03\/Portrait-Ariane.jpg\"><img aria-describedby=\"caption-attachment-17745\" decoding=\"async\" loading=\"lazy\" class=\"wp-image-17745 size-medium\" src=\"https:\/\/www.unifr.ch\/alma-georges\/wp-content\/uploads\/2023\/03\/Portrait-Ariane-300x300.jpg\" alt=\"\" width=\"300\" height=\"300\" srcset=\"https:\/\/www.unifr.ch\/alma-georges\/wp-content\/uploads\/2023\/03\/Portrait-Ariane-300x300.jpg 300w, https:\/\/www.unifr.ch\/alma-georges\/wp-content\/uploads\/2023\/03\/Portrait-Ariane-150x150.jpg 150w, https:\/\/www.unifr.ch\/alma-georges\/wp-content\/uploads\/2023\/03\/Portrait-Ariane.jpg 345w\" sizes=\"(max-width: 300px) 100vw, 300px\" \/><\/a><p id=\"caption-attachment-17745\" class=\"wp-caption-text\">Ariane Linder<\/p><\/div>\n<p><strong>Und was ist jetzt Ihr Beruf an der Unifr?<br \/>\n<\/strong>Verantwortliche der Dienststelle Uni-Social, welche ebenfalls die Career Services beinhaltet, sowie Ombudsfrau.<\/p>\n<p><strong>Wie sieht Ihr Tagesablauf aus?<br \/>\n<\/strong>Vielseitig, spannend, herausfordernd und unvorhersehbar im positiven Sinne. Meine Aufgaben umfassen unter anderen die Leitung der Dienststelle Uni-Social mit ihren zehn Mitarbeitenden. Die Dienststelle unterst\u00fctzt finanziell j\u00e4hrlich an die 200 Studierende und bietet, wo n\u00f6tig und gew\u00fcnscht, Coachings und Beratung in Sozialversicherungs-, Stipendien- und Budgetfragen an.<\/p>\n<p><strong>Die Universit\u00e4t bietet als Arbeitsplatz eine ganz besondere Atmosph\u00e4re. Was gef\u00e4llt Ihnen gut und was weniger?<br \/>\n<\/strong>Die angenehme Zusammenarbeit im Team, der Kontakt mit den Studierenden und s\u00e4mtlichen Mitgliedern der Universit\u00e4tsgemeinschaft ist abwechslungsreich, inspirierend und bereichernd. Viele Ideen konnten bereits umgesetzt werden und neue Projekte konkretisiert werden. Es ist ein Umfeld, in dem Ver\u00e4nderung m\u00f6glich und unterst\u00fctzt wird.<\/p>\n<p>Es gibt nat\u00fcrlich auch immer wieder Dinge, die mir weniger gefallen. Aber an jenen will ich mich nicht aufhalten. Das Positive \u00fcberwiegt bei weitem.<\/p>\n<p><strong>Gibt es Vorteile, die Sie gerne nutzen (z. B. Sportkurse)?<br \/>\n<\/strong>Die Universit\u00e4t Freiburg bietet viele Vorz\u00fcge. Im Speziellen sch\u00e4tze ich die kulturelle Bereicherung, die Sprachenvielfalt, die angenehme Gr\u00f6sse und noch bis vor ein paar Jahren nutzte ich das tolle Krippenangebot. Schliesslich ist die Vereinbarkeit von Beruf und Familie immer noch ein hochaktuelles Thema.<\/p>\n<p><strong>Was sagen Sie einer Person, die sich an der Unifr bewerben m\u00f6chte?<br \/>\n<\/strong>Es erwartet dich ein spannendes inspirierendes Umfeld, so bunt wie die angebotenen Vorlesungen, das durch jede einzelne Person bereichert und nuanciert wird.<\/p>\n<p><strong>Welcher ist Ihr Lieblingsort?<br \/>\n<\/strong>Mein Arbeitsplatz bietet die sch\u00f6nste Aussicht. Es ist ein Privileg hier arbeiten zu k\u00f6nnen.<\/p>\n<div id=\"attachment_17746\" style=\"width: 310px\" class=\"wp-caption alignright\"><a href=\"https:\/\/www.unifr.ch\/alma-georges\/wp-content\/uploads\/2023\/03\/Arbeitsplatz.jpg\"><img aria-describedby=\"caption-attachment-17746\" decoding=\"async\" loading=\"lazy\" class=\"wp-image-17746 size-medium\" src=\"https:\/\/www.unifr.ch\/alma-georges\/wp-content\/uploads\/2023\/03\/Arbeitsplatz-300x226.jpg\" alt=\"\" width=\"300\" height=\"226\" srcset=\"https:\/\/www.unifr.ch\/alma-georges\/wp-content\/uploads\/2023\/03\/Arbeitsplatz-300x226.jpg 300w, https:\/\/www.unifr.ch\/alma-georges\/wp-content\/uploads\/2023\/03\/Arbeitsplatz.jpg 580w\" sizes=\"(max-width: 300px) 100vw, 300px\" \/><\/a><p id=\"caption-attachment-17746\" class=\"wp-caption-text\">Blick aus Ariane Linders B\u00fcro<\/p><\/div>\n<p><strong>Welches ist Ihr liebstes Werkzeug oder Arbeitsinstrument?<br \/>\n<\/strong>Die Macht der W\u00f6rter. Worte sind mein Lieblingswerkzeug, sie bieten Kraft, Hoffnung, Empathie und vieles mehr. Oder wie Ludwig Wittgenstein sagte: <em>Die Grenzen meiner Sprache bedeuten die Grenzen meiner Welt<\/em>.<\/p>\n<p><strong>Erz\u00e4hlen Sie uns eine typische\/lustige\/ber\u00fchrende Anekdote Ihrer Arbeit.<br \/>\n<\/strong>Oh, davon gibt es viele. Menschen, die voller Verzweiflung, Leid und Hoffnungslosigkeit um Hilfe bitten und das B\u00fcro mit dem Gef\u00fchl verlassen, einen kleinen Schritt in die richtige Richtung getan zu haben.<\/p>\n<p><strong>Was macht f\u00fcr Sie ein_e gute_r Arbeitgeber_in aus?<br \/>\n<\/strong>Wenn Mitarbeitende als Ressource geachtet, respektiert und gef\u00f6rdert werden, damit sie ihr volles Potential einbringen k\u00f6nnen.<\/p>\n<div class=\"clear\" style=\"height:20px\"><\/div>\n<div style=\"background-color: orange; font-size: 100%; padding: 1em;\"><strong>Die Unifr unter den besten Arbeitgeberinnen der Schweiz<\/strong><br \/>\nJedes Jahr erstellen <em>Le Temps<\/em> und die<em> Handelszeitung<\/em>\u00a0gemeinsam mit der Statistikorganisation <em>Statista<\/em> eine Rangliste der <a href=\"https:\/\/www.letemps.ch\/economie\/meilleurs-employeurs-2022-lautonomie-confiance-saluee-salaries\" target=\"_blank\" rel=\"noopener\"><strong>besten Arbeitgeber_innen der Schweiz<\/strong><\/a>. Das obligatorische Home Office, die Bew\u00e4ltigung der damit verbundenen Folgen sowie die Anpassung an eine neue Situation, die unter anderem aus dem Wunsch der Mitarbeitenden besteht, ihre Zeit und ihren Arbeitsort flexibler und autonomer zu gestalten, stellen eine grosse Herausforderung f\u00fcr Unternehmen und Institutionen dar \u2013 so die beiden Medien. F\u00fcr das Ranking der besten Arbeitgeber_innen 2022 wurden \u00fcber 1&rsquo;500 Arbeitgeber_innen mit mindestens 200 Mitarbeitenden ermittelt. Die Universit\u00e4t Freiburg mit ihren 2&rsquo;500 Angestellten belegt Platz 177 in der Gesamtrangliste und Platz 17 in der Kategorie Bildung und Forschung.<\/div>\n<div><div class=\"clear\" style=\"height:20px\"><\/div><\/div>\n<div><div class=\"clear\" style=\"height:20px\"><\/div><\/div>\n<p><span style=\"color: #ff6600;\">__________<\/span><br \/>\n<div class=\"clear\" style=\"height:20px\"><\/div>\n<ul>\n<li><a href=\"https:\/\/www.unifr.ch\/uni-social\/de\/\" target=\"_blank\" rel=\"noopener\">Webseite<\/a> der Dienststelle Uni-Social<\/li>\n<li>Dieses <a href=\"https:\/\/www.unifr.ch\/alma-georges\/articles\/2022\/und-was-machen-sie-die-1001-berufe-der-unifr-2\" target=\"_blank\" rel=\"noopener\">Portrait<\/a> aus unserer Serie k\u00f6nnte Sie auch interessieren!<\/li>\n<\/ul>\n<div class=\"clear\" style=\"height:20px\"><\/div>\n","protected":false},"excerpt":{"rendered":"<p>Kennen Sie den Beruf der Person, die Ihnen gerade im Flur begegnet ist? Unsere Universit\u00e4t ist eine wahre Schatzkiste voller Wissen und K\u00f6nnen. In dieser Serie nehmen wir Sie mit auf eine Entdeckungsreise zu den Menschen und Berufen, die unsere Institution t\u00e4glich am Leben erhalten. In dieser vierten Episode erz\u00e4hlt uns Ariane Linder, Verantwortliche der Dienststelle Uni-Social und Ombudsfrau, wie ihre pers\u00f6nliche Unifr aussieht. Ariane Linder, erz\u00e4hlen Sie uns von sich! Mein Name ist Ariane Linder, ich bin aufgewachsen und wohnhaft im Sensebezirk. Ich bin verheiratet und habe zwei Kinder (7 und 9 Jahre). Meine Familie ist mir sehr wichtig,<\/p>\n","protected":false},"author":76,"featured_media":17751,"comment_status":"open","ping_status":"closed","sticky":true,"template":"","format":"standard","meta":{"footnotes":""},"categories":[87,75],"tags":[],"_links":{"self":[{"href":"https:\/\/www.unifr.ch\/alma-georges\/wp-json\/wp\/v2\/posts\/17744"}],"collection":[{"href":"https:\/\/www.unifr.ch\/alma-georges\/wp-json\/wp\/v2\/posts"}],"about":[{"href":"https:\/\/www.unifr.ch\/alma-georges\/wp-json\/wp\/v2\/types\/post"}],"author":[{"embeddable":true,"href":"https:\/\/www.unifr.ch\/alma-georges\/wp-json\/wp\/v2\/users\/76"}],"replies":[{"embeddable":true,"href":"https:\/\/www.unifr.ch\/alma-georges\/wp-json\/wp\/v2\/comments?post=17744"}],"version-history":[{"count":11,"href":"https:\/\/www.unifr.ch\/alma-georges\/wp-json\/wp\/v2\/posts\/17744\/revisions"}],"predecessor-version":[{"id":17762,"href":"https:\/\/www.unifr.ch\/alma-georges\/wp-json\/wp\/v2\/posts\/17744\/revisions\/17762"}],"wp:featuredmedia":[{"embeddable":true,"href":"https:\/\/www.unifr.ch\/alma-georges\/wp-json\/wp\/v2\/media\/17751"}],"wp:attachment":[{"href":"https:\/\/www.unifr.ch\/alma-georges\/wp-json\/wp\/v2\/media?parent=17744"}],"wp:term":[{"taxonomy":"category","embeddable":true,"href":"https:\/\/www.unifr.ch\/alma-georges\/wp-json\/wp\/v2\/categories?post=17744"},{"taxonomy":"post_tag","embeddable":true,"href":"https:\/\/www.unifr.ch\/alma-georges\/wp-json\/wp\/v2\/tags?post=17744"}],"curies":[{"name":"wp","href":"https:\/\/api.w.org\/{rel}","templated":true}]}}