{"id":17664,"date":"2023-02-21T13:56:47","date_gmt":"2023-02-21T12:56:47","guid":{"rendered":"https:\/\/www.unifr.ch\/alma-georges?p=17664"},"modified":"2023-03-02T16:42:09","modified_gmt":"2023-03-02T15:42:09","slug":"festive-silencieuse-inclusive","status":"publish","type":"post","link":"https:\/\/www.unifr.ch\/alma-georges\/articles\/2023\/festive-silencieuse-inclusive","title":{"rendered":"Festive, silencieuse, inclusive"},"content":{"rendered":"<h4><strong>La Silent Party est l\u2019un des \u00e9v\u00e8nements phares de la programmation du Nouveau Monde, lieu de sortie bien connu des Fribourgeois\u00b7es. Cette ann\u00e9e, l\u2019\u00e9v\u00e8nement est estampill\u00e9 \u00abinclusif\u00bb. A l\u2019origine de cette id\u00e9e: Chlo\u00e9 Jaccard, une \u00e9tudiante en travail social de l\u2019Unifr. <\/strong><\/h4>\n<h4><strong><div class=\"clear\" style=\"height:20px\"><\/div><\/strong><\/h4>\n<p>Au premier abord, c\u2019est une disco comme une autre: lumi\u00e8res ultra-travaill\u00e9es, air rendu \u00e9pais par le tr\u00e9moussement des corps, alcool qui coule \u00e0 flots. Pourtant, un \u00e9l\u00e9ment ne colle pas: dans la salle, on n\u2019entend que les bruits des chaussures heurtant rythmiquement le sol et des verres repos\u00e9s sur le bar. Et la musique, alors?<br \/>\nLa Silent Party \u2013 ou plut\u00f4t les Silent Parties, puisque la manifestation se d\u00e9roule sur deux jours &#8211; est l\u2019un des \u00e9v\u00e8nements phares de la programmation annuelle du Nouveau Monde, lieu de sortie bien connu des Fribourgeois\u00b7es. Son concept, ramen\u00e9 de l\u2019\u00e9tranger: plut\u00f4t que d\u2019imposer aux f\u00eatards une playlist unique, on leur propose trois options. Apr\u00e8s avoir fait leur choix, les participants se d\u00e9hanchent librement, casque sur les oreilles. \u00abChaque canal musical est symbolis\u00e9 par une couleur qui s\u2019affiche sur le casque; cela permet, d\u2019un coup d\u2019\u0153il, de savoir qui \u00e9coute le m\u00eame morceau\u00bb, pr\u00e9cise Flavien Droux, programmateur du Nouveau Monde. Cet espace culturel nich\u00e9 dans le complexe de l\u2019Ancienne Gare, au c\u0153ur de la capitale cantonale, a \u00e9t\u00e9 l\u2019un des premiers du pays \u00e0 proposer des Silent Parties.<\/p>\n<p><strong>Libert\u00e9 de mouvements<br \/>\n<\/strong>Les 25 et 26 f\u00e9vrier prochains, le Nouveau Monde remet joyeusement le couvert. Or, cette \u00e9dition 2023 de l\u2019\u00e9v\u00e8nement sera un peu particuli\u00e8re. Sur le programme de l\u2019espace culturel, on peut lire \u00abSilent Party inclusive\u00bb. L\u2019ajout de cet adjectif, c\u2019est une \u00e9tudiante en travail social de l\u2019Unifr qui en est \u00e0 l\u2019origine. \u00abJe suis employ\u00e9e \u00e0 temps partiel par FARA, une entreprise solidaire qui accompagne des personnes avec une d\u00e9ficience intellectuelle; j\u2019ai constat\u00e9 qu\u2019il \u00e9tait souvent compliqu\u00e9 de r\u00e9pondre aux envies de certain\u00b7e\u00b7s de nos r\u00e9sident\u00b7e\u00b7s d\u2019aller faire la f\u00eate ou \u00e9couter de la musique\u00bb, rapporte Chlo\u00e9 Jaccard. En effet, en plus des questions d\u2019accessibilit\u00e9, de place et de bruit sur place, se pose celle du budget \u00e0 disposition pour organiser et encadrer de telles sorties.<br \/>\nAlors que la jeune femme participait \u00e0 titre priv\u00e9 \u00e0 une Silent Party, une ampoule s\u2019est allum\u00e9e dans sa t\u00eate. \u00abJe me suis dit que ce type d\u2019\u00e9v\u00e8nement conviendrait bien \u00e0 des personnes en situation de handicap, et cela pour plusieurs raisons\u00bb. D\u2019une part, \u00abparce que les participant\u00b7e\u00b7s ont la ma\u00eetrise de ce qu\u2019ils \u00e9coutent, ainsi que du volume\u00bb. D\u2019autre part, \u00abparce qu\u2019en raison des divers canaux musicaux, tout le monde donne l\u2019impression de danser de fa\u00e7on un peu extravagante, donc on se sent plus \u00e0 l\u2019aise de s\u2019exprimer avec son corps, quelle que soit la mani\u00e8re de le faire\u00bb.<br \/>\nDans la foul\u00e9e, \u00abil m\u2019a sembl\u00e9 que le plus simple \u2013 et le plus inclusif &#8211; serait de se greffer sur un \u00e9v\u00e8nement existant, moyennant quelques adaptations\u00bb. L\u2019id\u00e9e de la Silent Party inclusive \u00e9tait n\u00e9e. Du c\u00f4t\u00e9 du Nouveau Monde, la r\u00e9action fut enthousiaste. \u00abCela colle totalement avec nos valeurs; depuis sa cr\u00e9ation, notre espace culturel lutte pour l\u2019ouverture \u00e0 un public le plus large possible, pour que la culture casse toutes les barri\u00e8res dans tous les sens\u00bb, souligne Flavien Droux. Le programmateur rappelle que plusieurs manifestations \u00e0 caract\u00e8re sp\u00e9cifiquement inclusif ont d\u00e9j\u00e0 \u00e9t\u00e9 \u00e0 l\u2019affiche, dont le vernissage de \u00abPaula et ses dr\u00f4les d\u2019oiseaux\u00bb &#8211; un projet musical port\u00e9 par des r\u00e9sident\u00b7e\u00b7s de la fondation Les Buissonnets et par leurs \u00e9ducateurs \u2013 ou encore le spectacle th\u00e9\u00e2tral de L\u2019Au-de l\u2019Astre, une compagnie int\u00e9grant des com\u00e9dien\u00b7ne\u00b7s en situation de handicap.<\/p>\n<p><strong>Devant et derri\u00e8re les platines<br \/>\n<\/strong>Afin d\u2019inciter le maximum possible de personnes en situation de handicap \u2013 qu\u2019il soit mental ou physique \u2013 \u00e0 faire le d\u00e9placement \u00e0 l\u2019Ancienne Gare les 25 et 26 f\u00e9vrier, ainsi que de simplifier les questions logistiques, quelques am\u00e9nagements ont \u00e9t\u00e9 pr\u00e9vus. \u00abDes b\u00e9n\u00e9voles viendront pr\u00eater main forte au staff du Nouveau Monde et \u00e0 celui des institutions sp\u00e9cialis\u00e9es\u00bb, rel\u00e8ve Chlo\u00e9 Jaccard. \u00abIl s\u2019agit de personnes-ressources, charg\u00e9es par exemple de pousser un fauteuil roulant ou d\u2019accompagner un\u00b7e participant\u00b7e aux toilettes.\u00bb Il est \u00e9galement pr\u00e9vu d\u2019am\u00e9nager un espace de type lounge, o\u00f9 les f\u00eatard\u00b7e\u00b7s pourront faire une pause au calme. \u00abNous proposons par ailleurs des options de transports aux personnes ne r\u00e9sidant pas en institution.\u00bb Ces b\u00e9n\u00e9voles sont pour la plupart des \u00e9tudiant\u00b7e\u00b7s de l\u2019Institut de p\u00e9dagogie curative et de la Chaire de travail social et politiques sociales de l\u2019Unifr, ainsi que de la Haute \u00e9cole de travail social de Fribourg.<br \/>\nL\u2019inclusivit\u00e9 de cette disco va n\u00e9anmoins plus loin. \u00abEn collaboration avec FARA, l\u2019institution L\u2019Arche Fribourg, Pro Infirmis et le bar Lapart, nous avons mis sur pied un groupe d\u2019une trentaine de r\u00e9sident\u00b7e\u00b7s charg\u00e9 d\u2019\u00e9pauler les trois DJ de l\u2019\u00e9v\u00e8nement dans leur travail de cr\u00e9ation des playlists\u00bb, explique l\u2019\u00e9tudiante de l\u2019Unifr. Lors des Silent Parties \u2013 qui se d\u00e9rouleront respectivement le samedi soir d\u00e8s 20h et le dimanche apr\u00e8s-midi d\u00e8s 14h30 &#8211; \u00abils auront la possibilit\u00e9, s\u2019ils le souhaitent, de faire un tour derri\u00e8re les platines\u00bb.<\/p>\n<p><strong>Un lieu naturellement inclusif<br \/>\n<\/strong>Mais ne prend-on pas le risque, en labellisant clairement cet \u00e9v\u00e8nement \u00abinclusif\u00bb, de refroidir certain\u00b7e\u00b7s habitu\u00e9\u00b7e\u00b7s? Flavien Droux admet que la question a \u00e9t\u00e9 abord\u00e9e \u00e0 l\u2019interne, \u00e9tant donn\u00e9 que la Silent Party est importante pour le Nouveau Monde. \u00abInt\u00e9grer \u00e0 un tel \u00e9v\u00e8nement des valeurs qui nous sont ch\u00e8res a \u00e9t\u00e9 un argument d\u00e9cisif pour nous.\u00bb Chlo\u00e9 Jaccard rel\u00e8ve elle aussi que \u00able risque z\u00e9ro n\u2019existe pas\u00bb. C\u2019est d\u2019ailleurs pourquoi \u00abnous avons d\u00e9cid\u00e9 de ne pas en faire des tonnes en terme de communication; car apr\u00e8s tout, l\u2019\u00e9v\u00e8nement sera tr\u00e8s semblable \u00e0 celui des ann\u00e9es pr\u00e9c\u00e9dentes\u00bb.<br \/>\nDans tous les cas, cette \u00e9dition 2023 fera office de test, que ce soit pour les parties prenantes ou pour d\u2019autres acteurs int\u00e9ress\u00e9s. Insieme Fribourg a ainsi demand\u00e9 \u00e0 Chlo\u00e9 Jaccard de lui fournir une \u00e9valuation \u00e0 l\u2019issue de l\u2019\u00e9v\u00e8nement. \u00abMais ce que nous souhaitons avant tout\u00bb, pr\u00e9cise l\u2019organisatrice, \u00abc\u2019est montrer que rendre des manifestations culturelles et festives plus inclusives n\u2019est pas sorcier, qu\u2019il suffit de faire quelques am\u00e9nagements sp\u00e9cifiques\u00bb. Rien qu\u2019au Nouveau Monde, \u00abil y a plusieurs \u00e9v\u00e8nements r\u00e9guliers qui s\u2019y pr\u00eateraient, notamment les soir\u00e9es jeux\u00bb. M\u00eame son de cloche du c\u00f4t\u00e9 de Flavien Droux: \u00abPar sa philosophie, qui va clairement dans le sens de l\u2019ouverture et de la rencontre entre diff\u00e9rents types de personnes, mais aussi par sa configuration spatiale, il s\u2019agit d\u2019un endroit naturellement inclusif.\u00bb Au point de pouvoir se passer, dans un avenir proche, du terme \u00abinclusif\u00bb sur l\u2019affiche de la Silent Party? <div class=\"clear\" style=\"height:20px\"><\/div>\n________<br \/>\n<div class=\"clear\" style=\"height:20px\"><\/div>\n<ul>\n<li><a href=\"https:\/\/nouveaumonde.ch\/fr\/event\/2023\/la-fameuse-silent-party-la-nuit\" target=\"_blank\" rel=\"noopener\">Silent Party<\/a> du Nouveau Monde<\/li>\n<li>Hibou, Bernard Grandgirard \u00a9 CREAHM<\/li>\n<\/ul>\n<p>&nbsp;<\/p>\n","protected":false},"excerpt":{"rendered":"<p>La Silent Party est l\u2019un des \u00e9v\u00e8nements phares de la programmation du Nouveau Monde, lieu de sortie bien connu des Fribourgeois\u00b7es. Cette ann\u00e9e, l\u2019\u00e9v\u00e8nement est estampill\u00e9 \u00abinclusif\u00bb. A l\u2019origine de cette id\u00e9e: Chlo\u00e9 Jaccard, une \u00e9tudiante en travail social de l\u2019Unifr. Au premier abord, c\u2019est une disco comme une autre: lumi\u00e8res ultra-travaill\u00e9es, air rendu \u00e9pais par le tr\u00e9moussement des corps, alcool qui coule \u00e0 flots. Pourtant, un \u00e9l\u00e9ment ne colle pas: dans la salle, on n\u2019entend que les bruits des chaussures heurtant rythmiquement le sol et des verres repos\u00e9s sur le bar. Et la musique, alors? La Silent Party \u2013<\/p>\n","protected":false},"author":53,"featured_media":17670,"comment_status":"open","ping_status":"closed","sticky":true,"template":"","format":"standard","meta":{"footnotes":""},"categories":[85,75],"tags":[1159,1229,1487],"_links":{"self":[{"href":"https:\/\/www.unifr.ch\/alma-georges\/wp-json\/wp\/v2\/posts\/17664"}],"collection":[{"href":"https:\/\/www.unifr.ch\/alma-georges\/wp-json\/wp\/v2\/posts"}],"about":[{"href":"https:\/\/www.unifr.ch\/alma-georges\/wp-json\/wp\/v2\/types\/post"}],"author":[{"embeddable":true,"href":"https:\/\/www.unifr.ch\/alma-georges\/wp-json\/wp\/v2\/users\/53"}],"replies":[{"embeddable":true,"href":"https:\/\/www.unifr.ch\/alma-georges\/wp-json\/wp\/v2\/comments?post=17664"}],"version-history":[{"count":10,"href":"https:\/\/www.unifr.ch\/alma-georges\/wp-json\/wp\/v2\/posts\/17664\/revisions"}],"predecessor-version":[{"id":17725,"href":"https:\/\/www.unifr.ch\/alma-georges\/wp-json\/wp\/v2\/posts\/17664\/revisions\/17725"}],"wp:featuredmedia":[{"embeddable":true,"href":"https:\/\/www.unifr.ch\/alma-georges\/wp-json\/wp\/v2\/media\/17670"}],"wp:attachment":[{"href":"https:\/\/www.unifr.ch\/alma-georges\/wp-json\/wp\/v2\/media?parent=17664"}],"wp:term":[{"taxonomy":"category","embeddable":true,"href":"https:\/\/www.unifr.ch\/alma-georges\/wp-json\/wp\/v2\/categories?post=17664"},{"taxonomy":"post_tag","embeddable":true,"href":"https:\/\/www.unifr.ch\/alma-georges\/wp-json\/wp\/v2\/tags?post=17664"}],"curies":[{"name":"wp","href":"https:\/\/api.w.org\/{rel}","templated":true}]}}