{"id":1678,"date":"2015-12-16T09:52:37","date_gmt":"2015-12-16T08:52:37","guid":{"rendered":"http:\/\/www3.unifr.ch\/alma-georges\/?p=1678"},"modified":"2016-02-19T11:23:14","modified_gmt":"2016-02-19T10:23:14","slug":"uni-informel-hate-toi-lentement","status":"publish","type":"post","link":"https:\/\/www.unifr.ch\/alma-georges\/articles\/2015\/uni-informel-hate-toi-lentement","title":{"rendered":"Uni-Informel &#8211; H\u00e2te-toi lentement!"},"content":{"rendered":"<h4><strong>Choisir ses \u00e9tudes et s&rsquo;informer sur l&rsquo;entr\u00e9e \u00e0 l&rsquo;Universit\u00e9 sont des d\u00e9marches \u00e9minemment personnelles que chacun m\u00e8ne \u00e0 son rythme. Fourmis pr\u00e9voyantes et cigales de la derni\u00e8re heure se croisent souvent au bureau d&rsquo;Uni-Info.<\/strong><\/h4>\n<p>A la mi-novembre a lieu l\u2019InfoDay, la journ\u00e9e d\u2019information pour les gymnasiens. Cet \u00e9v\u00e9nement (organis\u00e9 une fois en fran\u00e7ais et une fois en allemand) leur permet de faire connaissance avec notre institution et sa g\u00e9n\u00e9reuse offre d\u2019\u00e9tudes. Cette journ\u00e9e s\u2019adresse en priorit\u00e9 aux coll\u00e9giens qui viennent d\u2019entamer leur derni\u00e8re ann\u00e9e, esp\u00e8rent obtenir leur maturit\u00e9 au d\u00e9but de l\u2019\u00e9t\u00e9 et projettent de commencer leurs \u00e9tudes universitaires \u00e0 la mi-septembre.<\/p>\n<p>Quand on pense qu\u2019un petit humain a besoin de neuf mois de gestation, les dix mois qui s\u00e9parent l\u2019InfoDay de la Journ\u00e9e d\u2019accueil des nouveaux \u00e9tudiants semblent donc \u00eatre un laps de temps raisonnable pour dig\u00e9rer les informations de cette journ\u00e9e et se pr\u00e9parer \u00e0 entrer dans la vie universitaire. Si cela est vrai pour une large majorit\u00e9 d\u2019\u00e9tudiants, il y a bien \u00e9videmment des exceptions.<\/p>\n<p>Cela se v\u00e9rifie en particulier en \u00e9t\u00e9, p\u00e9riode durant laquelle se croisent dans notre bureau les plus-que-pr\u00e9voyants et les ouvriers de la derni\u00e8re heure pour une joyeuse foire aux questions. Certaines familles allemandes ou luxembourgeoises, de passage dans la r\u00e9gion, viennent <em>in corpore<\/em> rep\u00e9rer les lieux o\u00f9 leur fils, respectivement leur fille, fera peut-\u00eatre ses \u00e9tudes\u2026 d\u2019ici deux ou trois ans, alors que, pendant ce temps, nos ordinateurs de consultation sont assaillis par les ind\u00e9cis ou les spontan\u00e9s qui remplissent leur formulaire de demande d\u2019admission tardive. A notre comptoir se rencontrent aussi de jeunes Fribourgeois, frais \u00e9moulus\u2026 de l\u2019\u00e9cole secondaire, qui profitent de leurs vacances pour s\u2019enqu\u00e9rir des conditions d\u2019acc\u00e8s \u00e0 l\u2019Universit\u00e9, tout comme de simple passants \u00e0 qui l\u2019id\u00e9e de reprendre des \u00e9tudes n\u2019est venue que parce qu\u2019ils sont pass\u00e9s devant notre porte\u2026 mais qui entendent bien se faire admettre imm\u00e9diatement!<\/p>\n<p>Pourtant, quel que soit leur profil, press\u00e9s ou ind\u00e9cis, que le projet d\u2019\u00e9tudier soit spontan\u00e9 ou m\u00fbrement r\u00e9fl\u00e9chi, une chose est certaine: tout le monde arrivera en m\u00eame temps \u00e0 No\u00ebl\u2026 et aux examens\u00a0!<\/p>\n","protected":false},"excerpt":{"rendered":"<p>Choisir ses \u00e9tudes et s&rsquo;informer sur l&rsquo;entr\u00e9e \u00e0 l&rsquo;Universit\u00e9 sont des d\u00e9marches \u00e9minemment personnelles que chacun m\u00e8ne \u00e0 son rythme. Fourmis pr\u00e9voyantes et cigales de la derni\u00e8re heure se croisent souvent au bureau d&rsquo;Uni-Info. A la mi-novembre a lieu l\u2019InfoDay, la journ\u00e9e d\u2019information pour les gymnasiens. Cet \u00e9v\u00e9nement (organis\u00e9 une fois en fran\u00e7ais et une fois en allemand) leur permet de faire connaissance avec notre institution et sa g\u00e9n\u00e9reuse offre d\u2019\u00e9tudes. Cette journ\u00e9e s\u2019adresse en priorit\u00e9 aux coll\u00e9giens qui viennent d\u2019entamer leur derni\u00e8re ann\u00e9e, esp\u00e8rent obtenir leur maturit\u00e9 au d\u00e9but de l\u2019\u00e9t\u00e9 et projettent de commencer leurs \u00e9tudes universitaires \u00e0<\/p>\n","protected":false},"author":18,"featured_media":1154,"comment_status":"open","ping_status":"open","sticky":false,"template":"","format":"standard","meta":{"footnotes":""},"categories":[89,75],"tags":[212,214],"_links":{"self":[{"href":"https:\/\/www.unifr.ch\/alma-georges\/wp-json\/wp\/v2\/posts\/1678"}],"collection":[{"href":"https:\/\/www.unifr.ch\/alma-georges\/wp-json\/wp\/v2\/posts"}],"about":[{"href":"https:\/\/www.unifr.ch\/alma-georges\/wp-json\/wp\/v2\/types\/post"}],"author":[{"embeddable":true,"href":"https:\/\/www.unifr.ch\/alma-georges\/wp-json\/wp\/v2\/users\/18"}],"replies":[{"embeddable":true,"href":"https:\/\/www.unifr.ch\/alma-georges\/wp-json\/wp\/v2\/comments?post=1678"}],"version-history":[{"count":1,"href":"https:\/\/www.unifr.ch\/alma-georges\/wp-json\/wp\/v2\/posts\/1678\/revisions"}],"predecessor-version":[{"id":1954,"href":"https:\/\/www.unifr.ch\/alma-georges\/wp-json\/wp\/v2\/posts\/1678\/revisions\/1954"}],"wp:featuredmedia":[{"embeddable":true,"href":"https:\/\/www.unifr.ch\/alma-georges\/wp-json\/wp\/v2\/media\/1154"}],"wp:attachment":[{"href":"https:\/\/www.unifr.ch\/alma-georges\/wp-json\/wp\/v2\/media?parent=1678"}],"wp:term":[{"taxonomy":"category","embeddable":true,"href":"https:\/\/www.unifr.ch\/alma-georges\/wp-json\/wp\/v2\/categories?post=1678"},{"taxonomy":"post_tag","embeddable":true,"href":"https:\/\/www.unifr.ch\/alma-georges\/wp-json\/wp\/v2\/tags?post=1678"}],"curies":[{"name":"wp","href":"https:\/\/api.w.org\/{rel}","templated":true}]}}