{"id":16579,"date":"2022-10-03T09:51:01","date_gmt":"2022-10-03T08:51:01","guid":{"rendered":"https:\/\/www.unifr.ch\/alma-georges?p=16579"},"modified":"2022-10-10T07:23:01","modified_gmt":"2022-10-10T06:23:01","slug":"ca-va-saigner","status":"publish","type":"post","link":"https:\/\/www.unifr.ch\/alma-georges\/articles\/2022\/ca-va-saigner","title":{"rendered":"\u00c7a va saigner!"},"content":{"rendered":"<h4><strong>Belle r\u00e9ussite pour la premi\u00e8re \u00e9dition de collecte de sang de l&rsquo;Universit\u00e9 de Fribourg! 180 personnes ont retrouss\u00e9 leurs manches dans les couloirs de la Facult\u00e9 des SES. Le don de sang? Un geste simple mais qui peut sauver des vies! Retour en images sur deux journ\u00e9es de splendide solidarit\u00e9! <div class=\"clear\" style=\"height:20px\"><\/div><\/strong><\/h4>\n<p><iframe loading=\"lazy\" title=\"YouTube video player\" src=\"https:\/\/www.youtube.com\/embed\/bdZ_MNgsLTc\" width=\"560\" height=\"315\" frameborder=\"0\" allowfullscreen=\"allowfullscreen\"><\/iframe> <div class=\"clear\" style=\"height:20px\"><\/div>\n<span style=\"color: #ff6600;\">_________<\/span><\/p>\n<div class=\"clear\" style=\"height:20px\"><\/div>\n<ul>\n<li><a href=\"https:\/\/www.unifr.ch\/agef\/fr\/sengager\/culture-unikult.html\" target=\"_blank\" rel=\"noopener\">UniKult<\/a><\/li>\n<li>La prochaine collecte aura lieu le 23-24 f\u00e9vrier 2023.<\/li>\n<\/ul>\n","protected":false},"excerpt":{"rendered":"<p>Belle r\u00e9ussite pour la premi\u00e8re \u00e9dition de collecte de sang de l&rsquo;Universit\u00e9 de Fribourg! 180 personnes ont retrouss\u00e9 leurs manches dans les couloirs de la Facult\u00e9 des SES. Le don de sang? Un geste simple mais qui peut sauver des vies! Retour en images sur deux journ\u00e9es de splendide solidarit\u00e9! _________ UniKult La prochaine collecte aura lieu le 23-24 f\u00e9vrier 2023.<\/p>\n","protected":false},"author":13,"featured_media":16585,"comment_status":"open","ping_status":"closed","sticky":true,"template":"","format":"standard","meta":{"footnotes":""},"categories":[85,75],"tags":[1450,1159,1451],"_links":{"self":[{"href":"https:\/\/www.unifr.ch\/alma-georges\/wp-json\/wp\/v2\/posts\/16579"}],"collection":[{"href":"https:\/\/www.unifr.ch\/alma-georges\/wp-json\/wp\/v2\/posts"}],"about":[{"href":"https:\/\/www.unifr.ch\/alma-georges\/wp-json\/wp\/v2\/types\/post"}],"author":[{"embeddable":true,"href":"https:\/\/www.unifr.ch\/alma-georges\/wp-json\/wp\/v2\/users\/13"}],"replies":[{"embeddable":true,"href":"https:\/\/www.unifr.ch\/alma-georges\/wp-json\/wp\/v2\/comments?post=16579"}],"version-history":[{"count":7,"href":"https:\/\/www.unifr.ch\/alma-georges\/wp-json\/wp\/v2\/posts\/16579\/revisions"}],"predecessor-version":[{"id":16639,"href":"https:\/\/www.unifr.ch\/alma-georges\/wp-json\/wp\/v2\/posts\/16579\/revisions\/16639"}],"wp:featuredmedia":[{"embeddable":true,"href":"https:\/\/www.unifr.ch\/alma-georges\/wp-json\/wp\/v2\/media\/16585"}],"wp:attachment":[{"href":"https:\/\/www.unifr.ch\/alma-georges\/wp-json\/wp\/v2\/media?parent=16579"}],"wp:term":[{"taxonomy":"category","embeddable":true,"href":"https:\/\/www.unifr.ch\/alma-georges\/wp-json\/wp\/v2\/categories?post=16579"},{"taxonomy":"post_tag","embeddable":true,"href":"https:\/\/www.unifr.ch\/alma-georges\/wp-json\/wp\/v2\/tags?post=16579"}],"curies":[{"name":"wp","href":"https:\/\/api.w.org\/{rel}","templated":true}]}}