{"id":16528,"date":"2022-09-28T11:53:50","date_gmt":"2022-09-28T10:53:50","guid":{"rendered":"https:\/\/www.unifr.ch\/alma-georges?p=16528"},"modified":"2022-09-28T11:53:50","modified_gmt":"2022-09-28T10:53:50","slug":"und-was-machen-sie-die-1001-berufe-der-unifr-2","status":"publish","type":"post","link":"https:\/\/www.unifr.ch\/alma-georges\/articles\/2022\/und-was-machen-sie-die-1001-berufe-der-unifr-2","title":{"rendered":"Und was machen Sie? \u2013 Die 1001 Berufe der Unifr #2"},"content":{"rendered":"<h4><strong>Kennen Sie den Beruf der Person, die Ihnen gerade im Flur begegnet ist (oder in diesem Fall in der Sporthalle)? Unsere Universit\u00e4t ist eine wahre Schatzkiste voller Wissen und K\u00f6nnen. In dieser Serie nehmen wir Sie mit auf eine Entdeckungsreise zu den Menschen und Berufen, die unsere Institution t\u00e4glich am Leben erhalten. In dieser zweiten Episode erz\u00e4hlt uns Fabian Binggeli, Direktor der Dienststelle Universit\u00e4tssport, wie seine pers\u00f6nliche Unifr aussieht.<\/strong><\/h4>\n<div class=\"clear\" style=\"height:20px\"><\/div>\n<p><strong>Fabian Binggeli, erz\u00e4hlen Sie \u00fcber sich!<br \/>\n<\/strong>Fabian Binggeli, aufgewachsen und wohnhaft an der S\u00fcdk\u00fcste des Murtensees. Verheiratet mit einer Engadinerin. Zusammen haben wir zwei Kinder (7 und 9 Jahre). Gerne verbringe ich die Zeit mit meiner Familie und mit Freunden, meistens draussen und in Bewegung. \ud83d\ude09<\/p>\n<p>Nach dem Gymi (Coll\u00e9ge Gambach) verbrachte ich drei Jahre im Tessin und absolvierte die Selektion und Ausbildung zum Fallschirmaufkl\u00e4rer Offizier &#8211; wo ich noch heute aktiv meine Diensttage leiste. Danach folgte mein Studium an der ETH Z\u00fcrich als Turn-und Sportlehrer mit den Komplement\u00e4rstudieng\u00e4ngen <em>Training and Coaching<\/em> sowie <em>Sport-und Eventmanagement<\/em>. Ebenfalls absolvierte ich zu dieser Zeit meine Ausbildung als Ski- und Snowboardlehrer. Nach dem Studium verbrachte ich ein Jahr in Neuseeland, wo ich als Fallschirm-\/Tandem-Instruktor arbeitete. Danach folgten einige Jahre mit Saisonjobs und Teilzeitanstellungen. Das heisst, im Winter arbeitete ich jeweils als Schneesportlehrer und Verantwortlicher der Snowboardabteilung der Schweizer Schneesportschule in Zuoz. In der Zwischensaison war ich in verschiedenen Schulen als Sportlehrer und Lehrer t\u00e4tig und w\u00e4hrend des Sommers arbeitete ich als Fallschirm-Instruktor. Dieses Arbeitsmuster verfolgte ich w\u00e4hrend ca. neun Jahren, bis ich eines Tages das Angebot des Unisports Freiburg sah, der Rest ist Geschichte \u2026<\/p>\n<div class=\"clear\" style=\"height:20px\"><\/div>\n<div id=\"attachment_16531\" style=\"width: 289px\" class=\"wp-caption alignnone\"><a href=\"https:\/\/www.unifr.ch\/alma-georges\/wp-content\/uploads\/2022\/09\/Fabian.png\"><img aria-describedby=\"caption-attachment-16531\" decoding=\"async\" loading=\"lazy\" class=\"wp-image-16531\" src=\"https:\/\/www.unifr.ch\/alma-georges\/wp-content\/uploads\/2022\/09\/Fabian.png\" alt=\"\" width=\"279\" height=\"371\" srcset=\"https:\/\/www.unifr.ch\/alma-georges\/wp-content\/uploads\/2022\/09\/Fabian.png 381w, https:\/\/www.unifr.ch\/alma-georges\/wp-content\/uploads\/2022\/09\/Fabian-226x300.png 226w\" sizes=\"(max-width: 279px) 100vw, 279px\" \/><\/a><p id=\"caption-attachment-16531\" class=\"wp-caption-text\">Fabian Binggeli<\/p><\/div>\n<div class=\"clear\" style=\"height:20px\"><\/div>\n<p><strong>Und was ist jetzt Ihr Beruf an der Unifr?<br \/>\n<\/strong>Direktor der Dienststelle Universit\u00e4tssport, welche ich zusammen mit Marcel Lanzilao als Co- Direktor leite.<\/p>\n<p><strong>Wie sieht Ihr Tagesablauf aus?<br \/>\n<\/strong>Immer anders, immer abwechslungsreich und immer sehr kurzweilig \u2026 Im Grundsatz beinhaltet es die Organisation und F\u00fchrung des Unisports und dem Kernteam von zehn Personen in den Bereichen Sport, Administration &amp; Organisation und den ca. 140 Trainingsleitenden, welche jede Woche 150 Trainings in \u00fcber 80 verschiedenen Sportarten erteilen. Dazu kommt die enge Zusammenarbeit mit der Verwaltungsdirektion der Universit\u00e4t, wo die strukturelle und strategische Planung unserer Dienststelle im Vordergrund steht.<\/p>\n<p><strong>An einer Universit\u00e4t zu arbeiten, ist eine ganz besondere Atmosph\u00e4re. Was gef\u00e4llt Ihnen am besten\/am wenigsten?<br \/>\n<\/strong>Ich mag die Energie der Angestellten und Studierenden, die gute Zusammenarbeit mit der Direktion der Uni sowie mit den anderen Dienststellen. Auch die Dankbarkeit und die Wertsch\u00e4tzung welche uns t\u00e4glich von unserer Kundschaft entgegengebracht wird, ist eine Bereicherung und Motivation, den Unisport immer noch besser zu machen. Am wenigsten gef\u00e4llt mir, dass die Universit\u00e4t Freiburg keine eigene Dreifachturnhalle besitzt \u2026<\/p>\n<p><strong>Gibt es Vorteile, die Sie gerne nutzen (z. B. Sportkurse)?<br \/>\n<\/strong>Es gibt viele Vorteile an der Universit\u00e4t Freiburg. Die kulturelle Vielfalt, die Mehrsprachigkeit, die angenehme und \u00fcberschaubare Gr\u00f6sse und wie die Uni im Kanton und vor allem in der Stadt Freiburg verankert, verteilt und pr\u00e4sent ist. Nat\u00fcrlich geniesse ich auch das Sportangebot, die Cafeterias sowie die Mensas \u2013 schon fr\u00fch lernte ich: \u00abOhne Mampf kein Kampf!\u00bb<\/p>\n<p><strong>Wenn Sie einer Person raten m\u00fcssten, sich an der Unifr zu bewerben, was w\u00fcrden Sie ihr sagen?<br \/>\n<\/strong>Die Uni Freiburg bietet eine Vielzahl von M\u00f6glichkeiten in verschiedenen Berufsfeldern. Da ist f\u00fcr diverse Fertigkeiten und Talente Arbeit vorhanden. Mein Rat: Folge deinem Herzen und lebe deine Leidenschaft, wenn du dich f\u00fcr eine Arbeit bewirbst, suche etwas, das dir prim\u00e4r Freude bereitet. Die Uni kann dir all das bieten, aber du musst deinen Teil dazu beitragen.<\/p>\n<p>Investiere gen\u00fcgend Zeit in das Zwischenmenschliche am Arbeitsplatz \u2013 ein gutes Team funktioniert weitaus besser als gute Individualisten \u2013 das kennt jeder Trainer im Mannschaftssport.<\/p>\n<p><strong>Was ist Ihr Lieblingsort?<br \/>\n<\/strong>Den geografischen Aspekt finde ich bei dieser Frage weniger zentral, f\u00fcr mich wird ein Ort zum Lieblingsort, wenn ich diesen mit Leuten teilen kann, welche mir viel bedeuten. Die daraus resultierenden gemeinsamen Erlebnisse machen diese Orte dann unvergesslich und zu Lieblingspl\u00e4tze. Grunds\u00e4tzlich bewege ich mich gerne im Wasser, in den Bergen und in der Luft.<\/p>\n<p>An der Universit\u00e4t Freiburg mag ich die Sporthalle Mis\u00e9ricorde.<\/p>\n<div class=\"clear\" style=\"height:20px\"><\/div>\n<div id=\"attachment_16532\" style=\"width: 546px\" class=\"wp-caption alignnone\"><a href=\"https:\/\/www.unifr.ch\/alma-georges\/wp-content\/uploads\/2022\/09\/Snowboard.png\"><img aria-describedby=\"caption-attachment-16532\" decoding=\"async\" loading=\"lazy\" class=\"wp-image-16532\" src=\"https:\/\/www.unifr.ch\/alma-georges\/wp-content\/uploads\/2022\/09\/Snowboard.png\" alt=\"\" width=\"536\" height=\"358\" srcset=\"https:\/\/www.unifr.ch\/alma-georges\/wp-content\/uploads\/2022\/09\/Snowboard.png 945w, https:\/\/www.unifr.ch\/alma-georges\/wp-content\/uploads\/2022\/09\/Snowboard-300x200.png 300w, https:\/\/www.unifr.ch\/alma-georges\/wp-content\/uploads\/2022\/09\/Snowboard-768x513.png 768w\" sizes=\"(max-width: 536px) 100vw, 536px\" \/><\/a><p id=\"caption-attachment-16532\" class=\"wp-caption-text\">Ein Teil des Schneesport-Teams des Unisports Freiburg<\/p><\/div>\n<div class=\"clear\" style=\"height:20px\"><\/div>\n<p><strong>Was ist Ihr Lieblingswerkzeug, Ihr Arbeitsinstrument?<br \/>\n<\/strong>Das Team des Unisports Freiburg bestehend aus ca. 150 Leuten ist definitiv mein Lieblingswerkzeug mit unz\u00e4hlig vielen F\u00e4higkeiten und Anwendungsbereichen \u2026<\/p>\n<div class=\"clear\" style=\"height:20px\"><\/div>\n<div id=\"attachment_16533\" style=\"width: 546px\" class=\"wp-caption alignnone\"><a href=\"https:\/\/www.unifr.ch\/alma-georges\/wp-content\/uploads\/2022\/09\/Kernteam-Unisport.png\"><img aria-describedby=\"caption-attachment-16533\" decoding=\"async\" loading=\"lazy\" class=\"wp-image-16533\" src=\"https:\/\/www.unifr.ch\/alma-georges\/wp-content\/uploads\/2022\/09\/Kernteam-Unisport.png\" alt=\"\" width=\"536\" height=\"358\" srcset=\"https:\/\/www.unifr.ch\/alma-georges\/wp-content\/uploads\/2022\/09\/Kernteam-Unisport.png 945w, https:\/\/www.unifr.ch\/alma-georges\/wp-content\/uploads\/2022\/09\/Kernteam-Unisport-300x200.png 300w, https:\/\/www.unifr.ch\/alma-georges\/wp-content\/uploads\/2022\/09\/Kernteam-Unisport-768x513.png 768w\" sizes=\"(max-width: 536px) 100vw, 536px\" \/><\/a><p id=\"caption-attachment-16533\" class=\"wp-caption-text\">Das Kernteam des Universit\u00e4tssports Freiburg<\/p><\/div>\n<div class=\"clear\" style=\"height:20px\"><\/div>\n<p><strong>Erz\u00e4hlen Sie uns eine typische\/lustige\/ber\u00fchrende Anekdote \u00fcber Ihre Arbeit.<br \/>\n<\/strong>Die zufriedenen Gesichter, die strahlenden Augen und die gemeinsamen Erlebnisse mit den Arbeitskollegen, Studierenden und Arbeitnehmenden nach einem gemeinsamen Tag im Schnee, auf dem Wasser oder in der Sporthalle ber\u00fchren mich jeden Tag aufs Neue, machen mich dem\u00fctig und geben mir extrem viel Inspiration und Energie, um meine Arbeit t\u00e4glich aufs Neue zu hinterfragen und dadurch besser zu machen. So sehe ich meine T\u00e4tigkeit beim Unisport definitiv als Berufung und nicht als Beruf \u2026<\/p>\n<p><strong>Was ist Ihrer Meinung nach ein_e gute_r Arbeitgeber_in?<br \/>\n<\/strong>Wenn ich Unterst\u00fctzung, Sicherheit und Vertrauen erhalte, so dass ich meine St\u00e4rken einsetzen kann, um mein gesamten Potential auszusch\u00f6pfen.<\/p>\n<div class=\"clear\" style=\"height:20px\"><\/div>\n<div style=\"background-color: orange; font-size: 100%; padding: 1em;\"><strong>Die Unifr unter den besten Arbeitgeberinnen der Schweiz<\/strong><br \/>\nJedes Jahr erstellen <em>Le Temps<\/em> und die<em> Handelszeitung<\/em>\u00a0gemeinsam mit der Statistikorganisation <em>Statista<\/em> eine Rangliste der <a href=\"https:\/\/www.letemps.ch\/economie\/meilleurs-employeurs-2022-lautonomie-confiance-saluee-salaries\" target=\"_blank\" rel=\"noopener\"><strong>besten Arbeitgeber_innen der Schweiz<\/strong><\/a>. Das obligatorische Home Office, die Bew\u00e4ltigung der damit verbundenen Folgen sowie die Anpassung an eine neue Situation, die unter anderem aus dem Wunsch der Mitarbeitenden besteht, ihre Zeit und ihren Arbeitsort flexibler und autonomer zu gestalten, stellen eine grosse Herausforderung f\u00fcr Unternehmen und Institutionen dar \u2013 so die beiden Medien. F\u00fcr das Ranking der besten Arbeitgeber_innen 2022 wurden \u00fcber 1&rsquo;500 Arbeitgeber_innen mit mindestens 200 Mitarbeitenden ermittelt. Die Universit\u00e4t Freiburg mit ihren 2&rsquo;500 Angestellten belegt Platz 177 in der Gesamtrangliste und Platz 17 in der Kategorie Bildung und Forschung.<\/div>\n<div><div class=\"clear\" style=\"height:20px\"><\/div><\/div>\n<div><span style=\"color: #ff6600;\">_____<\/span><br \/>\n<div class=\"clear\" style=\"height:20px\"><\/div><\/div>\n<ul>\n<li><a href=\"https:\/\/www.unifr.ch\/sportuni\/de\/dienststelle\/portrait.html\">Webseite<\/a> der Dienststelle Universit\u00e4tssport (DSUS)<\/li>\n<li><a href=\"https:\/\/www.unifr.ch\/sportuni\/de\/dienststelle\/team.html\">Team<\/a> der Dienststelle Universit\u00e4tssport (DSUS)<\/li>\n<li>Dieses <a href=\"https:\/\/www.unifr.ch\/alma-georges\/articles\/2022\/et-vous-vous-faites-quoi-les-1001-metiers-de-lunifr-1?lang=de\">Portrait<\/a> aus unserer Serie k\u00f6nnte Sie auch interessieren!<\/li>\n<\/ul>\n<div class=\"clear\" style=\"height:20px\"><\/div>\n","protected":false},"excerpt":{"rendered":"<p>Kennen Sie den Beruf der Person, die Ihnen gerade im Flur begegnet ist (oder in diesem Fall in der Sporthalle)? Unsere Universit\u00e4t ist eine wahre Schatzkiste voller Wissen und K\u00f6nnen. In dieser Serie nehmen wir Sie mit auf eine Entdeckungsreise zu den Menschen und Berufen, die unsere Institution t\u00e4glich am Leben erhalten. In dieser zweiten Episode erz\u00e4hlt uns Fabian Binggeli, Direktor der Dienststelle Universit\u00e4tssport, wie seine pers\u00f6nliche Unifr aussieht. Fabian Binggeli, erz\u00e4hlen Sie \u00fcber sich! Fabian Binggeli, aufgewachsen und wohnhaft an der S\u00fcdk\u00fcste des Murtensees. Verheiratet mit einer Engadinerin. Zusammen haben wir zwei Kinder (7 und 9 Jahre). Gerne verbringe<\/p>\n","protected":false},"author":48,"featured_media":16535,"comment_status":"open","ping_status":"closed","sticky":true,"template":"","format":"standard","meta":{"footnotes":""},"categories":[87,75],"tags":[292,783,1090],"_links":{"self":[{"href":"https:\/\/www.unifr.ch\/alma-georges\/wp-json\/wp\/v2\/posts\/16528"}],"collection":[{"href":"https:\/\/www.unifr.ch\/alma-georges\/wp-json\/wp\/v2\/posts"}],"about":[{"href":"https:\/\/www.unifr.ch\/alma-georges\/wp-json\/wp\/v2\/types\/post"}],"author":[{"embeddable":true,"href":"https:\/\/www.unifr.ch\/alma-georges\/wp-json\/wp\/v2\/users\/48"}],"replies":[{"embeddable":true,"href":"https:\/\/www.unifr.ch\/alma-georges\/wp-json\/wp\/v2\/comments?post=16528"}],"version-history":[{"count":3,"href":"https:\/\/www.unifr.ch\/alma-georges\/wp-json\/wp\/v2\/posts\/16528\/revisions"}],"predecessor-version":[{"id":16534,"href":"https:\/\/www.unifr.ch\/alma-georges\/wp-json\/wp\/v2\/posts\/16528\/revisions\/16534"}],"wp:featuredmedia":[{"embeddable":true,"href":"https:\/\/www.unifr.ch\/alma-georges\/wp-json\/wp\/v2\/media\/16535"}],"wp:attachment":[{"href":"https:\/\/www.unifr.ch\/alma-georges\/wp-json\/wp\/v2\/media?parent=16528"}],"wp:term":[{"taxonomy":"category","embeddable":true,"href":"https:\/\/www.unifr.ch\/alma-georges\/wp-json\/wp\/v2\/categories?post=16528"},{"taxonomy":"post_tag","embeddable":true,"href":"https:\/\/www.unifr.ch\/alma-georges\/wp-json\/wp\/v2\/tags?post=16528"}],"curies":[{"name":"wp","href":"https:\/\/api.w.org\/{rel}","templated":true}]}}