{"id":14858,"date":"2021-11-29T09:43:22","date_gmt":"2021-11-29T08:43:22","guid":{"rendered":"https:\/\/www.unifr.ch\/alma-georges?p=14858"},"modified":"2021-11-29T09:47:28","modified_gmt":"2021-11-29T08:47:28","slug":"meilenstein-fur-den-rechtsschutz-im-asylbereich","status":"publish","type":"post","link":"https:\/\/www.unifr.ch\/alma-georges\/articles\/2021\/meilenstein-fur-den-rechtsschutz-im-asylbereich","title":{"rendered":"Meilenstein f\u00fcr den Rechtsschutz im Asylbereich"},"content":{"rendered":"<h4><strong>Die Rechtswissenschaftliche Fakult\u00e4t hat Mario Gattiker, Staatssekret\u00e4r des neuen Staatssekretariats f\u00fcr Migration, aufgrund seiner grossen Expertise im Migrationsrecht ausgezeichnet. Er gestaltete grundlegende Konzepte mit wie z.B. die im Rahmen der Neustrukturierung des Asylverfahrens eingef\u00fchrte unentgeltliche Rechtsvertretung f\u00fcr Asylsuchende, welche einen Meilenstein f\u00fcr den Rechtsschutz im Asylbereich darstellt. <div class=\"clear\" style=\"height:20px\"><\/div><\/strong><\/h4>\n<p><iframe loading=\"lazy\" title=\"YouTube video player\" src=\"https:\/\/www.youtube.com\/embed\/laVtO-waMjY\" width=\"560\" height=\"315\" frameborder=\"0\" allowfullscreen=\"allowfullscreen\"><\/iframe><\/p>\n<div class=\"clear\" style=\"height:20px\"><\/div>\n_________<br \/>\n<div class=\"clear\" style=\"height:20px\"><\/div>\n<ul>\n<li><strong>Copyright image de une:<\/strong> St\u00e9phane Schmutz \/ <a href=\"http:\/\/www.stemutz.com\" target=\"_blank\" rel=\"noopener\">www.stemutz.com<\/a><\/li>\n<li><a href=\"https:\/\/events.unifr.ch\/dies\/fr\/\" target=\"_blank\" rel=\"noopener\">Site<\/a> du Dies academicus<\/li>\n<li><a href=\"https:\/\/agenda.unifr.ch\/e\/fr\/10534\/\" target=\"_blank\" rel=\"noopener\">Conf\u00e9rence de Mario Gattiker<\/a><\/li>\n<\/ul>\n<div class=\"clear\" style=\"height:20px\"><\/div>\n<div class=\"clear\" style=\"height:20px\"><\/div>\n<p><span style=\"color: #ff6600;\">\u00a0<\/span><\/p>\n<p>&nbsp;<\/p>\n","protected":false},"excerpt":{"rendered":"<p>Die Rechtswissenschaftliche Fakult\u00e4t hat Mario Gattiker, Staatssekret\u00e4r des neuen Staatssekretariats f\u00fcr Migration, aufgrund seiner grossen Expertise im Migrationsrecht ausgezeichnet. Er gestaltete grundlegende Konzepte mit wie z.B. die im Rahmen der Neustrukturierung des Asylverfahrens eingef\u00fchrte unentgeltliche Rechtsvertretung f\u00fcr Asylsuchende, welche einen Meilenstein f\u00fcr den Rechtsschutz im Asylbereich darstellt. _________ Copyright image de une: St\u00e9phane Schmutz \/ www.stemutz.com Site du Dies academicus Conf\u00e9rence de Mario Gattiker \u00a0 &nbsp;<\/p>\n","protected":false},"author":13,"featured_media":14864,"comment_status":"open","ping_status":"closed","sticky":true,"template":"","format":"standard","meta":{"footnotes":""},"categories":[85,75],"tags":[198,216,1308],"_links":{"self":[{"href":"https:\/\/www.unifr.ch\/alma-georges\/wp-json\/wp\/v2\/posts\/14858"}],"collection":[{"href":"https:\/\/www.unifr.ch\/alma-georges\/wp-json\/wp\/v2\/posts"}],"about":[{"href":"https:\/\/www.unifr.ch\/alma-georges\/wp-json\/wp\/v2\/types\/post"}],"author":[{"embeddable":true,"href":"https:\/\/www.unifr.ch\/alma-georges\/wp-json\/wp\/v2\/users\/13"}],"replies":[{"embeddable":true,"href":"https:\/\/www.unifr.ch\/alma-georges\/wp-json\/wp\/v2\/comments?post=14858"}],"version-history":[{"count":4,"href":"https:\/\/www.unifr.ch\/alma-georges\/wp-json\/wp\/v2\/posts\/14858\/revisions"}],"predecessor-version":[{"id":14868,"href":"https:\/\/www.unifr.ch\/alma-georges\/wp-json\/wp\/v2\/posts\/14858\/revisions\/14868"}],"wp:featuredmedia":[{"embeddable":true,"href":"https:\/\/www.unifr.ch\/alma-georges\/wp-json\/wp\/v2\/media\/14864"}],"wp:attachment":[{"href":"https:\/\/www.unifr.ch\/alma-georges\/wp-json\/wp\/v2\/media?parent=14858"}],"wp:term":[{"taxonomy":"category","embeddable":true,"href":"https:\/\/www.unifr.ch\/alma-georges\/wp-json\/wp\/v2\/categories?post=14858"},{"taxonomy":"post_tag","embeddable":true,"href":"https:\/\/www.unifr.ch\/alma-georges\/wp-json\/wp\/v2\/tags?post=14858"}],"curies":[{"name":"wp","href":"https:\/\/api.w.org\/{rel}","templated":true}]}}