{"id":14318,"date":"2021-09-13T13:04:54","date_gmt":"2021-09-13T12:04:54","guid":{"rendered":"https:\/\/www.unifr.ch\/alma-georges?p=14318"},"modified":"2021-09-16T09:05:38","modified_gmt":"2021-09-16T08:05:38","slug":"__trashed-3","status":"publish","type":"post","link":"https:\/\/www.unifr.ch\/alma-georges\/articles\/2021\/__trashed-3","title":{"rendered":"\u00abElle pleurait de joie. Et nous aussi!\u00bb"},"content":{"rendered":"<h4><strong>Sarah, Laura et Justine, trois \u00e9tudiantes en p\u00e9dagogie sp\u00e9cialis\u00e9e, ont particip\u00e9 au premier <em>Camp Abilities<\/em> de Suisse, un week-end sportif pour enfants malvoyants et aveugles. Bien plus qu\u2019une exp\u00e9rience professionnelle, \u00e7a a \u00e9t\u00e9 pour elles une le\u00e7on de vie.\u00a0 <div class=\"clear\" style=\"height:20px\"><\/div><\/strong><\/h4>\n<p>A les entendre, on en ressort avec une conviction: Sarah, Laura et Justine ne se sont pas fourvoy\u00e9es en choisissant d\u2019\u00e9tudier la p\u00e9dagogie sp\u00e9cialis\u00e9e. Quel enthousiasme elles d\u00e9gagent! Bien que cela fasse plus de deux mois que le <em>Camp Abilities<\/em> de Lausanne a pris fin, elles ne peuvent en \u00e9voquer le souvenir sans des tr\u00e9molos dans la voix. \u00abUne des participantes a r\u00e9ussi \u00e0 escalader un mur de 10 m\u00e8tres. Elle pleurait de joie. Et nous aussi!\u00bb, confie Laura. C\u2019est certain: le week-end que nos \u00e9tudiantes ont pass\u00e9 \u00e0 Lausanne en compagnie de treize jeunes atteints de d\u00e9ficience visuelle restera \u00e0 jamais grav\u00e9 dans leur m\u00e9moire.<\/p>\n<div id=\"attachment_14327\" style=\"width: 211px\" class=\"wp-caption alignright\"><a href=\"https:\/\/www.unifr.ch\/alma-georges\/wp-content\/uploads\/2021\/09\/DSC_6220-rotated.jpeg\"><img aria-describedby=\"caption-attachment-14327\" decoding=\"async\" loading=\"lazy\" class=\"wp-image-14327 size-medium\" src=\"https:\/\/www.unifr.ch\/alma-georges\/wp-content\/uploads\/2021\/09\/DSC_6220-201x300.jpeg\" alt=\"\" width=\"201\" height=\"300\" srcset=\"https:\/\/www.unifr.ch\/alma-georges\/wp-content\/uploads\/2021\/09\/DSC_6220-201x300.jpeg 201w, https:\/\/www.unifr.ch\/alma-georges\/wp-content\/uploads\/2021\/09\/DSC_6220-rotated.jpeg 214w\" sizes=\"(max-width: 201px) 100vw, 201px\" \/><\/a><p id=\"caption-attachment-14327\" class=\"wp-caption-text\">Ces enfants malvoyants ou aveugles d\u00e9couvrent les joies de l&rsquo;escalade.<\/p><\/div>\n<p><strong>Sport et d\u00e9ficience visuelle<br \/>\n<\/strong>Il faut dire que la pratique du sport ne tend pas les bras aux pr\u00e8s de 120 enfants malvoyants ou aveugles de Suisse romande. Deux \u00e9l\u00e9ments ressortent tr\u00e8s clairement de la litt\u00e9rature scientifique concernant les enfants avec d\u00e9ficience visuelle et le sport.<br \/>\nTout d&rsquo;abord, en milieu scolaire, les enseignant\u00b7e\u00b7s d&rsquo;\u00e9ducation physique, faute de formation idoine, ne savent pas toujours comment int\u00e9grer les enfants malvoyants \u00e0 leur classe. \u00abCeux-ci se retrouvent souvent sur le banc ou alors cantonn\u00e9s \u00e0 des r\u00f4les secondaires quand on ne les dispense pas purement et simplement d&rsquo;activit\u00e9s sportives, sous pr\u00e9texte que, dans le fond, le sport n\u2019est pas si important\u00bb, d\u00e9plore Val\u00e9rie Caron, instigatrice du <em>Camp Abilities<\/em> en Suisse.<\/p>\n<p>En ce qui concerne le contexte extra-scolaire, le niveau d\u2019activit\u00e9 physique des enfants malvoyants s&rsquo;av\u00e8re inf\u00e9rieur \u00e0 celui des enfants voyants. M\u00eame si les chercheuses et chercheurs ne disposent pas d&rsquo;un tableau pr\u00e9cis pour la Suisse romande, il semblerait\u00a0 que l\u2019inclusion des enfants malvoyants dans le sport y rencontre certains obstacles. \u00abPlusieurs parents nous ont fait part de difficult\u00e9s, explique la Docteure Val\u00e9rie Caron,\u00a0 il peut par exemple s&rsquo;av\u00e9rer compliqu\u00e9 pour un enfant atteint de d\u00e9ficience visuelle d&rsquo;int\u00e9grer le club de football de son village.\u00bb<\/p>\n<p><strong>Les moyens manquent, pas l\u2019envie<br \/>\n<\/strong>D\u2019o\u00f9 l\u2019id\u00e9e de Val\u00e9rie Caron de cr\u00e9er un camp sportif, en Suisse, sp\u00e9cialement d\u00e9di\u00e9 aux enfants atteints de d\u00e9ficience visuelle: \u00abJ\u2019ai import\u00e9 en Suisse ce concept de <em>Camp Abilities<\/em>, qu\u2019a invent\u00e9 Lauren Lieberman en 1996 aux Etats-Unis. Il r\u00e9pond \u00e0 cet immense besoin des enfants ayant des probl\u00e8mes visuels de pratiquer des sports adapt\u00e9s \u00e0 leur handicap et d&rsquo;avoir une vie sociale en contexte extra-scolaire et extra-familial.\u00bb Disposant de peu de moyens, Val\u00e9rie Caron a pu compter sur l\u2019appui de<\/p>\n<div id=\"attachment_14339\" style=\"width: 310px\" class=\"wp-caption alignleft\"><a href=\"https:\/\/www.unifr.ch\/alma-georges\/wp-content\/uploads\/2021\/09\/DSC_6129-scaled.jpg\"><img aria-describedby=\"caption-attachment-14339\" decoding=\"async\" loading=\"lazy\" class=\"wp-image-14339 size-medium\" src=\"https:\/\/www.unifr.ch\/alma-georges\/wp-content\/uploads\/2021\/09\/DSC_6129-300x200.jpg\" alt=\"\" width=\"300\" height=\"200\" srcset=\"https:\/\/www.unifr.ch\/alma-georges\/wp-content\/uploads\/2021\/09\/DSC_6129-300x200.jpg 300w, https:\/\/www.unifr.ch\/alma-georges\/wp-content\/uploads\/2021\/09\/DSC_6129-1024x683.jpg 1024w, https:\/\/www.unifr.ch\/alma-georges\/wp-content\/uploads\/2021\/09\/DSC_6129-768x513.jpg 768w, https:\/\/www.unifr.ch\/alma-georges\/wp-content\/uploads\/2021\/09\/DSC_6129-1536x1025.jpg 1536w, https:\/\/www.unifr.ch\/alma-georges\/wp-content\/uploads\/2021\/09\/DSC_6129-2048x1367.jpg 2048w\" sizes=\"(max-width: 300px) 100vw, 300px\" \/><\/a><p id=\"caption-attachment-14339\" class=\"wp-caption-text\">Enfants et guides ont eu infiniment de plaisir durant le camp.<\/p><\/div>\n<p>ses trois \u00e9tudiantes, qui n\u2019ont pas l\u00e9sin\u00e9 sur l\u2019huile de coude: \u00abBien s\u00fbr, nous devons faire un stage pour obtenir des cr\u00e9dits, explique Sarah, mais ce n\u2019\u00e9tait pas notre motivation principale. Plut\u00f4t que de rejoindre un projet d\u00e9j\u00e0 sur les rails, nous sommes fi\u00e8res d\u2019avoir contribu\u00e9 \u00e0 cr\u00e9er un camp de toutes pi\u00e8ces et, on l\u2019esp\u00e8re, qui ne sera que le premier d\u2019une longue s\u00e9rie!\u00bb Elles ont ainsi choisi la voie ardue, car il leur a fallu trouver des fonds, recruter des entra\u00eeneurs et des guides. Tout sauf une sin\u00e9cure car, en Suisse, personne ne ma\u00eetrise \u00e0 la fois la probl\u00e9matique du handicap et la p\u00e9dagogie.<\/p>\n<div id=\"attachment_14325\" style=\"width: 211px\" class=\"wp-caption alignright\"><a href=\"https:\/\/www.unifr.ch\/alma-georges\/wp-content\/uploads\/2021\/09\/DSC_6090-rotated.jpeg\"><img aria-describedby=\"caption-attachment-14325\" decoding=\"async\" loading=\"lazy\" class=\"size-medium wp-image-14325\" src=\"https:\/\/www.unifr.ch\/alma-georges\/wp-content\/uploads\/2021\/09\/DSC_6090-201x300.jpeg\" alt=\"\" width=\"201\" height=\"300\" srcset=\"https:\/\/www.unifr.ch\/alma-georges\/wp-content\/uploads\/2021\/09\/DSC_6090-201x300.jpeg 201w, https:\/\/www.unifr.ch\/alma-georges\/wp-content\/uploads\/2021\/09\/DSC_6090-rotated.jpeg 214w\" sizes=\"(max-width: 201px) 100vw, 201px\" \/><\/a><p id=\"caption-attachment-14325\" class=\"wp-caption-text\">Les enfants atteints de d\u00e9ficience visuelle sont souvent priv\u00e9s d&rsquo;activit\u00e9s sportives.<\/p><\/div>\n<p>&nbsp;<\/p>\n<p>\u00abLe profil parfait n&rsquo;existe pas! A la Haute Ecole P\u00e9dagogique, on suit au mieux un cours sur le d\u00e9ficit visuel, avec un powerpoint agr\u00e9ment\u00e9 de quelques diapositives\u00bb, d\u00e9plore Sarah. Mais qu\u2019importe, quand on veut, on peut. Notre fine \u00e9quipe du D\u00e9partement de p\u00e9dagogie sp\u00e9cialis\u00e9e a fini par choisir une s\u00e9rie de sports &#8211; dont le judo, la natation, le yoga, l&rsquo;escalade et le football &#8211;\u00a0 et, surtout, d\u00e9cid\u00e9 de la meilleure mani\u00e8re de les adapter au degr\u00e9 de handicap de chaque participant\u00b7e. Le camp pouvait d\u00e9marrer!<\/p>\n<div id=\"attachment_14328\" style=\"width: 310px\" class=\"wp-caption alignleft\"><a href=\"https:\/\/www.unifr.ch\/alma-georges\/wp-content\/uploads\/2021\/09\/DSC_6301.jpeg\"><img aria-describedby=\"caption-attachment-14328\" decoding=\"async\" loading=\"lazy\" class=\"size-medium wp-image-14328\" src=\"https:\/\/www.unifr.ch\/alma-georges\/wp-content\/uploads\/2021\/09\/DSC_6301-300x201.jpeg\" alt=\"\" width=\"300\" height=\"201\" srcset=\"https:\/\/www.unifr.ch\/alma-georges\/wp-content\/uploads\/2021\/09\/DSC_6301-300x201.jpeg 300w, https:\/\/www.unifr.ch\/alma-georges\/wp-content\/uploads\/2021\/09\/DSC_6301.jpeg 320w\" sizes=\"(max-width: 300px) 100vw, 300px\" \/><\/a><p id=\"caption-attachment-14328\" class=\"wp-caption-text\">Treize enfants ont particip\u00e9 au premier Camp Abilities de Suisse.<\/p><\/div>\n<p><strong>Une exp\u00e9rience professionnelle et humaine<br \/>\n<\/strong>Les 15 et 16 juillet 2021, treize enfants sont venus \u00e0 Lausanne pour cette premi\u00e8re \u00e9dition suisse du <em>Camp Abilities<\/em>. Malgr\u00e9 toutes les r\u00e9flexions pr\u00e9alables, les \u00e9ducatrices sp\u00e9cialis\u00e9es en formation ont vite r\u00e9alis\u00e9 que rien ne valait la pratique: \u00abIl y a plein de petits d\u00e9tails qui n\u2019\u00e9taient pas parfaitement ma\u00eetris\u00e9s, conc\u00e8de Justine, comme au cours de judo o\u00f9 nous n\u2019avions pas plac\u00e9 les tapis au bon endroit.\u00bb C\u2019est en forgeant que l\u2019on devient forgeron! Mais ce qui a sans doute le plus marqu\u00e9 nos \u00e9tudiantes, c\u2019est l\u2019esprit d\u2019\u00e9quipe qui r\u00e9gnait durant ces deux jours de bonheur et de partage: \u00abTout le monde \u00e9tait tr\u00e8s motiv\u00e9, s\u2019enthousiasme Laura, tout le monde tirait \u00e0 la m\u00eame corde, enfants comme adultes!\u00bb Et Sarah de rench\u00e9rir: \u00ab M\u00eame au football, les gar\u00e7ons plus \u00e2g\u00e9s levaient le pied quand ils jouaient avec des plus petits. Durant tout le camp, il y a eu une vraie solidarit\u00e9 et beaucoup de bienveillance.\u00bb<br \/>\nVal\u00e9rie Caron et ses \u00e9tudiantes souhaitent absolument reconduire l\u2019exp\u00e9rience, afin d\u2019en faire profiter tous les enfants malvoyants et aveugles de Suisse romande. \u00abJ\u2019ai vraiment l\u2019impression que les enfants qui ont particip\u00e9 au camp vont faire fonctionner le bouche \u00e0 oreille\u00bb, conclut Justine.<\/p>\n<p><span style=\"color: #ff6600;\">_________<\/span><\/p>\n<ul>\n<li><a href=\"https:\/\/www3.unifr.ch\/directory\/fr\/unit\/239\/4c900\" target=\"_blank\" rel=\"noopener\">D\u00e9partement de p\u00e9dagogie sp\u00e9cialis\u00e9e<\/a><\/li>\n<li><a href=\"https:\/\/events.ophtalmique.ch\/evenement\/camp-abilities\/\" target=\"_blank\" rel=\"noopener\">Camp Abilities<\/a><\/li>\n<li>Ce projet, alliant la pratique universitaire avec les acteurs de terrain du Centre p\u00e9dagogie pour \u00e9l\u00e8ves handicap\u00e9s de la vue de Lausanne, a \u00e9t\u00e9 soutenu financi\u00e8rement par la Fondation Asile des Aveugles.<\/li>\n<\/ul>\n<p>L\u2019\u00e9quipe de Val\u00e9rie Caron sera pr\u00e9sente \u00e0 <a href=\"https:\/\/events.unifr.ch\/explora\/fr\/\" target=\"_blank\" rel=\"noopener\">Explora<\/a> avec un stand d\u2019informations et un atelier de c\u00e9cifoot.<\/p>\n<p>Photos: Fondation Asile des Aveugles<\/p>\n<p>&nbsp;<\/p>\n","protected":false},"excerpt":{"rendered":"<p>Sarah, Laura et Justine, trois \u00e9tudiantes en p\u00e9dagogie sp\u00e9cialis\u00e9e, ont particip\u00e9 au premier Camp Abilities de Suisse, un week-end sportif pour enfants malvoyants et aveugles. Bien plus qu\u2019une exp\u00e9rience professionnelle, \u00e7a a \u00e9t\u00e9 pour elles une le\u00e7on de vie.\u00a0 A les entendre, on en ressort avec une conviction: Sarah, Laura et Justine ne se sont pas fourvoy\u00e9es en choisissant d\u2019\u00e9tudier la p\u00e9dagogie sp\u00e9cialis\u00e9e. Quel enthousiasme elles d\u00e9gagent! Bien que cela fasse plus de deux mois que le Camp Abilities de Lausanne a pris fin, elles ne peuvent en \u00e9voquer le souvenir sans des tr\u00e9molos dans la voix. \u00abUne des participantes<\/p>\n","protected":false},"author":13,"featured_media":14330,"comment_status":"open","ping_status":"closed","sticky":true,"template":"","format":"standard","meta":{"footnotes":""},"categories":[82,75],"tags":[1228],"_links":{"self":[{"href":"https:\/\/www.unifr.ch\/alma-georges\/wp-json\/wp\/v2\/posts\/14318"}],"collection":[{"href":"https:\/\/www.unifr.ch\/alma-georges\/wp-json\/wp\/v2\/posts"}],"about":[{"href":"https:\/\/www.unifr.ch\/alma-georges\/wp-json\/wp\/v2\/types\/post"}],"author":[{"embeddable":true,"href":"https:\/\/www.unifr.ch\/alma-georges\/wp-json\/wp\/v2\/users\/13"}],"replies":[{"embeddable":true,"href":"https:\/\/www.unifr.ch\/alma-georges\/wp-json\/wp\/v2\/comments?post=14318"}],"version-history":[{"count":25,"href":"https:\/\/www.unifr.ch\/alma-georges\/wp-json\/wp\/v2\/posts\/14318\/revisions"}],"predecessor-version":[{"id":14361,"href":"https:\/\/www.unifr.ch\/alma-georges\/wp-json\/wp\/v2\/posts\/14318\/revisions\/14361"}],"wp:featuredmedia":[{"embeddable":true,"href":"https:\/\/www.unifr.ch\/alma-georges\/wp-json\/wp\/v2\/media\/14330"}],"wp:attachment":[{"href":"https:\/\/www.unifr.ch\/alma-georges\/wp-json\/wp\/v2\/media?parent=14318"}],"wp:term":[{"taxonomy":"category","embeddable":true,"href":"https:\/\/www.unifr.ch\/alma-georges\/wp-json\/wp\/v2\/categories?post=14318"},{"taxonomy":"post_tag","embeddable":true,"href":"https:\/\/www.unifr.ch\/alma-georges\/wp-json\/wp\/v2\/tags?post=14318"}],"curies":[{"name":"wp","href":"https:\/\/api.w.org\/{rel}","templated":true}]}}