{"id":1402,"date":"2015-11-10T11:08:08","date_gmt":"2015-11-10T10:08:08","guid":{"rendered":"http:\/\/www3.unifr.ch\/alma-georges\/?p=1402&#038;lang=de"},"modified":"2015-11-10T15:26:58","modified_gmt":"2015-11-10T14:26:58","slug":"presseschau","status":"publish","type":"post","link":"https:\/\/www.unifr.ch\/alma-georges\/articles\/2015\/presseschau?lang=de","title":{"rendered":"Presseschau 6. November 2015"},"content":{"rendered":"<h4>Ausz\u00fcge der Medienberichterstattung vom 29. Oktober bis 6. November.<\/h4>\n<div class=\"clear\" style=\"height:20px\"><\/div>\n<p><strong>\u00abLa phase de sommeil profond est la plus importante pour la m\u00e9moire, pour apprendre des mots, par exemple. Ce qu\u2019on a appris est r\u00e9activ\u00e9 durant le sommeil profond. Il faut vraiment apprendre quelque chose avant d\u2019aller dormir et ensuite on peut le r\u00e9p\u00e9ter durant le sommeil, ce qui va am\u00e9liorer la m\u00e9moire.\u00bb<\/strong><br \/>\nBj\u00f6rn Rasch, professeur au D\u00e9partement de psychologie, <a href=\"http:\/\/www.latele.ch\/play?i=56177\">La T\u00e9l\u00e9, l&rsquo;Acte en direct, 29.10.2015<\/a><\/p>\n<p><strong>\u00abNous avons toujours eu une tradition humaniste tr\u00e8s d\u00e9velopp\u00e9e. C&rsquo;est une sp\u00e9cificit\u00e9 fribourgeoise que l&rsquo;on sent beaucoup moins dans d&rsquo;autres cantons. L&rsquo;enseignement de ces langues antiques reste un point fort de l&rsquo;enseignement du Canton de Fribourg. On peut m\u00eame dire que notre Canton est un bastion du latin et du grec en Suisse.\u00bb<\/strong><br \/>\nThomas Schmidt, vice-recteur et professeur au Domaine de philologie classique, \u00e0 propos de l&rsquo;avant-projet de r\u00e8glement d&rsquo;ex\u00e9cution de la loi scolaire abandonne le latin comme branche principale pour les \u00e9l\u00e8ves de pr\u00e9gymnasiale, La Libert\u00e9, 03.11.2015.<\/p>\n<p><strong>\u00abC\u2019est la question de la poule et de l\u2019\u0153uf. On a tendance \u00e0 demander\u00a0: est-ce que les pays f\u00e9d\u00e9raux sont riches parce qu\u2019ils sont f\u00e9d\u00e9raux ou est-ce qu\u2019ils sont f\u00e9d\u00e9raux parce qu\u2019ils sont riches\u00a0? En tout cas la constatation s\u2019impose, les f\u00e9d\u00e9rations font parties des pays les plus ais\u00e9s du monde.\u00bb<br \/>\n<\/strong>Nicolas Schmitt, collaborateur scientifique \u00e0 l&rsquo;Institut du f\u00e9d\u00e9ralisme, RTS, La Premi\u00e8re, <a href=\"http:\/\/www.rts.ch\/la-1ere\/programmes\/le-journal-du-matin\/7205564-presente-par-simon-matthey-doret-04-11-2015.html?f=player\/popup\" target=\"_blank\">Journal du matin<\/a>, 1h16 &#8211; 1h24, 04.11.2015<\/p>\n<p><strong>\u00abDie Frauen sind von den gleichen Thesen \u00fcberzeugt und der Meinung, dass der Jihad notwendig und obligatorisch ist.\u00bb<\/strong><br \/>\nG\u00e9raldine Casutt, assistante dipl\u00f4m\u00e9e au Domaine sciences des soci\u00e9t\u00e9s, des cultures et des religions, Basler Zeitung, 05.11.2015<\/p>\n<p>&nbsp;<\/p>\n<p>&nbsp;<\/p>\n","protected":false},"excerpt":{"rendered":"<p>Ausz\u00fcge der Medienberichterstattung vom 29. Oktober bis 6. November. \u00abLa phase de sommeil profond est la plus importante pour la m\u00e9moire, pour apprendre des mots, par exemple. Ce qu\u2019on a appris est r\u00e9activ\u00e9 durant le sommeil profond. Il faut vraiment apprendre quelque chose avant d\u2019aller dormir et ensuite on peut le r\u00e9p\u00e9ter durant le sommeil, ce qui va am\u00e9liorer la m\u00e9moire.\u00bb Bj\u00f6rn Rasch, professeur au D\u00e9partement de psychologie, La T\u00e9l\u00e9, l&rsquo;Acte en direct, 29.10.2015 \u00abNous avons toujours eu une tradition humaniste tr\u00e8s d\u00e9velopp\u00e9e. C&rsquo;est une sp\u00e9cificit\u00e9 fribourgeoise que l&rsquo;on sent beaucoup moins dans d&rsquo;autres cantons. L&rsquo;enseignement de ces langues antiques<\/p>\n","protected":false},"author":6,"featured_media":1423,"comment_status":"open","ping_status":"open","sticky":false,"template":"","format":"standard","meta":{"footnotes":""},"categories":[192],"tags":[],"_links":{"self":[{"href":"https:\/\/www.unifr.ch\/alma-georges\/wp-json\/wp\/v2\/posts\/1402"}],"collection":[{"href":"https:\/\/www.unifr.ch\/alma-georges\/wp-json\/wp\/v2\/posts"}],"about":[{"href":"https:\/\/www.unifr.ch\/alma-georges\/wp-json\/wp\/v2\/types\/post"}],"author":[{"embeddable":true,"href":"https:\/\/www.unifr.ch\/alma-georges\/wp-json\/wp\/v2\/users\/6"}],"replies":[{"embeddable":true,"href":"https:\/\/www.unifr.ch\/alma-georges\/wp-json\/wp\/v2\/comments?post=1402"}],"version-history":[{"count":1,"href":"https:\/\/www.unifr.ch\/alma-georges\/wp-json\/wp\/v2\/posts\/1402\/revisions"}],"predecessor-version":[{"id":1467,"href":"https:\/\/www.unifr.ch\/alma-georges\/wp-json\/wp\/v2\/posts\/1402\/revisions\/1467"}],"wp:featuredmedia":[{"embeddable":true,"href":"https:\/\/www.unifr.ch\/alma-georges\/wp-json\/wp\/v2\/media\/1423"}],"wp:attachment":[{"href":"https:\/\/www.unifr.ch\/alma-georges\/wp-json\/wp\/v2\/media?parent=1402"}],"wp:term":[{"taxonomy":"category","embeddable":true,"href":"https:\/\/www.unifr.ch\/alma-georges\/wp-json\/wp\/v2\/categories?post=1402"},{"taxonomy":"post_tag","embeddable":true,"href":"https:\/\/www.unifr.ch\/alma-georges\/wp-json\/wp\/v2\/tags?post=1402"}],"curies":[{"name":"wp","href":"https:\/\/api.w.org\/{rel}","templated":true}]}}