{"id":13972,"date":"2021-06-29T09:40:09","date_gmt":"2021-06-29T08:40:09","guid":{"rendered":"https:\/\/www.unifr.ch\/alma-georges?p=13972"},"modified":"2021-06-30T09:36:44","modified_gmt":"2021-06-30T08:36:44","slug":"bulles-de-sciences-3-les-troubles-du-spectre-autistique","status":"publish","type":"post","link":"https:\/\/www.unifr.ch\/alma-georges\/articles\/2021\/bulles-de-sciences-3-les-troubles-du-spectre-autistique","title":{"rendered":"Bulles de sciences #3 \u2013 Les troubles du spectre autistique"},"content":{"rendered":"<h4><strong>\u00abBulles de sciences\u00bb nous emm\u00e8ne \u00e0 la rencontre des gens qui font notre Universit\u00e9\u2026 en format BD! Ce troisi\u00e8me \u00e9pisode, vous entra\u00eene sur les traces de Nathalie Quartenoud, collaboratrice scientifique et sp\u00e9cialiste des troubles du spectre autistique.<\/strong><\/h4>\n<div class=\"clear\" style=\"height:20px\"><\/div>\n<a href=\"https:\/\/www.unifr.ch\/alma-georges\/wp-content\/uploads\/2021\/06\/Portrait-Nathalie-QM_001-scaled.jpg\"><img decoding=\"async\" loading=\"lazy\" class=\"alignnone wp-image-13976 size-full\" src=\"https:\/\/www.unifr.ch\/alma-georges\/wp-content\/uploads\/2021\/06\/Portrait-Nathalie-QM_001-scaled.jpg\" alt=\"\" width=\"711\" height=\"2560\" srcset=\"https:\/\/www.unifr.ch\/alma-georges\/wp-content\/uploads\/2021\/06\/Portrait-Nathalie-QM_001-scaled.jpg 711w, https:\/\/www.unifr.ch\/alma-georges\/wp-content\/uploads\/2021\/06\/Portrait-Nathalie-QM_001-83x300.jpg 83w, https:\/\/www.unifr.ch\/alma-georges\/wp-content\/uploads\/2021\/06\/Portrait-Nathalie-QM_001-284x1024.jpg 284w, https:\/\/www.unifr.ch\/alma-georges\/wp-content\/uploads\/2021\/06\/Portrait-Nathalie-QM_001-768x2765.jpg 768w, https:\/\/www.unifr.ch\/alma-georges\/wp-content\/uploads\/2021\/06\/Portrait-Nathalie-QM_001-427x1536.jpg 427w, https:\/\/www.unifr.ch\/alma-georges\/wp-content\/uploads\/2021\/06\/Portrait-Nathalie-QM_001-569x2048.jpg 569w\" sizes=\"(max-width: 711px) 100vw, 711px\" \/><\/a><a href=\"https:\/\/www.unifr.ch\/alma-georges\/wp-content\/uploads\/2021\/06\/Portrait-Nathalie-QM_002-scaled.jpg\"><img decoding=\"async\" loading=\"lazy\" class=\"alignnone wp-image-13973 size-full\" src=\"https:\/\/www.unifr.ch\/alma-georges\/wp-content\/uploads\/2021\/06\/Portrait-Nathalie-QM_002-scaled.jpg\" alt=\"\" width=\"711\" height=\"2560\" srcset=\"https:\/\/www.unifr.ch\/alma-georges\/wp-content\/uploads\/2021\/06\/Portrait-Nathalie-QM_002-scaled.jpg 711w, https:\/\/www.unifr.ch\/alma-georges\/wp-content\/uploads\/2021\/06\/Portrait-Nathalie-QM_002-83x300.jpg 83w, https:\/\/www.unifr.ch\/alma-georges\/wp-content\/uploads\/2021\/06\/Portrait-Nathalie-QM_002-284x1024.jpg 284w, https:\/\/www.unifr.ch\/alma-georges\/wp-content\/uploads\/2021\/06\/Portrait-Nathalie-QM_002-768x2765.jpg 768w, https:\/\/www.unifr.ch\/alma-georges\/wp-content\/uploads\/2021\/06\/Portrait-Nathalie-QM_002-427x1536.jpg 427w, https:\/\/www.unifr.ch\/alma-georges\/wp-content\/uploads\/2021\/06\/Portrait-Nathalie-QM_002-569x2048.jpg 569w\" sizes=\"(max-width: 711px) 100vw, 711px\" \/><\/a> <a href=\"https:\/\/www.unifr.ch\/alma-georges\/wp-content\/uploads\/2021\/06\/Portrait-Nathalie-QM_003-scaled.jpg\"><img decoding=\"async\" loading=\"lazy\" class=\"alignnone wp-image-13974 size-full\" src=\"https:\/\/www.unifr.ch\/alma-georges\/wp-content\/uploads\/2021\/06\/Portrait-Nathalie-QM_003-scaled.jpg\" alt=\"\" width=\"711\" height=\"2560\" srcset=\"https:\/\/www.unifr.ch\/alma-georges\/wp-content\/uploads\/2021\/06\/Portrait-Nathalie-QM_003-scaled.jpg 711w, https:\/\/www.unifr.ch\/alma-georges\/wp-content\/uploads\/2021\/06\/Portrait-Nathalie-QM_003-83x300.jpg 83w, https:\/\/www.unifr.ch\/alma-georges\/wp-content\/uploads\/2021\/06\/Portrait-Nathalie-QM_003-284x1024.jpg 284w, https:\/\/www.unifr.ch\/alma-georges\/wp-content\/uploads\/2021\/06\/Portrait-Nathalie-QM_003-768x2765.jpg 768w, https:\/\/www.unifr.ch\/alma-georges\/wp-content\/uploads\/2021\/06\/Portrait-Nathalie-QM_003-427x1536.jpg 427w, https:\/\/www.unifr.ch\/alma-georges\/wp-content\/uploads\/2021\/06\/Portrait-Nathalie-QM_003-569x2048.jpg 569w\" sizes=\"(max-width: 711px) 100vw, 711px\" \/><\/a><a href=\"https:\/\/www.unifr.ch\/alma-georges\/wp-content\/uploads\/2021\/06\/Portrait-Nathalie-QM_004-scaled.jpg\"><img decoding=\"async\" loading=\"lazy\" class=\"alignnone wp-image-13975 size-full\" src=\"https:\/\/www.unifr.ch\/alma-georges\/wp-content\/uploads\/2021\/06\/Portrait-Nathalie-QM_004-scaled.jpg\" alt=\"\" width=\"711\" height=\"2560\" srcset=\"https:\/\/www.unifr.ch\/alma-georges\/wp-content\/uploads\/2021\/06\/Portrait-Nathalie-QM_004-scaled.jpg 711w, https:\/\/www.unifr.ch\/alma-georges\/wp-content\/uploads\/2021\/06\/Portrait-Nathalie-QM_004-83x300.jpg 83w, https:\/\/www.unifr.ch\/alma-georges\/wp-content\/uploads\/2021\/06\/Portrait-Nathalie-QM_004-284x1024.jpg 284w, https:\/\/www.unifr.ch\/alma-georges\/wp-content\/uploads\/2021\/06\/Portrait-Nathalie-QM_004-768x2765.jpg 768w, https:\/\/www.unifr.ch\/alma-georges\/wp-content\/uploads\/2021\/06\/Portrait-Nathalie-QM_004-427x1536.jpg 427w, https:\/\/www.unifr.ch\/alma-georges\/wp-content\/uploads\/2021\/06\/Portrait-Nathalie-QM_004-569x2048.jpg 569w\" sizes=\"(max-width: 711px) 100vw, 711px\" \/><\/a><\/p>\n<div class=\"clear\" style=\"height:20px\"><\/div>\n<span style=\"color: #ff6600;\">__________<\/span><\/p>\n<div class=\"clear\" style=\"height:20px\"><\/div>\n<ul>\n<li><a href=\"https:\/\/www.unifr.ch\/spedu\/fr\/departement\/equipe\/klin\/people\/11340\/e568e\" target=\"_blank\" rel=\"noopener\">Nathalie Quartenoud<\/a> est collaboratrice scientifique au D\u00e9partement de p\u00e9dagogie sp\u00e9cialis\u00e9e.<\/li>\n<li>Le groupe de recherche Autism&amp;Uni vient de lancer <a href=\"https:\/\/autism.unifr.humantech.institute\/\" target=\"_blank\" rel=\"noopener\">une e-plateforme<\/a> de soutien aux \u00e9tudiant\u00b7e\u00b7s concern\u00e9s par le TSA, un projet encore unique en Suisse et inexistant en fran\u00e7ais.<\/li>\n<\/ul>\n<div class=\"clear\" style=\"height:20px\"><\/div>\n<div class=\"clear\" style=\"height:20px\"><\/div>\n<div class=\"clear\"><\/div>\n","protected":false},"excerpt":{"rendered":"<p>\u00abBulles de sciences\u00bb nous emm\u00e8ne \u00e0 la rencontre des gens qui font notre Universit\u00e9\u2026 en format BD! Ce troisi\u00e8me \u00e9pisode, vous entra\u00eene sur les traces de Nathalie Quartenoud, collaboratrice scientifique et sp\u00e9cialiste des troubles du spectre autistique. __________ Nathalie Quartenoud est collaboratrice scientifique au D\u00e9partement de p\u00e9dagogie sp\u00e9cialis\u00e9e. Le groupe de recherche Autism&amp;Uni vient de lancer une e-plateforme de soutien aux \u00e9tudiant\u00b7e\u00b7s concern\u00e9s par le TSA, un projet encore unique en Suisse et inexistant en fran\u00e7ais.<\/p>\n","protected":false},"author":64,"featured_media":13981,"comment_status":"open","ping_status":"closed","sticky":true,"template":"","format":"standard","meta":{"footnotes":""},"categories":[91,75],"tags":[128,252,1228],"_links":{"self":[{"href":"https:\/\/www.unifr.ch\/alma-georges\/wp-json\/wp\/v2\/posts\/13972"}],"collection":[{"href":"https:\/\/www.unifr.ch\/alma-georges\/wp-json\/wp\/v2\/posts"}],"about":[{"href":"https:\/\/www.unifr.ch\/alma-georges\/wp-json\/wp\/v2\/types\/post"}],"author":[{"embeddable":true,"href":"https:\/\/www.unifr.ch\/alma-georges\/wp-json\/wp\/v2\/users\/64"}],"replies":[{"embeddable":true,"href":"https:\/\/www.unifr.ch\/alma-georges\/wp-json\/wp\/v2\/comments?post=13972"}],"version-history":[{"count":3,"href":"https:\/\/www.unifr.ch\/alma-georges\/wp-json\/wp\/v2\/posts\/13972\/revisions"}],"predecessor-version":[{"id":13982,"href":"https:\/\/www.unifr.ch\/alma-georges\/wp-json\/wp\/v2\/posts\/13972\/revisions\/13982"}],"wp:featuredmedia":[{"embeddable":true,"href":"https:\/\/www.unifr.ch\/alma-georges\/wp-json\/wp\/v2\/media\/13981"}],"wp:attachment":[{"href":"https:\/\/www.unifr.ch\/alma-georges\/wp-json\/wp\/v2\/media?parent=13972"}],"wp:term":[{"taxonomy":"category","embeddable":true,"href":"https:\/\/www.unifr.ch\/alma-georges\/wp-json\/wp\/v2\/categories?post=13972"},{"taxonomy":"post_tag","embeddable":true,"href":"https:\/\/www.unifr.ch\/alma-georges\/wp-json\/wp\/v2\/tags?post=13972"}],"curies":[{"name":"wp","href":"https:\/\/api.w.org\/{rel}","templated":true}]}}