{"id":13858,"date":"2021-06-09T15:29:31","date_gmt":"2021-06-09T14:29:31","guid":{"rendered":"https:\/\/www.unifr.ch\/alma-georges?p=13858"},"modified":"2021-06-09T15:30:53","modified_gmt":"2021-06-09T14:30:53","slug":"serie-upside-down-diandra","status":"publish","type":"post","link":"https:\/\/www.unifr.ch\/alma-georges\/articles\/2021\/serie-upside-down-diandra","title":{"rendered":"S\u00e9rie Upside Down &#8211; Diandra"},"content":{"rendered":"<h4><strong>Depuis un an, nos vies sont sens dessus dessous. Comment avez-vous v\u00e9cu ces derniers mois? Diandra, elle, a bien r\u00e9sist\u00e9 \u00e0 la premi\u00e8re vague, mais a bu la tasse \u00e0 la seconde. Elle estime que les \u00e9tudiant\u00b7e<\/strong><strong>\u00b7<\/strong><strong>s paient un prix \u00e9lev\u00e9 pour un virus qui ne les affecte<\/strong><strong> que rarement.<br \/>\n<\/strong><\/h4>\n<div class=\"clear\" style=\"height:20px\"><\/div>\n<div id=\"attachment_13890\" style=\"width: 210px\" class=\"wp-caption alignleft\"><a href=\"https:\/\/www.unifr.ch\/alma-georges\/wp-content\/uploads\/2021\/06\/20210520_THD_1311-scaled.jpg\"><img aria-describedby=\"caption-attachment-13890\" decoding=\"async\" loading=\"lazy\" class=\"size-medium wp-image-13890\" src=\"https:\/\/www.unifr.ch\/alma-georges\/wp-content\/uploads\/2021\/06\/20210520_THD_1311-200x300.jpg\" alt=\"\" width=\"200\" height=\"300\" srcset=\"https:\/\/www.unifr.ch\/alma-georges\/wp-content\/uploads\/2021\/06\/20210520_THD_1311-200x300.jpg 200w, https:\/\/www.unifr.ch\/alma-georges\/wp-content\/uploads\/2021\/06\/20210520_THD_1311-683x1024.jpg 683w, https:\/\/www.unifr.ch\/alma-georges\/wp-content\/uploads\/2021\/06\/20210520_THD_1311-768x1152.jpg 768w, https:\/\/www.unifr.ch\/alma-georges\/wp-content\/uploads\/2021\/06\/20210520_THD_1311-1024x1536.jpg 1024w, https:\/\/www.unifr.ch\/alma-georges\/wp-content\/uploads\/2021\/06\/20210520_THD_1311-1366x2048.jpg 1366w, https:\/\/www.unifr.ch\/alma-georges\/wp-content\/uploads\/2021\/06\/20210520_THD_1311-scaled.jpg 1707w\" sizes=\"(max-width: 200px) 100vw, 200px\" \/><\/a><p id=\"caption-attachment-13890\" class=\"wp-caption-text\">Photo: Thomas Delley<\/p><\/div>\n<p><strong>Ton moral, il est plut\u00f4t au 18\u00e8me sous-sol ou proche du 7\u00e8me ciel?<br \/>\n<\/strong>Mon moral est au centre! Le confinement m\u2019a permis d\u2019avancer sur mon m\u00e9moire de Master, ainsi que de travailler depuis la maison, ce qui n\u2019a pas \u00e9t\u00e9 le cas pour tous les domaines. N\u00e9anmoins, apr\u00e8s l\u2019\u00e9t\u00e9 2020, je craignais toujours de retomber dans un deuxi\u00e8me confinement, qui a fini par arriver. Celui-l\u00e0 m\u2019a d\u00e9prim\u00e9 plus que le premier et j\u2019ai donc perdu pas mal de motivation. J\u2019\u00e9tais tr\u00e8s f\u00e2ch\u00e9e soit avec les autorit\u00e9s f\u00e9d\u00e9rales avec leur passivit\u00e9 et mauvaise gestion de la situation \u00e9pid\u00e9miologique, soit avec les gens en g\u00e9n\u00e9ral, qui s\u2019enfichaient de toute mesure pr\u00e9ventive. \u00c0 l\u2019heure actuelle, mon humeur s\u2019est am\u00e9lior\u00e9e un petit peu, mais il faut que je retrouve un peu de motivation et d&rsquo;envie de \u00abvivre comme avant\u00bb.<\/p>\n<p><strong>En tant qu&rsquo;\u00e9tudiant\u00b7e, le covid, c&rsquo;est nul parce que &#8230;<br \/>\n<\/strong>Je suis convaincue que le corps \u00e9tudiant n\u2019aurait pas d\u00fb \u00eatre sacrifi\u00e9 avec un d\u00e9placement total des cours en ligne. Comme il ne s\u2019agit pas d\u2019un groupe \u00e0 haut risque, je n\u2019ai pas trouv\u00e9 tr\u00e8s juste d&rsquo;interdire tout type de cours en pr\u00e9sentiel jusqu\u2019\u00e0 la fin d\u2019avril-d\u00e9but mai de cette ann\u00e9e. Limiter le nombre des \u00e9tudiant\u00b7e\u00b7s dans les salles et\/ou aux cours, d\u00e9placer en ligne les cours dispens\u00e9s par des professeur\u00b7e\u00b7s consid\u00e9r\u00e9\u00b7e\u00b7s \u00e0 risque, permettre le d\u00e9roulement de s\u00e9minaires avec de strictes mesures sanitaires auraient pu \u00eatre faisables. En tant qu\u2019\u00e9tudiant\u00b7e, la vie sur le campus est essentielle pour le contact social, les \u00e9changes, les groupes d\u2019\u00e9tudes, et tout cela est maintenant perdu. J\u2019ai particuli\u00e8rement peur pour le prochain semestre. Si la situation sanitaire devait s\u2019aggraver cet automne, devra-t-on de nouveau sacrifier notre parcours de formation, alors que seul un nombre restreint de personnes d\u00e9veloppent une forme grave d\u2019une maladie ?<\/p>\n<p><strong>Mais ne dit-on pas qu&rsquo;\u00e0 quelque chose malheur est bon? Mais \u00e0 quoi alors?<br \/>\n<\/strong>Je crois que la souffrance physique et psychique permettent de se r\u00e9inventer. Pour moi, la crise m&rsquo;a permis de retrouver mon esprit cr\u00e9atif et de d\u00e9velopper une routine hebdomadaire \u00abdomestique\u00bb. J\u2019ai eu \u00e9galement plus de temps \u00e0 disposition de mon copain et pour moi. Toutefois, j\u2019avoue que pour une partie des gens, en particulier les entrepreneurs et les restaurateurs, il s\u2019agit d\u2019une catastrophe du point de vue \u00e9conomique et moral. \u00c0 tous ces gens-l\u00e0, je souhaiterais dire qu\u2019il faut quand m\u00eame \u00eatre r\u00e9silients.<\/p>\n<div id=\"attachment_13891\" style=\"width: 310px\" class=\"wp-caption alignright\"><a href=\"https:\/\/www.unifr.ch\/alma-georges\/wp-content\/uploads\/2021\/06\/20210520_THD_1302-scaled.jpg\"><img aria-describedby=\"caption-attachment-13891\" decoding=\"async\" loading=\"lazy\" class=\"size-medium wp-image-13891\" src=\"https:\/\/www.unifr.ch\/alma-georges\/wp-content\/uploads\/2021\/06\/20210520_THD_1302-300x200.jpg\" alt=\"\" width=\"300\" height=\"200\" srcset=\"https:\/\/www.unifr.ch\/alma-georges\/wp-content\/uploads\/2021\/06\/20210520_THD_1302-300x200.jpg 300w, https:\/\/www.unifr.ch\/alma-georges\/wp-content\/uploads\/2021\/06\/20210520_THD_1302-1024x683.jpg 1024w, https:\/\/www.unifr.ch\/alma-georges\/wp-content\/uploads\/2021\/06\/20210520_THD_1302-768x512.jpg 768w, https:\/\/www.unifr.ch\/alma-georges\/wp-content\/uploads\/2021\/06\/20210520_THD_1302-1536x1024.jpg 1536w, https:\/\/www.unifr.ch\/alma-georges\/wp-content\/uploads\/2021\/06\/20210520_THD_1302-2048x1365.jpg 2048w\" sizes=\"(max-width: 300px) 100vw, 300px\" \/><\/a><p id=\"caption-attachment-13891\" class=\"wp-caption-text\">Photos: Thomas Delley<\/p><\/div>\n<p><strong>Dans 20 ans, tu te diras que 2020, c&rsquo;\u00e9tait &#8230;<br \/>\n<\/strong>C\u2019\u00e9tait un \u00abannus horribilis\u00bb au niveau du co\u00fbt des vies humaines et sur le plan \u00e9conomique. Le c\u00f4t\u00e9 positif a \u00e9t\u00e9 le fait que la nature s\u2019est un peu r\u00e9appropri\u00e9e ses espaces, m\u00eame si \u00e7a n&rsquo;a pas \u00e9t\u00e9 sur le long terme. J\u2019aimerais aussi rajouter comme l\u2019ann\u00e9e 2020 a finalement mis en \u00e9vidence la mauvaise coordination internationale en mati\u00e8re de sant\u00e9 et de communication.<\/p>\n<p><strong>Une anecdote positive li\u00e9e au covid?<br \/>\n<\/strong>Je n\u2019ai pas une anecdote particuli\u00e8re, mais plut\u00f4t un terme qui me vient \u00e0 l\u2019esprit \u00e0 chaque fois que je pense au premier confinement: qui\u00e9tude. Partout! Que ce soit chez moi, dans mon quartier, en ville, r\u00e9gnait un calme incroyable. Le bruit des v\u00e9hicules, de la foule, des f\u00eates organis\u00e9es dans les caf\u00e9s des environs ne m&rsquo;ont pas manqu\u00e9 du tout. Par ailleurs, les images transmises par les t\u00e9l\u00e9journaux montrant des animaux retournant en ville dans certaines m\u00e9tropoles m&rsquo;ont vraiment fait plaisir. Je me sentais dans mon environnement comme quand je rentre \u00e0 la maison apr\u00e8s une journ\u00e9e d\u2019\u00e9tude ou de travail. J&rsquo;aime m\u2019isoler de toute sources de nuisances d&rsquo;origine humaine (voix, bruits des travaux, transports, etc.)<\/p>\n<p><strong>Une anecdote n\u00e9gative li\u00e9e au covid?<br \/>\n<\/strong>\u00c7a ne concerne pas mes \u00e9tudes mais mes occupations en dehors de l\u2019universit\u00e9. Quand j\u2019ai entendu parler de la fermeture des \u00e9coles, j\u2019ai tout de suite pens\u00e9 aux ados auxquels je donnais des appuis en math, en allemand et en anglais. Je me suis dit: \u00ab\u00c7a va \u00eatre dur pour eux et pour tou\u00b7tes les autres \u00e9colier\u00b7\u00e8re\u00b7s qui ont d\u00e9j\u00e0 des difficult\u00e9s dans certaines mati\u00e8res\u00bb. J\u2019\u00e9tais donc plus inqui\u00e8te pour les autres que pour ma propre situation. Au d\u00e9but de l\u2019ann\u00e9e scolaire 2020-2021, j\u2019ai malheureusement pu constater que le \u00abrattrapage forc\u00e9\u00bb avait en effet frapp\u00e9 les \u00e9colier\u00b7\u00e8res les plus faibles et les moins autonomes.<\/p>\n<p><strong>Quand le covid sera termin\u00e9, tu marqueras le coup de quelle mani\u00e8re?<br \/>\n<\/strong>En esp\u00e9rant que la fin de la pand\u00e9mie co\u00efncide avec mon dipl\u00f4me, je me permettrai des vacances \u00e0 la mer, sans ordinateur ni pens\u00e9es li\u00e9es \u00e0 un quelconque certificat vaccinal (ce que je fais d\u00e9j\u00e0 \u00e0 l\u2019heure actuelle, au risque sinon de devenir folle).<\/p>\n<p><strong>PS: Vaccin ou pas vaccin?<br \/>\n<\/strong>En g\u00e9n\u00e9ral, je suis pour le vaccin, mais pas pour celui-ci. Je ne le trouve pas n\u00e9cessaire pour moi. Pour ma tranche d\u2019\u00e2ge, les risques se sont av\u00e9r\u00e9s tr\u00e8s bas. Si on attrape le Covid, on reste le plus souvent asymptomatique. Pourtant, j\u2019avoue qu\u2019il y a une minorit\u00e9 de mes pairs qui souffre du soi-disant \u00abCovid-long \u00bb. A mon avis, c\u2019est pareil que pour une op\u00e9ration chirurgicale ou apr\u00e8s \u00eatre gu\u00e9ri du cancer: il y a des effets secondaires et certaines personnes r\u00e9cup\u00e8rent plus vite que d&rsquo;autres en fonction de l\u2019\u00e2ge, de la condition physique ou d&rsquo;autres facteurs. D\u2019ailleurs, quand on vit, on prend des risques chaque jour: je pourrais \u00eatre renvers\u00e9e par un\u00b7e conducteur\u00b7trice demain. D\u00e8s lors, pourquoi m\u2019inqui\u00e9ter d\u2019une maladie que j\u2019ai de bonnes chances de surmonter ?<\/p>\n<div class=\"clear\" style=\"height:20px\"><\/div>\n<p><span style=\"color: #ff6600;\">__________<\/span><\/p>\n<div class=\"clear\" style=\"height:20px\"><\/div>\n<ul>\n<li>Nos vies sont sens dessus dessous depuis un an. Comment avez-vous v\u00e9cu ces derniers mois avec l&rsquo;enseignement \u00e0 distance? Sentez-vous les plafonds vous tomber sur la t\u00eate ou, en tant qu&rsquo;introverti, \u00eates-vous de celles et ceux qui savourent la situation? Comment gardez-vous le contact avec vos ami\u00b7e\u00b7s? Quels sont les d\u00e9fis auxquels vous \u00eates confront\u00e9\u00b7e\u00b7s? Que pensez-vous du vaccin? L\u2019Unifr vous donne la parole et vous \u00e9coute. Faites-vous tirer le portrait pour notre webzine \u00abAlma&amp;Georges\u00bb. Les photos, prises par un photographe professionnel, vous seront offertes. Nous nous r\u00e9jouissons de mettre ainsi en valeur la diversit\u00e9 de notre communaut\u00e9 universitaire. Ecrivez-nous \u00e0 socialmedia@unifr.ch, objet: Portrait AG.<\/li>\n<li><a href=\"https:\/\/www.thomasdelley.com\/\">Site<\/a> de Thomas Delley, photographe<\/li>\n<\/ul>\n<div class=\"clear\" style=\"height:20px\"><\/div>\n<p>&nbsp;<\/p>\n","protected":false},"excerpt":{"rendered":"<p>Depuis un an, nos vies sont sens dessus dessous. Comment avez-vous v\u00e9cu ces derniers mois? Diandra, elle, a bien r\u00e9sist\u00e9 \u00e0 la premi\u00e8re vague, mais a bu la tasse \u00e0 la seconde. Elle estime que les \u00e9tudiant\u00b7e\u00b7s paient un prix \u00e9lev\u00e9 pour un virus qui ne les affecte que rarement. Ton moral, il est plut\u00f4t au 18\u00e8me sous-sol ou proche du 7\u00e8me ciel? Mon moral est au centre! Le confinement m\u2019a permis d\u2019avancer sur mon m\u00e9moire de Master, ainsi que de travailler depuis la maison, ce qui n\u2019a pas \u00e9t\u00e9 le cas pour tous les domaines. N\u00e9anmoins, apr\u00e8s l\u2019\u00e9t\u00e9 2020,<\/p>\n","protected":false},"author":13,"featured_media":13894,"comment_status":"open","ping_status":"closed","sticky":true,"template":"","format":"standard","meta":{"footnotes":""},"categories":[75],"tags":[],"_links":{"self":[{"href":"https:\/\/www.unifr.ch\/alma-georges\/wp-json\/wp\/v2\/posts\/13858"}],"collection":[{"href":"https:\/\/www.unifr.ch\/alma-georges\/wp-json\/wp\/v2\/posts"}],"about":[{"href":"https:\/\/www.unifr.ch\/alma-georges\/wp-json\/wp\/v2\/types\/post"}],"author":[{"embeddable":true,"href":"https:\/\/www.unifr.ch\/alma-georges\/wp-json\/wp\/v2\/users\/13"}],"replies":[{"embeddable":true,"href":"https:\/\/www.unifr.ch\/alma-georges\/wp-json\/wp\/v2\/comments?post=13858"}],"version-history":[{"count":14,"href":"https:\/\/www.unifr.ch\/alma-georges\/wp-json\/wp\/v2\/posts\/13858\/revisions"}],"predecessor-version":[{"id":13902,"href":"https:\/\/www.unifr.ch\/alma-georges\/wp-json\/wp\/v2\/posts\/13858\/revisions\/13902"}],"wp:featuredmedia":[{"embeddable":true,"href":"https:\/\/www.unifr.ch\/alma-georges\/wp-json\/wp\/v2\/media\/13894"}],"wp:attachment":[{"href":"https:\/\/www.unifr.ch\/alma-georges\/wp-json\/wp\/v2\/media?parent=13858"}],"wp:term":[{"taxonomy":"category","embeddable":true,"href":"https:\/\/www.unifr.ch\/alma-georges\/wp-json\/wp\/v2\/categories?post=13858"},{"taxonomy":"post_tag","embeddable":true,"href":"https:\/\/www.unifr.ch\/alma-georges\/wp-json\/wp\/v2\/tags?post=13858"}],"curies":[{"name":"wp","href":"https:\/\/api.w.org\/{rel}","templated":true}]}}