{"id":13654,"date":"2021-05-04T12:46:56","date_gmt":"2021-05-04T11:46:56","guid":{"rendered":"https:\/\/www.unifr.ch\/alma-georges?p=13654"},"modified":"2021-05-06T10:38:40","modified_gmt":"2021-05-06T09:38:40","slug":"leloquence-cest-mettre-le-beau-au-service-du-rien","status":"publish","type":"post","link":"https:\/\/www.unifr.ch\/alma-georges\/articles\/2021\/leloquence-cest-mettre-le-beau-au-service-du-rien","title":{"rendered":"L&rsquo;\u00e9loquence, c&rsquo;est \u00abmettre le beau au service du rien\u00bb"},"content":{"rendered":"<h4><strong>Vincent Schicker est l&rsquo;un des deux finalistes fribourgeois qui repr\u00e9sentera l&rsquo;Unifr au concours d&rsquo;\u00e9loquence 2021, le 6 mai prochain \u00e0 Gen\u00e8ve. Entretien avec un concurrent motiv\u00e9 et inspir\u00e9.<\/strong><\/h4>\n<p><strong>MT180, Science Slam, concours d\u2019\u00e9loquence\u2026 Qu\u2019est-ce qui fait la particularit\u00e9 de ce dernier?<\/strong><br \/>\nMT180 pr\u00e9sente des travaux de recherche scientifique sous un angle accessible au public. Le Science Slam \u00e9galement, d&rsquo;une fa\u00e7on plus artistique&#8230; Les interpr\u00e9tations de l&rsquo;\u00e9loquence sont vari\u00e9es, souvent \u00e9voqu\u00e9es comme \u00e9tant \u00abl&rsquo;art de persuader que l&rsquo;autre a tort\u00bb ou \u00abl&rsquo;art de convaincre\u00bb, c&rsquo;est selon moi \u00abmettre le beau au service du rien\u00bb. On utilise des \u00e9l\u00e9ments de langage, on joue avec la langue, tout \u00e7a pour pr\u00e9senter un raisonnement, souvent philosophique, se basant sur une citation quelconque ou sur une question vague \u00e0 laquelle on apporte une r\u00e9ponse. En somme, aucune production intellectuelle, uniquement la ma\u00eetrise de la langue.<\/p>\n<p><strong>Qu\u2019est-ce qui vous attir\u00e9 dans ce d\u00e9fi\u00a0?<\/strong><br \/>\nJe fais du th\u00e9\u00e2tre depuis plusieurs ann\u00e9es, je suis \u00e0 l&rsquo;aise dans les discours devant de larges publics, mais jamais encore je n&rsquo;avais particip\u00e9 \u00e0 un <i>concours<\/i> d&rsquo;art oratoire. J&rsquo;avoue que la notion elle-m\u00eame me semble encore maintenant assez surann\u00e9e, mais se confronter aux contraintes li\u00e9es \u00e0 ce format est un exercice formateur: dur\u00e9e stricte, sujet impos\u00e9, question spontan\u00e9e du jury \u00e0 la fin de notre discours&#8230; Et surtout r\u00e9ussir \u00e0 faire un discours qui puisse se d\u00e9marquer des autres!<\/p>\n<p><strong>Comment vous \u00eates-vous pr\u00e9par\u00e9?<br \/>\n<\/strong>Ma pr\u00e9paration \u00e9tait finalement assez similaire \u00e0 celles de mes pr\u00e9sentations de s\u00e9minaire \u00e0 l&rsquo;universit\u00e9: je lance mes id\u00e9es au brouillon, j&rsquo;organise un peu pour d\u00e9gager deux ou trois grands axes qui articulent ma r\u00e9flexion, et ensuite je travaille dessus pour mettre en valeur certains aspects, en effacer d&rsquo;autres, \u00abtrouver le bon mot\u00bb (qui est souvent meilleur quand il est spontan\u00e9 et pas pr\u00e9par\u00e9). J&rsquo;ai \u00e9galement demand\u00e9 de l&rsquo;aide \u00e0 un ami qui fait partie d&rsquo;un club de d\u00e9bat pour qu&rsquo;il puisse mieux m&rsquo;indiquer les exigences du format, et les attentes du jury vis \u00e0 vis des candidat\u00b7e\u00b7s.<strong><br \/>\n<\/strong><\/p>\n<p><strong>Cette ann\u00e9e, il est difficile d\u2019anticiper si une manifestation aura lieu en pr\u00e9sentiel ou en ligne. Cela a-t-il chang\u00e9 votre approche?<\/strong><br \/>\nPas vraiment, finalement je me doutais que le format se ferait avec les candidat\u00b7e\u00b7s et le jury en pr\u00e9sentiel, et le public chez soi. Ma seule grande frustration \u00e9tait, pour la s\u00e9lection fribourgeoise, d&rsquo;\u00eatre cantonn\u00e9 derri\u00e8re mon pupitre (cam\u00e9ra fixe oblige), m&#8217;emp\u00eachant de me d\u00e9placer librement comme j&rsquo;ai l&rsquo;habitude de le faire.<\/p>\n<p><strong>Comment se passe l\u2019attribution des th\u00e9matiques? Y en a-t-il que vous redoutez plus que d\u2019autres?<\/strong><br \/>\nPour la s\u00e9lection fribourgeoise comme pour la finale \u00e0 Gen\u00e8ve, plusieurs sujets sont propos\u00e9s et nous devons en choisir un. Par exemple, pour Fribourg, j&rsquo;avais pr\u00e9par\u00e9 le sujet \u00abSommes-nous condamn\u00e9s \u00e0 r\u00e9p\u00e9ter l&rsquo;histoire?\u00bb. Il y avait \u00e9galement un sujet sur l&rsquo;humour, sur l&rsquo;injustice du syst\u00e8me judiciaire ou encore sur l&rsquo;amour, source d&rsquo;\u00e9puisement. Pour la finale, nous devions choisir parmi 3 citations et nous positionner pour ou contre. J&rsquo;ai, cette fois, choisi la citation de Ionesco \u00abVouloir \u00eatre de son temps, c&rsquo;est d\u00e9j\u00e0 \u00eatre d\u00e9pass\u00e9\u00bb, avec laquelle je suis d&rsquo;accord. Le choix est toujours difficile, car chaque sujet a des implications philosophiques sans fin, chaque sujet peut int\u00e9resser, chaque sujet peut \u00eatre source d&rsquo;inspiration. Je redoute assez la finale, car commenter une citation me semble un exercice plus ardu que simplement r\u00e9pondre \u00e0 une question&#8230; Mais advienne que pourra!<\/p>\n<p><strong>Qu\u2019esp\u00e9rez-vous retirer de cette aventure?<\/strong><br \/>\nUn bon ap\u00e9ro \u00e0 Gen\u00e8ve apr\u00e8s la finale? Plus s\u00e9rieusement, le simple fait d&rsquo;avoir os\u00e9 essayer, d&rsquo;avoir os\u00e9 m&rsquo;aventurer sur le territoire des \u00e9tudiant\u00b7e\u00b7s de droit, d&rsquo;avoir pu aller \u00e0 la finale genevoise est un plaisir en soi. Apprendre \u00e0 modeler son discours avec des contraintes strictes est un excellent exercice!<\/p>\n<div class=\"clear\" style=\"height:20px\"><\/div>\n<span style=\"color: #ff6600;\">__________<\/span><\/p>\n<div class=\"clear\" style=\"height:20px\"><\/div>\n<p><strong>Vincent Schicker<\/strong> est arriv\u00e9 \u00e0 Fribourg en 2014. Etudiant en master d&rsquo;histoire et fran\u00e7ais, il pratique \u00e9galement le th\u00e9\u00e2tre, la musique et la danse dans son temps libre. Quand il n&rsquo;est pas sur les planches (de la sc\u00e8ne ou du parquet de danse) ou en train de boire un verre de fendant en terrasse, il pr\u00e9pare un m\u00e9moire sur le folklore fribourgeois et ses repr\u00e9sentations dans les ann\u00e9es 1920 \u00e0 1970.<\/p>\n<p>Le Concours d&rsquo;\u00e9loquence est organis\u00e9 \u00e0 Fribourg par l&rsquo;<a href=\"https:\/\/elsafribourg.com\/\">Elsa Fribourg<\/a>. Les concurrents qui remportent l&rsquo;\u00e9tape fribourgeoise participent ensuite au <a href=\"https:\/\/www.clubdedebat.ch\/2021-concours-romand-d-%C3%A9loquence-1\" target=\"_blank\" rel=\"noopener\">Concours romand<\/a> mis sur pied par le <a href=\"https:\/\/www.clubdedebat.ch\/\" target=\"_blank\" rel=\"noopener\">Club genevois de d\u00e9bat<\/a>. Cette ann\u00e9e, la finale aura lieu en ligne, le 6 mai 2021. Suivre le concours en direct sur <a href=\"https:\/\/www.youtube.com\/watch?v=fSuZJTYj0WI\" target=\"_blank\" rel=\"noopener\">Youtube<\/a>.<\/p>\n<div class=\"clear\" style=\"height:20px\"><\/div>\n<div class=\"clear\" style=\"height:20px\"><\/div>\n","protected":false},"excerpt":{"rendered":"<p>Vincent Schicker est l&rsquo;un des deux finalistes fribourgeois qui repr\u00e9sentera l&rsquo;Unifr au concours d&rsquo;\u00e9loquence 2021, le 6 mai prochain \u00e0 Gen\u00e8ve. Entretien avec un concurrent motiv\u00e9 et inspir\u00e9. MT180, Science Slam, concours d\u2019\u00e9loquence\u2026 Qu\u2019est-ce qui fait la particularit\u00e9 de ce dernier? MT180 pr\u00e9sente des travaux de recherche scientifique sous un angle accessible au public. Le Science Slam \u00e9galement, d&rsquo;une fa\u00e7on plus artistique&#8230; Les interpr\u00e9tations de l&rsquo;\u00e9loquence sont vari\u00e9es, souvent \u00e9voqu\u00e9es comme \u00e9tant \u00abl&rsquo;art de persuader que l&rsquo;autre a tort\u00bb ou \u00abl&rsquo;art de convaincre\u00bb, c&rsquo;est selon moi \u00abmettre le beau au service du rien\u00bb. On utilise des \u00e9l\u00e9ments de langage, on<\/p>\n","protected":false},"author":6,"featured_media":13657,"comment_status":"open","ping_status":"closed","sticky":true,"template":"","format":"standard","meta":{"footnotes":""},"categories":[85,75],"tags":[273,340,260],"_links":{"self":[{"href":"https:\/\/www.unifr.ch\/alma-georges\/wp-json\/wp\/v2\/posts\/13654"}],"collection":[{"href":"https:\/\/www.unifr.ch\/alma-georges\/wp-json\/wp\/v2\/posts"}],"about":[{"href":"https:\/\/www.unifr.ch\/alma-georges\/wp-json\/wp\/v2\/types\/post"}],"author":[{"embeddable":true,"href":"https:\/\/www.unifr.ch\/alma-georges\/wp-json\/wp\/v2\/users\/6"}],"replies":[{"embeddable":true,"href":"https:\/\/www.unifr.ch\/alma-georges\/wp-json\/wp\/v2\/comments?post=13654"}],"version-history":[{"count":9,"href":"https:\/\/www.unifr.ch\/alma-georges\/wp-json\/wp\/v2\/posts\/13654\/revisions"}],"predecessor-version":[{"id":13699,"href":"https:\/\/www.unifr.ch\/alma-georges\/wp-json\/wp\/v2\/posts\/13654\/revisions\/13699"}],"wp:featuredmedia":[{"embeddable":true,"href":"https:\/\/www.unifr.ch\/alma-georges\/wp-json\/wp\/v2\/media\/13657"}],"wp:attachment":[{"href":"https:\/\/www.unifr.ch\/alma-georges\/wp-json\/wp\/v2\/media?parent=13654"}],"wp:term":[{"taxonomy":"category","embeddable":true,"href":"https:\/\/www.unifr.ch\/alma-georges\/wp-json\/wp\/v2\/categories?post=13654"},{"taxonomy":"post_tag","embeddable":true,"href":"https:\/\/www.unifr.ch\/alma-georges\/wp-json\/wp\/v2\/tags?post=13654"}],"curies":[{"name":"wp","href":"https:\/\/api.w.org\/{rel}","templated":true}]}}