{"id":13263,"date":"2021-03-08T15:33:53","date_gmt":"2021-03-08T14:33:53","guid":{"rendered":"https:\/\/www.unifr.ch\/alma-georges?p=13263"},"modified":"2021-03-08T15:40:41","modified_gmt":"2021-03-08T14:40:41","slug":"pot-de-fries-saison-2-2","status":"publish","type":"post","link":"https:\/\/www.unifr.ch\/alma-georges\/articles\/2021\/pot-de-fries-saison-2-2","title":{"rendered":"Pot de Fries \u2013 Saison 2 #2"},"content":{"rendered":"<h4><strong>Das Centre Fries bringt Kultur und Aktuelles in einen Topf! G\u00e4ste, Meinungen, Herzensthemen, die begeistern, aufw\u00fchlen und die man bei einem Drink mit Freund_innen diskutieren kann. Ein Podcast mit Ohrenkitzel-Garantie. Zu geniessen jede Woche w\u00e4hrend des Semesters.\u00a0<\/strong><\/h4>\n<div class=\"clear\">\n<div class=\"clear\" style=\"height:20px\"><\/div>\n<p>Haben Sie schon mal von der Nachhaltigkeitswoche der geh\u00f6rt? Nein? Dann wird es Zeit, dass Sie in die neueste Folge des Pot de Fries reinh\u00f6ren. In diesem zweisprachigen Gespr\u00e4ch wird ein vielf\u00e4ltiges Programm vorgestellt, welches dieses Jahr komplett online miterlebt werden kann.<\/p>\n<div class=\"clear\" style=\"height:20px\"><\/div>\n<\/div>\n<p><iframe loading=\"lazy\" src=\"https:\/\/www.youtube.com\/embed\/d14SVl4uj2Q\" width=\"560\" height=\"315\" frameborder=\"0\" allowfullscreen=\"allowfullscreen\"><\/iframe><\/p>\n<div class=\"clear\" style=\"height:20px\"><\/div>\n<p><span style=\"color: #ff6600;\">__________<\/span><\/p>\n<div class=\"clear\" style=\"height:20px\"><\/div>\n<p>&nbsp;<\/p>\n<ul>\n<li>Das\u00a0<a href=\"https:\/\/student.unifr.ch\/centrefries\/de\/\" target=\"_blank\" rel=\"noopener noreferrer\">Centre Fries<\/a>\u00a0ist eine ganz besondere Ecke der Unifr, ein soziokultureller Treffpunkt von Studierenden f\u00fcr Studierende, aber nicht nur \u2026 Jetzt folgen auf\u00a0<a href=\"https:\/\/www.facebook.com\/CentreFries\/\" target=\"_blank\" rel=\"noopener noreferrer\">Facebook<\/a>\u00a0und\u00a0<a href=\"https:\/\/www.instagram.com\/centrefries\/\" target=\"_blank\" rel=\"noopener noreferrer\">Instagram<\/a>.<\/li>\n<li><span style=\"color: #ff6600;\">Retrouvez les \u00e9v\u00e9nements de la Semaine de la durabilit\u00e9 dans l&rsquo;agenda de l&rsquo;Unifr: https:\/\/agenda.unifr.ch\/public\/\u00a0<\/span><\/li>\n<\/ul>\n","protected":false},"excerpt":{"rendered":"<p>Das Centre Fries bringt Kultur und Aktuelles in einen Topf! G\u00e4ste, Meinungen, Herzensthemen, die begeistern, aufw\u00fchlen und die man bei einem Drink mit Freund_innen diskutieren kann. Ein Podcast mit Ohrenkitzel-Garantie. Zu geniessen jede Woche w\u00e4hrend des Semesters.\u00a0 Haben Sie schon mal von der Nachhaltigkeitswoche der geh\u00f6rt? Nein? Dann wird es Zeit, dass Sie in die neueste Folge des Pot de Fries reinh\u00f6ren. In diesem zweisprachigen Gespr\u00e4ch wird ein vielf\u00e4ltiges Programm vorgestellt, welches dieses Jahr komplett online miterlebt werden kann. __________ &nbsp; Das\u00a0Centre Fries\u00a0ist eine ganz besondere Ecke der Unifr, ein soziokultureller Treffpunkt von Studierenden f\u00fcr Studierende, aber nicht nur \u2026<\/p>\n","protected":false},"author":6,"featured_media":11550,"comment_status":"open","ping_status":"closed","sticky":true,"template":"","format":"standard","meta":{"footnotes":""},"categories":[89,75],"tags":[1107,1160,1158],"_links":{"self":[{"href":"https:\/\/www.unifr.ch\/alma-georges\/wp-json\/wp\/v2\/posts\/13263"}],"collection":[{"href":"https:\/\/www.unifr.ch\/alma-georges\/wp-json\/wp\/v2\/posts"}],"about":[{"href":"https:\/\/www.unifr.ch\/alma-georges\/wp-json\/wp\/v2\/types\/post"}],"author":[{"embeddable":true,"href":"https:\/\/www.unifr.ch\/alma-georges\/wp-json\/wp\/v2\/users\/6"}],"replies":[{"embeddable":true,"href":"https:\/\/www.unifr.ch\/alma-georges\/wp-json\/wp\/v2\/comments?post=13263"}],"version-history":[{"count":2,"href":"https:\/\/www.unifr.ch\/alma-georges\/wp-json\/wp\/v2\/posts\/13263\/revisions"}],"predecessor-version":[{"id":13265,"href":"https:\/\/www.unifr.ch\/alma-georges\/wp-json\/wp\/v2\/posts\/13263\/revisions\/13265"}],"wp:featuredmedia":[{"embeddable":true,"href":"https:\/\/www.unifr.ch\/alma-georges\/wp-json\/wp\/v2\/media\/11550"}],"wp:attachment":[{"href":"https:\/\/www.unifr.ch\/alma-georges\/wp-json\/wp\/v2\/media?parent=13263"}],"wp:term":[{"taxonomy":"category","embeddable":true,"href":"https:\/\/www.unifr.ch\/alma-georges\/wp-json\/wp\/v2\/categories?post=13263"},{"taxonomy":"post_tag","embeddable":true,"href":"https:\/\/www.unifr.ch\/alma-georges\/wp-json\/wp\/v2\/tags?post=13263"}],"curies":[{"name":"wp","href":"https:\/\/api.w.org\/{rel}","templated":true}]}}