{"id":13216,"date":"2021-03-05T09:51:32","date_gmt":"2021-03-05T08:51:32","guid":{"rendered":"https:\/\/www.unifr.ch\/alma-georges?p=13216"},"modified":"2021-03-05T09:51:32","modified_gmt":"2021-03-05T08:51:32","slug":"a-plein-volume-1-bababa","status":"publish","type":"post","link":"https:\/\/www.unifr.ch\/alma-georges\/articles\/2021\/a-plein-volume-1-bababa","title":{"rendered":"A plein volume #1 &#8211; Bababa"},"content":{"rendered":"<h4><strong>Amoureux de la langue fran\u00e7aise, Matthieu Corpataux et Valentin Kolly ne se contentent pas d&rsquo;analyse au sein du D\u00e9partement de fran\u00e7ais. Ils veulent faire vivre les textes et les partager&#8230; \u00e0 plein volume. Chaque vendredi, retrouvez une pi\u00e8ce sonore publi\u00e9e par leur revue <em>L&rsquo;Ep\u00eetre<\/em> et d\u00e9couvrez un\u00b7e nouvel\u00b7le auteur\u00b7e de leur catalogue.<\/strong><\/h4>\n<div class=\"clear\" style=\"height:20px\"><\/div>\n<p>VOLUME, lanc\u00e9 par la revue <a href=\"https:\/\/www.lepitre.ch\/\" target=\"_blank\" rel=\"noopener\"><em>L\u2019Ep\u00eetre<\/em><\/a> en 2019, est un projet de cr\u00e9ations de pi\u00e8ces sonores avec comme mat\u00e9riau original, des textes d\u2019auteur\u00b7e\u00b7s sur des compositions in\u00e9dites r\u00e9unissant 15 jeunes artistes. Le projet est pr\u00e9sent\u00e9 \u00e0 l\u2019occasion du Salon du livre romand dans une installation sonore (par casques notamment), puis diffus\u00e9 d\u00e8s 2020 sur diff\u00e9rentes plateformes culturelles. Un VOLUME II est en pr\u00e9paration.<\/p>\n<div class=\"clear\" style=\"height:20px\"><\/div>\n<p><strong><i>Bababa<\/i><\/strong><\/p>\n<!--[if lt IE 9]><script>document.createElement('audio');<\/script><![endif]-->\n<audio class=\"wp-audio-shortcode\" id=\"audio-13216-1\" preload=\"none\" style=\"width: 100%;\" controls=\"controls\"><source type=\"audio\/wav\" src=\"https:\/\/www.unifr.ch\/alma-georges\/wp-content\/uploads\/2021\/03\/Bababa.wav?_=1\" \/><a href=\"https:\/\/www.unifr.ch\/alma-georges\/wp-content\/uploads\/2021\/03\/Bababa.wav\">https:\/\/www.unifr.ch\/alma-georges\/wp-content\/uploads\/2021\/03\/Bababa.wav<\/a><\/audio>\n<p class=\"p2\"><strong><br \/>\nR\u00e9alisation et lecture:<\/strong> Stefano Christen<i><br \/>\n<\/i><a href=\"https:\/\/www.stefanochristen.com\/\" target=\"_blank\" rel=\"noopener\">Stefano Christen<\/a> est compositeur et cr\u00e9ateur sonore, il \u00e9tudie \u00e0 la Haute-Ecole d&rsquo;Art de Bern en Sound Arts.<\/p>\n<div class=\"clear\" style=\"height:20px\"><\/div>\n<div><\/div>\n<div style=\"background-color: orange; font-size: 100%; padding: 1em;\"><strong>L&rsquo;Epitre<\/strong><br \/>\nLa revue litt\u00e9raire <em>L\u2019Ep\u00eetre <\/em>est fond\u00e9e en 2013 \u00e0 Fribourg par Matthieu Corpataux. Pens\u00e9e comme un laboratoire pour permettre aux auteur\u00b7e\u00b7s de demain d\u2019affuter leur plume, <em>L\u2019Ep\u00eetre <\/em>s\u2019est affirm\u00e9e ces derni\u00e8res ann\u00e9es comme un r\u00e9v\u00e9lateur de talents et comme une plateforme d\u2019exp\u00e9rimentation pour les \u00e9crivains aguerris. De 13 \u00e0 89 ans, de premi\u00e8re \u00e9criture \u00e0 Prix suisse de litt\u00e9rature, de toute la francophonie et dans tous les genres, styles ou sujets, <em>L\u2019Ep\u00eetre <\/em>a la particularit\u00e9 d\u2019offrir un commentaire critique et constructif sur 100% des textes qu\u2019elle re\u00e7oit dans le but de faire progresser les auteur\u00b7e\u00b7s par rapport \u00e0 leur niveau et leurs envies. Forte d\u2019un comit\u00e9 de dix professionnel\u00b7le\u00b7s en litt\u00e9rature et de plusieurs centaines d\u2019auteur\u00b7e\u00b7s, la revue publie en ligne et sur papier. Elle organise \u00e9galement une quinzaine d\u2019\u00e9v\u00e9nements par ann\u00e9e: ateliers d\u2019\u00e9criture, lectures et productions sc\u00e9niques, expositions visuelles et sonores; et peut se targuer d\u2019\u00eatre l\u2019une des seules revues litt\u00e9raires suisses \u00e0 payer ses auteur\u00b7e\u00b7s.<\/div>\n<div class=\"clear\" style=\"height:20px\"><\/div>\n<span style=\"color: #ff6600;\">__________<\/span><\/p>\n<div class=\"clear\" style=\"height:20px\"><\/div>\n<ul>\n<li><a href=\"https:\/\/www.unifr.ch\/llf\/fr\/departement\/equipe\/matthieu-corpataux.html\" target=\"_blank\" rel=\"noopener\">Matthieu Corpataux<\/a> est assistant dipl\u00f4m\u00e9 en litt\u00e9rature fran\u00e7aise \u00e0 l&rsquo;universit\u00e9 de Fribourg ; \u00e9galement \u00e9diteur et po\u00e8te, il a cr\u00e9\u00e9 la revue litt\u00e9raire <em>L&rsquo;Ep\u00eetre<\/em> en 2013.<\/li>\n<li><a href=\"https:\/\/www.unifr.ch\/llf\/fr\/departement\/equipe\/valentin-kolly.html\" target=\"_blank\" rel=\"noopener\">Valentin Kolly<\/a> est assistant-dipl\u00f4m\u00e9 \u00e0 l&rsquo;Universit\u00e9 de Fribourg. Critique et \u00e9diteur \u00e0 <em>L&rsquo;Ep\u00eetre<\/em>, il est \u00e9galement lecteur et \u00e9diteur aux PLF et co-cr\u00e9ateur de la plateforme de critique litt\u00e9raire suisse L&rsquo;Ann\u00e9e du Livre.<\/li>\n<\/ul>\n<div class=\"clear\" style=\"height:20px\"><\/div>\n<div class=\"clear\" style=\"height:20px\"><\/div>\n","protected":false},"excerpt":{"rendered":"<p>Amoureux de la langue fran\u00e7aise, Matthieu Corpataux et Valentin Kolly ne se contentent pas d&rsquo;analyse au sein du D\u00e9partement de fran\u00e7ais. Ils veulent faire vivre les textes et les partager&#8230; \u00e0 plein volume. Chaque vendredi, retrouvez une pi\u00e8ce sonore publi\u00e9e par leur revue L&rsquo;Ep\u00eetre et d\u00e9couvrez un\u00b7e nouvel\u00b7le auteur\u00b7e de leur catalogue. VOLUME, lanc\u00e9 par la revue L\u2019Ep\u00eetre en 2019, est un projet de cr\u00e9ations de pi\u00e8ces sonores avec comme mat\u00e9riau original, des textes d\u2019auteur\u00b7e\u00b7s sur des compositions in\u00e9dites r\u00e9unissant 15 jeunes artistes. Le projet est pr\u00e9sent\u00e9 \u00e0 l\u2019occasion du Salon du livre romand dans une installation sonore (par casques<\/p>\n","protected":false},"author":6,"featured_media":13223,"comment_status":"open","ping_status":"closed","sticky":true,"template":"","format":"standard","meta":{"footnotes":""},"categories":[89,75],"tags":[128,290],"_links":{"self":[{"href":"https:\/\/www.unifr.ch\/alma-georges\/wp-json\/wp\/v2\/posts\/13216"}],"collection":[{"href":"https:\/\/www.unifr.ch\/alma-georges\/wp-json\/wp\/v2\/posts"}],"about":[{"href":"https:\/\/www.unifr.ch\/alma-georges\/wp-json\/wp\/v2\/types\/post"}],"author":[{"embeddable":true,"href":"https:\/\/www.unifr.ch\/alma-georges\/wp-json\/wp\/v2\/users\/6"}],"replies":[{"embeddable":true,"href":"https:\/\/www.unifr.ch\/alma-georges\/wp-json\/wp\/v2\/comments?post=13216"}],"version-history":[{"count":10,"href":"https:\/\/www.unifr.ch\/alma-georges\/wp-json\/wp\/v2\/posts\/13216\/revisions"}],"predecessor-version":[{"id":13249,"href":"https:\/\/www.unifr.ch\/alma-georges\/wp-json\/wp\/v2\/posts\/13216\/revisions\/13249"}],"wp:featuredmedia":[{"embeddable":true,"href":"https:\/\/www.unifr.ch\/alma-georges\/wp-json\/wp\/v2\/media\/13223"}],"wp:attachment":[{"href":"https:\/\/www.unifr.ch\/alma-georges\/wp-json\/wp\/v2\/media?parent=13216"}],"wp:term":[{"taxonomy":"category","embeddable":true,"href":"https:\/\/www.unifr.ch\/alma-georges\/wp-json\/wp\/v2\/categories?post=13216"},{"taxonomy":"post_tag","embeddable":true,"href":"https:\/\/www.unifr.ch\/alma-georges\/wp-json\/wp\/v2\/tags?post=13216"}],"curies":[{"name":"wp","href":"https:\/\/api.w.org\/{rel}","templated":true}]}}