{"id":12977,"date":"2021-02-04T13:48:00","date_gmt":"2021-02-04T12:48:00","guid":{"rendered":"https:\/\/www3.unifr.ch\/alma-georges?p=12977"},"modified":"2021-02-11T09:41:14","modified_gmt":"2021-02-11T08:41:14","slug":"es-fuhlt-sich-an-als-wurde-ich-geschenke-von-einer-wunschliste-streichen","status":"publish","type":"post","link":"https:\/\/www.unifr.ch\/alma-georges\/articles\/2021\/es-fuhlt-sich-an-als-wurde-ich-geschenke-von-einer-wunschliste-streichen","title":{"rendered":"\u00abEs f\u00fchlt sich an, als w\u00fcrde ich Geschenke von einer Wunschliste streichen\u00bb"},"content":{"rendered":"<h4><strong>Die Bibliothek f\u00fcr Soziologie, Sozialpolitik und Sozialarbeit (STS) ist f\u00fcr Salom\u00e9 Voirol ein ganz besonderer Ort. Warum das so ist und wie das Bibliotheksleben in Zeiten von Corona aussieht, erz\u00e4hlt sie uns in ihrem Bericht.<\/strong><\/h4>\n<div class=\"clear\" style=\"height:20px\"><\/div>\n<p><img decoding=\"async\" loading=\"lazy\" class=\"alignleft wp-image-12921\" src=\"https:\/\/www.unifr.ch\/alma-georges\/wp-content\/uploads\/2021\/01\/Salome\u0301-Voirol-e1611131997134-570x1024.jpg\" alt=\"\" width=\"212\" height=\"381\" srcset=\"https:\/\/www.unifr.ch\/alma-georges\/wp-content\/uploads\/2021\/01\/Salome\u0301-Voirol-e1611131997134-570x1024.jpg 570w, https:\/\/www.unifr.ch\/alma-georges\/wp-content\/uploads\/2021\/01\/Salome\u0301-Voirol-e1611131997134-167x300.jpg 167w, https:\/\/www.unifr.ch\/alma-georges\/wp-content\/uploads\/2021\/01\/Salome\u0301-Voirol-e1611131997134-768x1379.jpg 768w, https:\/\/www.unifr.ch\/alma-georges\/wp-content\/uploads\/2021\/01\/Salome\u0301-Voirol-e1611131997134.jpg 893w\" sizes=\"(max-width: 212px) 100vw, 212px\" \/>Ich heisse Salom\u00e9 Voirol und bin seit einem Jahr Hilfsbibliothekarin in der Bibliothek f\u00fcr Soziologie, Sozialpolitik und Sozialarbeit (<a href=\"https:\/\/www3.unifr.ch\/sts\/de\/\">STS<\/a>). Die Bibliothek ist am gleichnamigen Institut angeh\u00e4ngt, wo ich derzeit auch meinen Master absolviere. Sie befindet sich im Untergeschoss des Institutsgeb\u00e4udes Ste Agn\u00e8s. Dieses liegt am Stadtrand, etwas ausserhalb des universit\u00e4ren Hauptgeb\u00e4udes.<\/p>\n<p><strong>Unsere Bibliothek<\/strong><br \/>\nBeim Eintritt in die Bibliothek steht man zun\u00e4chst in einem schmalen Korridor. Links sind die Neuheiten aufgereiht. Rechts befinden sich die aktuellen Zeitschriften und der Eingang zu unserem B\u00fcro, das gleichzeitig der Ausleihe und R\u00fcckgabe dient. Unsere T\u00fcr ist immer offen. Mit einem Team aus vier Frauen unter der Leitung von Iris Thaler unterst\u00fctzen wir Besucher_innen beim Navigieren durch den Bibliotheksbestand. Dieser umfasst ca. 20\u2018000 Medien. Darunter verf\u00fcgt die Bibliothek \u00fcber zahlreiche Zeitschriften, von denen die \u00e4ltesten ins ausgehende 19. Jahrhundert zur\u00fcckreichen. Die Zeitschriften, die in gelbe Einb\u00e4nde gebunden sind, fallen beim Betreten der Bibliothek denn auch gleich ins Auge. Links im Zeitschriftenkorridor gibt es drei Computerarbeitspl\u00e4tze.<\/p>\n<p><img decoding=\"async\" loading=\"lazy\" class=\"alignleft wp-image-12926\" src=\"https:\/\/www.unifr.ch\/alma-georges\/wp-content\/uploads\/2021\/01\/Eingang.jpg\" alt=\"\" width=\"350\" height=\"197\" srcset=\"https:\/\/www.unifr.ch\/alma-georges\/wp-content\/uploads\/2021\/01\/Eingang.jpg 688w, https:\/\/www.unifr.ch\/alma-georges\/wp-content\/uploads\/2021\/01\/Eingang-300x169.jpg 300w\" sizes=\"(max-width: 350px) 100vw, 350px\" \/><\/p>\n<p><img decoding=\"async\" loading=\"lazy\" class=\"alignleft wp-image-12922\" src=\"https:\/\/www.unifr.ch\/alma-georges\/wp-content\/uploads\/2021\/01\/Gang.jpg\" alt=\"\" width=\"350\" height=\"197\" srcset=\"https:\/\/www.unifr.ch\/alma-georges\/wp-content\/uploads\/2021\/01\/Gang.jpg 688w, https:\/\/www.unifr.ch\/alma-georges\/wp-content\/uploads\/2021\/01\/Gang-300x169.jpg 300w\" sizes=\"(max-width: 350px) 100vw, 350px\" \/>Weitere Arbeitspl\u00e4tze befinden sich im Lesesaal zu Rechten des Korridors. Dort stehen den Besucher_innen drei weitere Computer zur Arbeit und Recherche sowie einige zus\u00e4tzliche Tische zum Lesen, Lernen und Verweilen zur Verf\u00fcgung. \u00dcblicherweise sind es ca. zw\u00f6lf Arbeitspl\u00e4tze. Derzeit ist die Anzahl Besucher_innen im Lesesaal jedoch auf f\u00fcnf beschr\u00e4nkt. Da sich die Bibliothek im Untergeschoss befindet, ist es auch bei heissem Wetter angenehm k\u00fchl. Die vielen Fenster bringen frische Luft und Tageslicht in die Bibliotheksr\u00e4ume. Auf der einen Seite bieten die Fenster ausserdem einen sch\u00f6nen Blick ins Gr\u00fcne, wo sich ein Park befindet.<\/p>\n<p>Vom Lesesaal gelangt man direkt zu den B\u00fccherregalen, die nach einer eigenen Klassifikation sortiert sind. Thematisch ist der Bestand im Bereich Soziologie, Sozialpolitik und Sozialarbeit sowohl auf Deutsch wie auf Franz\u00f6sisch und teils Englisch breit gef\u00e4chert. Darunter fallen auch Beitr\u00e4ge zu sozialen Problemen und Problemstellungen, Gender Studies, Armut, Migration, Gesundheit und Strafvollzug. Dabei bietet die Liste der Klassifikation Bibliotheksbesucher_innen eine gute\u00a0Orientierung anhand derer die B\u00fccherbest\u00e4nde\u00a0durchst\u00f6bert werden k\u00f6nnen. Zus\u00e4tzlich f\u00fchrt die Bibliothek eine Liste s\u00e4mtlicher, auch archivierter Zeitschriften, sowie aller Lizentiats- und Masterarbeiten.<\/p>\n<p><img decoding=\"async\" loading=\"lazy\" class=\"alignleft wp-image-12927\" src=\"https:\/\/www.unifr.ch\/alma-georges\/wp-content\/uploads\/2021\/01\/Lesesaal.jpg\" alt=\"\" width=\"350\" height=\"197\" srcset=\"https:\/\/www.unifr.ch\/alma-georges\/wp-content\/uploads\/2021\/01\/Lesesaal.jpg 644w, https:\/\/www.unifr.ch\/alma-georges\/wp-content\/uploads\/2021\/01\/Lesesaal-300x169.jpg 300w\" sizes=\"(max-width: 350px) 100vw, 350px\" \/><img decoding=\"async\" loading=\"lazy\" class=\"alignleft wp-image-12924\" src=\"https:\/\/www.unifr.ch\/alma-georges\/wp-content\/uploads\/2021\/01\/Ausblick.jpg\" alt=\"\" width=\"350\" height=\"197\" srcset=\"https:\/\/www.unifr.ch\/alma-georges\/wp-content\/uploads\/2021\/01\/Ausblick.jpg 643w, https:\/\/www.unifr.ch\/alma-georges\/wp-content\/uploads\/2021\/01\/Ausblick-300x169.jpg 300w\" sizes=\"(max-width: 350px) 100vw, 350px\" \/><\/p>\n<p><strong>Mein Arbeitsalltag, meine Perspektive<br \/>\n<\/strong>Auch unser Team steht den Besucher_innen nat\u00fcrlich bei der Recherche und ganz grunds\u00e4tzlich bei Fragen zur Seite. Als Hilfsbibliothekarin bin ich an 3 Halbtagen in der Bibliothek. Von meinem Arbeitsplatz aus sehe ich neuerdings zun\u00e4chst die Glasscheibe, die uns in Coronazeiten vor Ansteckungen sch\u00fctzt. Durch die Scheibe sehe ich die Neuerscheinungen und die frisch eintretenden Bibliotheksbesucher_innen.<\/p>\n<p>Neben Ausleihen und R\u00fccknahmen bin ich dabei vor allem f\u00fcr die Pflege unseres Zeitschriftenbestandes verantwortlich. Ich \u00fcberpr\u00fcfe, ob alle Bestellungen angekommen sind und integriere die neuen Zeitschriften in unser Sortiment. Besonders Spass macht das Auspacken der neu zugestellten Zeitschriften. Wenn ich die neuen Nummern dann auf dem virtuellen Bibliothekskatalog abhake, f\u00fchlt es sich an, als w\u00fcrde ich Geschenke von einer Wunschliste streichen. Sind die Zeitschriften Ende Jahr komplett, bin ich daf\u00fcr verantwortlich, sie bei einer Buchbinderei einzusenden. Sie kommen dann als B\u00fccher mit einem frischen gelben Einband zur\u00fcck und werden von mir im Zeitschriftenkorridor einsortiert. Auch bei den zur\u00fcckgebrachten B\u00fcchern bin ich daf\u00fcr zust\u00e4ndig, sie wieder in unseren Bestand einzuordnen. Des Weiteren t\u00e4tige ich Bestellungen und R\u00fccknahmen aus der Zentrale (BCU) und stelle Reservationen f\u00fcr die Abholung bereit. Bei \u00e4lteren B\u00fcchern nehme ich teilweise leichte Flickarbeiten vor. Ich mag solche manuellen Arbeiten, auch einfache Sachen wie das Wiederankleben einer Etikette. Grunds\u00e4tzlich<\/p>\n<p><img decoding=\"async\" loading=\"lazy\" class=\"alignleft wp-image-12923\" src=\"https:\/\/www.unifr.ch\/alma-georges\/wp-content\/uploads\/2021\/01\/Arbeitsplatz.jpg\" alt=\"\" width=\"350\" height=\"197\" srcset=\"https:\/\/www.unifr.ch\/alma-georges\/wp-content\/uploads\/2021\/01\/Arbeitsplatz.jpg 768w, https:\/\/www.unifr.ch\/alma-georges\/wp-content\/uploads\/2021\/01\/Arbeitsplatz-300x169.jpg 300w\" sizes=\"(max-width: 350px) 100vw, 350px\" \/><\/p>\n<p>empfinde ich die Arbeit in der Bibliothek als befriedigend, da ich f\u00fcr mich kleine \u00abTasks\u00bb setzen und relativ schnell erfolgreich erledigen kann.\u00a0 Besonders sch\u00e4tze ich auch den sozialen Kontakt. Einerseits im Team, andererseits im Kontakt mit den Bibliotheksbesucher_innen, bei dem ich merke, dass unsere Dienstleistung gesch\u00e4tzt wird. Das macht die Arbeit zu einer sinnstiftenden T\u00e4tigkeit. Spannend ist es, wenn ich miterleben kann, wie Studierende beim Anfang einer Arbeit einen Stapel B\u00fccher ausleihen und diesen dann nach viel M\u00fche und Arbeit wieder in die Bibliothek zur\u00fcckbringen. H\u00e4ufig ist dieser B\u00fccheraustausch von einem pers\u00f6nlichen Austausch begleitet und da ich mich h\u00e4ufig in \u00e4hnlichen Prozessen befinde, kann dies sehr wertvoll sein.<\/p>\n<p><img decoding=\"async\" loading=\"lazy\" class=\"alignleft wp-image-12928\" src=\"https:\/\/www.unifr.ch\/alma-georges\/wp-content\/uploads\/2021\/01\/Marx-Engels-Werke.jpg\" alt=\"\" width=\"350\" height=\"197\" srcset=\"https:\/\/www.unifr.ch\/alma-georges\/wp-content\/uploads\/2021\/01\/Marx-Engels-Werke.jpg 719w, https:\/\/www.unifr.ch\/alma-georges\/wp-content\/uploads\/2021\/01\/Marx-Engels-Werke-300x169.jpg 300w\" sizes=\"(max-width: 350px) 100vw, 350px\" \/><\/p>\n<p><img decoding=\"async\" loading=\"lazy\" class=\"alignleft wp-image-12925\" src=\"https:\/\/www.unifr.ch\/alma-georges\/wp-content\/uploads\/2021\/01\/Caritas.jpg\" alt=\"\" width=\"350\" height=\"197\" srcset=\"https:\/\/www.unifr.ch\/alma-georges\/wp-content\/uploads\/2021\/01\/Caritas.jpg 720w, https:\/\/www.unifr.ch\/alma-georges\/wp-content\/uploads\/2021\/01\/Caritas-300x169.jpg 300w\" sizes=\"(max-width: 350px) 100vw, 350px\" \/><\/p>\n<p><strong>Besondere Werke<br \/>\n<\/strong>Meine Lieblingsb\u00fccher in der Bibliothek sind die Marx-Engels-Werke. Sie bieten mir ein St\u00fcckchen politische Heimat in der Bibliothek. Erw\u00e4hnenswerte Werke von Institutsseite sind die hauseigenen Publikationen. Darunter f\u00e4llt die Seismo-Reihe \u00abDifferenzen\u00bb und die \u00abRes socialis\u00bb, welche von Schwabe herausgegeben werden. Das \u00e4lteste Werk ist wahrscheinlich die erste Nummer der \u00abCaritas\u00bb aus dem Jahr 1896.<\/p>\n<div class=\"clear\" style=\"height:20px\"><\/div>\n<p><span style=\"color: #ff6600;\">__________<\/span><\/p>\n<div class=\"clear\" style=\"height:20px\"><\/div>\n<p><a href=\"https:\/\/www3.unifr.ch\/biblio\/de\/biblio\/sts.html\">Webseite<\/a> der Bibliothek f\u00fcr Soziologie, Sozialpolitik und Sozialarbeit (STS)<\/p>\n<div class=\"clear\" style=\"height:20px\"><\/div>\n<div class=\"clear\" style=\"height:20px\"><\/div>\n","protected":false},"excerpt":{"rendered":"<p>Die Bibliothek f\u00fcr Soziologie, Sozialpolitik und Sozialarbeit (STS) ist f\u00fcr Salom\u00e9 Voirol ein ganz besonderer Ort. Warum das so ist und wie das Bibliotheksleben in Zeiten von Corona aussieht, erz\u00e4hlt sie uns in ihrem Bericht. Ich heisse Salom\u00e9 Voirol und bin seit einem Jahr Hilfsbibliothekarin in der Bibliothek f\u00fcr Soziologie, Sozialpolitik und Sozialarbeit (STS). Die Bibliothek ist am gleichnamigen Institut angeh\u00e4ngt, wo ich derzeit auch meinen Master absolviere. Sie befindet sich im Untergeschoss des Institutsgeb\u00e4udes Ste Agn\u00e8s. Dieses liegt am Stadtrand, etwas ausserhalb des universit\u00e4ren Hauptgeb\u00e4udes. Unsere Bibliothek Beim Eintritt in die Bibliothek steht man zun\u00e4chst in einem schmalen Korridor.<\/p>\n","protected":false},"author":48,"featured_media":9774,"comment_status":"open","ping_status":"closed","sticky":true,"template":"","format":"standard","meta":{"footnotes":""},"categories":[89],"tags":[1222,292,290],"_links":{"self":[{"href":"https:\/\/www.unifr.ch\/alma-georges\/wp-json\/wp\/v2\/posts\/12977"}],"collection":[{"href":"https:\/\/www.unifr.ch\/alma-georges\/wp-json\/wp\/v2\/posts"}],"about":[{"href":"https:\/\/www.unifr.ch\/alma-georges\/wp-json\/wp\/v2\/types\/post"}],"author":[{"embeddable":true,"href":"https:\/\/www.unifr.ch\/alma-georges\/wp-json\/wp\/v2\/users\/48"}],"replies":[{"embeddable":true,"href":"https:\/\/www.unifr.ch\/alma-georges\/wp-json\/wp\/v2\/comments?post=12977"}],"version-history":[{"count":2,"href":"https:\/\/www.unifr.ch\/alma-georges\/wp-json\/wp\/v2\/posts\/12977\/revisions"}],"predecessor-version":[{"id":13095,"href":"https:\/\/www.unifr.ch\/alma-georges\/wp-json\/wp\/v2\/posts\/12977\/revisions\/13095"}],"wp:featuredmedia":[{"embeddable":true,"href":"https:\/\/www.unifr.ch\/alma-georges\/wp-json\/wp\/v2\/media\/9774"}],"wp:attachment":[{"href":"https:\/\/www.unifr.ch\/alma-georges\/wp-json\/wp\/v2\/media?parent=12977"}],"wp:term":[{"taxonomy":"category","embeddable":true,"href":"https:\/\/www.unifr.ch\/alma-georges\/wp-json\/wp\/v2\/categories?post=12977"},{"taxonomy":"post_tag","embeddable":true,"href":"https:\/\/www.unifr.ch\/alma-georges\/wp-json\/wp\/v2\/tags?post=12977"}],"curies":[{"name":"wp","href":"https:\/\/api.w.org\/{rel}","templated":true}]}}