{"id":12854,"date":"2021-01-14T09:01:47","date_gmt":"2021-01-14T08:01:47","guid":{"rendered":"https:\/\/www3.unifr.ch\/alma-georges?p=12854"},"modified":"2021-01-14T09:03:38","modified_gmt":"2021-01-14T08:03:38","slug":"des-recherches-fondamentales-qui-preparent-la-revolution-technologique-de-demain","status":"publish","type":"post","link":"https:\/\/www.unifr.ch\/alma-georges\/articles\/2021\/des-recherches-fondamentales-qui-preparent-la-revolution-technologique-de-demain?lang=de","title":{"rendered":"Des recherches fondamentales qui pr\u00e9parent la r\u00e9volution technologique de demain"},"content":{"rendered":"<h4><strong>Depuis plus de 15 ans, le Professeur Frank Scheffold et son \u00e9quipe explorent les propri\u00e9t\u00e9s optiques de la mati\u00e8re molle. A l&rsquo;aide de mod\u00e9lisations informatiques, mais aussi au moyen d&rsquo;exp\u00e9rimentations concr\u00e8tes, ces chercheurs du D\u00e9partement de physique de l&rsquo;Universit\u00e9 de Fribourg, d\u00e9veloppent et \u00e9tudient des mat\u00e9riaux qui, dans un avenir proche, pourraient rel\u00e9guer la micro\u00e9lectronique dans les oubliettes de l&rsquo;histoire. <\/strong><\/h4>\n<p><strong><div class=\"clear\" style=\"height:20px\"><\/div><\/strong><\/p>\n<p><iframe loading=\"lazy\" src=\"https:\/\/www.youtube.com\/embed\/YQu87vop-6E\" width=\"560\" height=\"315\" frameborder=\"0\" allowfullscreen=\"allowfullscreen\"><\/iframe><\/p>\n<div class=\"clear\" style=\"height:20px\"><\/div>\n<p><span style=\"color: #ff6600;\">__________<\/span><\/p>\n<div class=\"clear\" style=\"height:20px\"><\/div>\n<ul>\n<li><a href=\"https:\/\/www3.unifr.ch\/phys\/en\/research\/groups\/scheffold\/\" target=\"_blank\" rel=\"noopener noreferrer\">Groupe <\/a>du Professeur Frank Scheffold<\/li>\n<\/ul>\n<div class=\"clear\" style=\"height:20px\"><\/div>\n<div class=\"clear\" style=\"height:20px\"><\/div>\n","protected":false},"excerpt":{"rendered":"<p>Depuis plus de 15 ans, le Professeur Frank Scheffold et son \u00e9quipe explorent les propri\u00e9t\u00e9s optiques de la mati\u00e8re molle. A l&rsquo;aide de mod\u00e9lisations informatiques, mais aussi au moyen d&rsquo;exp\u00e9rimentations concr\u00e8tes, ces chercheurs du D\u00e9partement de physique de l&rsquo;Universit\u00e9 de Fribourg, d\u00e9veloppent et \u00e9tudient des mat\u00e9riaux qui, dans un avenir proche, pourraient rel\u00e9guer la micro\u00e9lectronique dans les oubliettes de l&rsquo;histoire. __________ Groupe du Professeur Frank Scheffold<\/p>\n","protected":false},"author":13,"featured_media":12844,"comment_status":"open","ping_status":"closed","sticky":false,"template":"","format":"standard","meta":{"footnotes":""},"categories":[109,113],"tags":[1369,1370,1371,1113,1372,1373],"_links":{"self":[{"href":"https:\/\/www.unifr.ch\/alma-georges\/wp-json\/wp\/v2\/posts\/12854"}],"collection":[{"href":"https:\/\/www.unifr.ch\/alma-georges\/wp-json\/wp\/v2\/posts"}],"about":[{"href":"https:\/\/www.unifr.ch\/alma-georges\/wp-json\/wp\/v2\/types\/post"}],"author":[{"embeddable":true,"href":"https:\/\/www.unifr.ch\/alma-georges\/wp-json\/wp\/v2\/users\/13"}],"replies":[{"embeddable":true,"href":"https:\/\/www.unifr.ch\/alma-georges\/wp-json\/wp\/v2\/comments?post=12854"}],"version-history":[{"count":1,"href":"https:\/\/www.unifr.ch\/alma-georges\/wp-json\/wp\/v2\/posts\/12854\/revisions"}],"predecessor-version":[{"id":12855,"href":"https:\/\/www.unifr.ch\/alma-georges\/wp-json\/wp\/v2\/posts\/12854\/revisions\/12855"}],"wp:featuredmedia":[{"embeddable":true,"href":"https:\/\/www.unifr.ch\/alma-georges\/wp-json\/wp\/v2\/media\/12844"}],"wp:attachment":[{"href":"https:\/\/www.unifr.ch\/alma-georges\/wp-json\/wp\/v2\/media?parent=12854"}],"wp:term":[{"taxonomy":"category","embeddable":true,"href":"https:\/\/www.unifr.ch\/alma-georges\/wp-json\/wp\/v2\/categories?post=12854"},{"taxonomy":"post_tag","embeddable":true,"href":"https:\/\/www.unifr.ch\/alma-georges\/wp-json\/wp\/v2\/tags?post=12854"}],"curies":[{"name":"wp","href":"https:\/\/api.w.org\/{rel}","templated":true}]}}