{"id":12720,"date":"2020-12-22T06:00:10","date_gmt":"2020-12-22T05:00:10","guid":{"rendered":"https:\/\/www3.unifr.ch\/alma-georges?p=12720"},"modified":"2020-12-21T10:28:56","modified_gmt":"2020-12-21T09:28:56","slug":"calendrier-de-lavent-2020-22-letincelle-de-daria-prati-et-daniel-wynistorf","status":"publish","type":"post","link":"https:\/\/www.unifr.ch\/alma-georges\/articles\/2020\/calendrier-de-lavent-2020-22-letincelle-de-daria-prati-et-daniel-wynistorf","title":{"rendered":"Calendrier de l\u2019avent 2020 #22 \u2013 L\u2019\u00e9tincelle de Daria Prati et Daniel Wynistorf"},"content":{"rendered":"<h4><strong>Du 1<sup>er<\/sup> au 24 d\u00e9cembre un membre de la communaut\u00e9 universitaire vous offre ses mots, un texte, un conte, un po\u00e8me, une pens\u00e9e qui l\u2019a touch\u00e9, \u00e9mu, fait rire ou r\u00e9fl\u00e9chir. Ouvrez la porte, aujourd\u2019hui c\u2019est Daria Prati et Daniel Wynistorf qui frappent.<\/strong><\/h4>\n<div class=\"clear\" style=\"height:20px\"><\/div>\n<div class=\"clear\">\n<div class=\"clear\">\n<div class=\"clear\">\n<div><iframe loading=\"lazy\" src=\"https:\/\/tube.switch.ch\/embed\/fad0e18a\" width=\"640\" height=\"360\" frameborder=\"0\" allowfullscreen=\"allowfullscreen\"><\/iframe><\/div>\n<div>\n<div class=\"clear\" style=\"height:20px\"><\/div>\nLa contribution toute particuli\u00e8re de ce 22 d\u00e9cembre est \u00e0 l&rsquo;image humaine et proche de notre universit\u00e9. Elle r\u00e9sume aussi parfaitement l&rsquo;objectif que poursuit <em>Alma&amp;Georges<\/em> toute l&rsquo;ann\u00e9e: vous faire d\u00e9couvrir les personnalit\u00e9s et les talents de notre institution et, parfois, leur donner le liant pour collaborer. D\u00e9couvrez les dessins de <a href=\"https:\/\/www3.unifr.ch\/directory\/fr\/people\/5025\/d6ebf\" target=\"_blank\" rel=\"noopener noreferrer\">Daniel Wynistorf<\/a> et la voix de Daria Prati, \u00e9tudiante en psychologie, sur les paroles de \u00abMarco Polo\u00bb de Jovanotti.<\/p>\n<div><div class=\"clear\" style=\"height:20px\"><\/div><\/div>\n<div><div class=\"clear\" style=\"height:20px\"><\/div><\/div>\n<\/div>\n<\/div>\n<div><\/div>\n<\/div>\n<\/div>\n","protected":false},"excerpt":{"rendered":"<p>Du 1er au 24 d\u00e9cembre un membre de la communaut\u00e9 universitaire vous offre ses mots, un texte, un conte, un po\u00e8me, une pens\u00e9e qui l\u2019a touch\u00e9, \u00e9mu, fait rire ou r\u00e9fl\u00e9chir. Ouvrez la porte, aujourd\u2019hui c\u2019est Daria Prati et Daniel Wynistorf qui frappent. La contribution toute particuli\u00e8re de ce 22 d\u00e9cembre est \u00e0 l&rsquo;image humaine et proche de notre universit\u00e9. Elle r\u00e9sume aussi parfaitement l&rsquo;objectif que poursuit Alma&amp;Georges toute l&rsquo;ann\u00e9e: vous faire d\u00e9couvrir les personnalit\u00e9s et les talents de notre institution et, parfois, leur donner le liant pour collaborer. D\u00e9couvrez les dessins de Daniel Wynistorf et la voix de Daria<\/p>\n","protected":false},"author":6,"featured_media":12286,"comment_status":"open","ping_status":"closed","sticky":true,"template":"","format":"standard","meta":{"footnotes":""},"categories":[89,85,75],"tags":[228],"_links":{"self":[{"href":"https:\/\/www.unifr.ch\/alma-georges\/wp-json\/wp\/v2\/posts\/12720"}],"collection":[{"href":"https:\/\/www.unifr.ch\/alma-georges\/wp-json\/wp\/v2\/posts"}],"about":[{"href":"https:\/\/www.unifr.ch\/alma-georges\/wp-json\/wp\/v2\/types\/post"}],"author":[{"embeddable":true,"href":"https:\/\/www.unifr.ch\/alma-georges\/wp-json\/wp\/v2\/users\/6"}],"replies":[{"embeddable":true,"href":"https:\/\/www.unifr.ch\/alma-georges\/wp-json\/wp\/v2\/comments?post=12720"}],"version-history":[{"count":6,"href":"https:\/\/www.unifr.ch\/alma-georges\/wp-json\/wp\/v2\/posts\/12720\/revisions"}],"predecessor-version":[{"id":12727,"href":"https:\/\/www.unifr.ch\/alma-georges\/wp-json\/wp\/v2\/posts\/12720\/revisions\/12727"}],"wp:featuredmedia":[{"embeddable":true,"href":"https:\/\/www.unifr.ch\/alma-georges\/wp-json\/wp\/v2\/media\/12286"}],"wp:attachment":[{"href":"https:\/\/www.unifr.ch\/alma-georges\/wp-json\/wp\/v2\/media?parent=12720"}],"wp:term":[{"taxonomy":"category","embeddable":true,"href":"https:\/\/www.unifr.ch\/alma-georges\/wp-json\/wp\/v2\/categories?post=12720"},{"taxonomy":"post_tag","embeddable":true,"href":"https:\/\/www.unifr.ch\/alma-georges\/wp-json\/wp\/v2\/tags?post=12720"}],"curies":[{"name":"wp","href":"https:\/\/api.w.org\/{rel}","templated":true}]}}